{"id":10331,"date":"2009-06-20T00:38:08","date_gmt":"2009-06-19T21:38:08","guid":{"rendered":"http:\/\/www.korhanyilmaz.com\/?p=10331"},"modified":"2009-06-20T00:38:08","modified_gmt":"2009-06-19T21:38:08","slug":"avukatlari-da-ayni","status":"publish","type":"post","link":"http:\/\/www.korhanyilmaz.com\/?p=10331","title":{"rendered":"Avukatlar\u0131 da ayn\u0131&#8230;"},"content":{"rendered":"<p><img loading=\"lazy\" decoding=\"async\" class=\"aligncenter size-full wp-image-10332\" src=\"http:\/\/www.korhanyilmaz.com\/wp-content\/uploads\/2009\/06\/2009-06-20_072654.jpg\" alt=\"\" width=\"320\" height=\"214\" \/><\/p>\n<p style=\"text-align: justify;\">RT\u00dcK Ba\u015fkan\u0131 Zahit Akman\u2019\u0131n avukat\u0131 Hakan Y\u0131ld\u0131z, ayn\u0131 zamanda Kanal 7\u2019nin ve Zekeriya Karaman\u2019\u0131n da avukat\u0131 \u00e7\u0131kt\u0131. Akman ve Karaman\u2019\u0131n mal varl\u0131klar\u0131na tedbir konulmu\u015ftu.<\/p>\n<p style=\"text-align: justify;\"><span style=\"color: #888888;\">ANKARA &#8211; <\/span>RT\u00dcK Ba\u015fkan\u0131 Zahit Akman\u2019\u0131n avukat\u0131 Hakan Y\u0131ld\u0131z, ayn\u0131 zamanda Kanal 7\u2019nin ve Zekeriya Karaman\u2019\u0131n da avukat\u0131 \u00e7\u0131kt\u0131. Deniz Feneri yolsuzlu\u011funda ad\u0131 s\u0131k\u00e7a ge\u00e7en Kanal 7\u2019nin avukatl\u0131\u011f\u0131n\u0131 yapan Hakan Y\u0131ld\u0131z, bir s\u00fcre \u00f6nce de Zahit Akman\u2019\u0131n avukatl\u0131\u011f\u0131n\u0131 \u00fcstlendi.<\/p>\n<p style=\"text-align: justify;\">Hakan Y\u0131ld\u0131z bir s\u00fcre \u00f6nce CHP Genel Ba\u015fkan\u0131 Deniz Baykal hakk\u0131nda da Kanal 7 ad\u0131na dava a\u00e7m\u0131\u015ft\u0131. Baykal, 21 Mart 2009 g\u00fcn\u00fc bir konu\u015fmas\u0131nda \u2018\u2019Kanal 7\u2019nin, Deniz Feneri Derne\u011finin paralar\u0131yla kuruldu\u011funu\u201d s\u00f6ylemi\u015fti. Bunun \u00fczerine Kanal 7 Y\u00f6netim Kurulu Ba\u015fkan\u0131 Zekeriya Karaman\u2019\u0131n ve Kanal 7\u2019nin maddi-manevi zarara u\u011frad\u0131\u011f\u0131n\u0131 belirten Avukat Y\u0131ld\u0131z,  Baykal hakk\u0131nda \u2018\u2019\u0130ftira\u2019\u2019 gerek\u00e7esiyle ceza davas\u0131 a\u00e7\u0131lmas\u0131n\u0131 istemi\u015fti. <!--more--><\/p>\n<p style=\"text-align: justify;\"><strong>\u00dcLKE TV\u2019N\u0130N DE AVUKATI<\/strong><\/p>\n<p style=\"text-align: justify;\">Avukat Y\u0131ld\u0131z, CHP Grup Ba\u015fkanvekili Kemal K\u0131l\u0131\u00e7daro\u011flu\u2019nun hakk\u0131nda yay\u0131nlanan bir haberde &#8220;Ki\u015filik haklar\u0131na sald\u0131r\u0131da bulunuldu\u011fu&#8221; gerek\u00e7esiyle \u00dclke TV aleyhinde a\u00e7\u0131lan davada da \u00dclke TV\u2019nin avukatl\u0131\u011f\u0131n\u0131 yapm\u0131\u015ft\u0131. Bu davada K\u0131l\u0131\u00e7daro\u011flu 12 bin lira tazminat kazanm\u0131\u015ft\u0131. \u00dclke TV\u2019de, Kanal 7 grubuna ait \u015firket b\u00fcnyesinde faaliyet g\u00f6steriyor.<\/p>\n<p style=\"text-align: justify;\">Deniz Feneri ba\u011flant\u0131l\u0131 soru\u015fturma kapsam\u0131nda, adlar\u0131 ge\u00e7en RT\u00dcK Ba\u015fkan\u0131 Zahid Akman ile Kanal 7 y\u00f6netim kurulu ba\u015fkan\u0131 Zekeriya Karaman&#8217;\u0131n da aralar\u0131nda bulundu\u011fu 18 ki\u015finin mal varl\u0131klar\u0131na bir s\u00fcre \u00f6nce tedbir konulmu\u015ftu.<\/p>\n<p style=\"text-align: justify;\"><span style=\"color: #888888;\">Kaynak : Gazeteport<\/span><\/p>\n","protected":false},"excerpt":{"rendered":"<\/p>\n<p style=\"text-align: justify;\">RT\u00dcK Ba\u015fkan\u0131 Zahit Akman\u2019\u0131n avukat\u0131 Hakan Y\u0131ld\u0131z, ayn\u0131 zamanda Kanal 7\u2019nin ve Zekeriya Karaman\u2019\u0131n da avukat\u0131 \u00e7\u0131kt\u0131. Akman ve Karaman\u2019\u0131n mal varl\u0131klar\u0131na tedbir konulmu\u015ftu.<\/p>\n<p style=\"text-align: justify;\">ANKARA &#8211; RT\u00dcK Ba\u015fkan\u0131 Zahit Akman\u2019\u0131n avukat\u0131 Hakan Y\u0131ld\u0131z, ayn\u0131 zamanda Kanal 7\u2019nin ve Zekeriya Karaman\u2019\u0131n da avukat\u0131 \u00e7\u0131kt\u0131. Deniz Feneri yolsuzlu\u011funda ad\u0131 s\u0131k\u00e7a ge\u00e7en Kanal <\/p>\n","protected":false},"author":1,"featured_media":0,"comment_status":"open","ping_status":"closed","sticky":false,"template":"","format":"standard","meta":{"footnotes":""},"categories":[105],"tags":[],"class_list":["post-10331","post","type-post","status-publish","format-standard","hentry","category-gundem","odd"],"_links":{"self":[{"href":"http:\/\/www.korhanyilmaz.com\/index.php?rest_route=\/wp\/v2\/posts\/10331","targetHints":{"allow":["GET"]}}],"collection":[{"href":"http:\/\/www.korhanyilmaz.com\/index.php?rest_route=\/wp\/v2\/posts"}],"about":[{"href":"http:\/\/www.korhanyilmaz.com\/index.php?rest_route=\/wp\/v2\/types\/post"}],"author":[{"embeddable":true,"href":"http:\/\/www.korhanyilmaz.com\/index.php?rest_route=\/wp\/v2\/users\/1"}],"replies":[{"embeddable":true,"href":"http:\/\/www.korhanyilmaz.com\/index.php?rest_route=%2Fwp%2Fv2%2Fcomments&post=10331"}],"version-history":[{"count":0,"href":"http:\/\/www.korhanyilmaz.com\/index.php?rest_route=\/wp\/v2\/posts\/10331\/revisions"}],"wp:attachment":[{"href":"http:\/\/www.korhanyilmaz.com\/index.php?rest_route=%2Fwp%2Fv2%2Fmedia&parent=10331"}],"wp:term":[{"taxonomy":"category","embeddable":true,"href":"http:\/\/www.korhanyilmaz.com\/index.php?rest_route=%2Fwp%2Fv2%2Fcategories&post=10331"},{"taxonomy":"post_tag","embeddable":true,"href":"http:\/\/www.korhanyilmaz.com\/index.php?rest_route=%2Fwp%2Fv2%2Ftags&post=10331"}],"curies":[{"name":"wp","href":"https:\/\/api.w.org\/{rel}","templated":true}]}}