{"id":10327,"date":"2009-06-19T16:17:24","date_gmt":"2009-06-19T13:17:24","guid":{"rendered":"http:\/\/www.korhanyilmaz.com\/?p=10327"},"modified":"2009-06-19T16:17:24","modified_gmt":"2009-06-19T13:17:24","slug":"%e2%80%98evet-biz-de-yapabiliriz%e2%80%99","status":"publish","type":"post","link":"http:\/\/www.korhanyilmaz.com\/?p=10327","title":{"rendered":"\u2018Evet biz de yapabiliriz\u2019"},"content":{"rendered":"<p><img loading=\"lazy\" decoding=\"async\" class=\"aligncenter size-full wp-image-10328\" src=\"http:\/\/www.korhanyilmaz.com\/wp-content\/uploads\/2009\/06\/200620090207477482236.jpg\" alt=\"\" width=\"320\" height=\"100\" \/><\/p>\n<p style=\"text-align: justify;\"><strong>Bolu Valisi Halil \u0130brahim Akp\u0131nar, &#8220;demokratik hayat\u0131m\u0131za tecav\u00fcz eden darbecileri yarg\u0131lay\u0131p hesap soramad\u0131k&#8221; dedi.<\/strong><\/p>\n<p style=\"text-align: justify;\">&#8220;AKP ve G\u00fclen\u2019i bitirme plan\u0131&#8221;n\u0131 ima ederek, &#8220;Halk\u0131n iradesine kar\u015f\u0131 plan yapmaktan ne usan\u0131yorlar ne de utan\u0131yorlar&#8221; diyen Akp\u0131nar, Fethullah G\u00fclen\u2019e yak\u0131nl\u0131\u011f\u0131yla tan\u0131nan Gazeteciler ve Yazarlar Vakf\u0131\u2019nca d\u00fczenlenen Abant Platformu\u2019nun d\u00fcnk\u00fc a\u00e7\u0131l\u0131\u015f\u0131nda \u015funlar\u0131 s\u00f6yledi:<\/p>\n<p style=\"text-align: justify;\"><strong>Darbeci anayasa<\/strong><\/p>\n<p style=\"text-align: justify;\">Bug\u00fcn demokratik hayat\u0131m\u0131z\u0131n \u00f6n\u00fcndeki en b\u00fcy\u00fck engel hi\u00e7 \u015f\u00fcphesiz darbeci generallerin anayasas\u0131d\u0131r. Askeri g\u00fc\u00e7, y\u00fcr\u00fctmesi ve yarg\u0131s\u0131yla paralel bi\u00e7imde \u00f6rg\u00fctlenmi\u015ftir ve adeta ba\u011f\u0131ms\u0131zd\u0131r. Jakoben b\u00fcrokrasi, h\u00fck\u00fcmeti amiri gibi de\u011fil de bay\u0131nd\u0131rl\u0131k hizmetleri yapan, memur istihdam eden, harcamalar\u0131na kaynak bulan, b\u00fct\u00e7elemesini yapan muhasebe m\u00fcd\u00fcr\u00fc gibi g\u00f6rmektedir. Ne kadar para harcarsa harcas\u0131n bunun hesab\u0131n\u0131n sorulmas\u0131ndan da pek ho\u015flanmamaktad\u0131r. <!--more--><\/p>\n<p style=\"text-align: justify;\">Aradan ge\u00e7en uzun y\u0131llara ra\u011fmen, zaten pek de iyi olmayan demokratik hayat\u0131m\u0131za tecav\u00fcz eden darbecileri yarg\u0131layamad\u0131k, bu millete reva g\u00f6rd\u00fckleri yarg\u0131s\u0131z infazlar\u0131n, i\u015fkence ve k\u00f6t\u00fc muamelelerin hesab\u0131n\u0131 soramad\u0131k. D\u00fczmece yarg\u0131lama sonucu katlettikleri ba\u015fbakan ve iki bakan\u0131n ac\u0131s\u0131n\u0131 bile y\u00fcre\u011fimize g\u00f6md\u00fck.<\/p>\n<p style=\"text-align: justify;\"><strong>Pol Pot \u00f6zlemi<\/strong><\/p>\n<p style=\"text-align: justify;\">\u00dclkemizde halk\u0131n iradesini bir t\u00fcrl\u00fc i\u00e7ine sindiremeyen ki\u015fi ve gruplar, i\u00e7inde bulundu\u011fumuz d\u00f6nemde bile hala Baas rejimi ya da bir \u00e7e\u015fit Pol Pot rejimi \u00f6zlemiyle h\u00fck\u00fcmeti devirmeyi, binlerce ki\u015fiyi yok etmeyi planl\u0131yor. Bu ki\u015fi ve gruplar, halk\u0131n iradesine kar\u015f\u0131 plan yapmaktan ne usan\u0131yorlar ne de utan\u0131yorlar. Her t\u00fcrl\u00fc kanunsuz, ahlaka mugayir yol ve y\u00f6ntemi kullanmakta bir sak\u0131nca g\u00f6rm\u00fcyorlar. \u00dcstelik ge\u00e7mi\u015fte bu i\u015fleri yapm\u0131\u015f olanlar\u0131n cezaland\u0131r\u0131lmas\u0131 bir yana \u00f6d\u00fcllendirilmi\u015f olmalar\u0131 bu gibi ki\u015fileri te\u015fvik ediyor. \u00dclkemizi jakoben b\u00fcrokrasinin pa\u015fa g\u00f6nl\u00fcnden koptu\u011fu kadar de\u011fil, sonuna kadar demokrasiye kavu\u015ftural\u0131m.&#8221;<\/p>\n<p style=\"text-align: justify;\"><strong>Ar\u0131n\u00e7 kutlad\u0131<\/strong><\/p>\n<p style=\"text-align: justify;\"><strong>ABD Ba\u015fkan\u0131 Obama\u2019n\u0131n se\u00e7im slogan\u0131 &#8220;Yes, we can&#8221; (evet yapabiliriz)<\/strong> diyen Akp\u0131nar b\u00fcy\u00fck alk\u0131\u015f al\u0131rken, Ba\u015fbakan Yard\u0131mc\u0131s\u0131 B\u00fclent Ar\u0131n\u00e7 da, &#8220;Art\u0131k T\u00fcrkiye\u2019de okuyan, inceleyen, ara\u015ft\u0131ran, fikir sahibi, fikrini de cesaretle ifade eden devletin valileri var&#8221; diyerek kutlad\u0131.<\/p>\n<p style=\"text-align: justify;\"><span style=\"color: #888888;\">(H\u00fcrriyet)<\/span><\/p>\n","protected":false},"excerpt":{"rendered":"<\/p>\n<p style=\"text-align: justify;\">Bolu Valisi Halil \u0130brahim Akp\u0131nar, &#8220;demokratik hayat\u0131m\u0131za tecav\u00fcz eden darbecileri yarg\u0131lay\u0131p hesap soramad\u0131k&#8221; dedi.<\/p>\n<p style=\"text-align: justify;\">&#8220;AKP ve G\u00fclen\u2019i bitirme plan\u0131&#8221;n\u0131 ima ederek, &#8220;Halk\u0131n iradesine kar\u015f\u0131 plan yapmaktan ne usan\u0131yorlar ne de utan\u0131yorlar&#8221; diyen Akp\u0131nar, Fethullah G\u00fclen\u2019e yak\u0131nl\u0131\u011f\u0131yla tan\u0131nan Gazeteciler ve Yazarlar Vakf\u0131\u2019nca d\u00fczenlenen Abant Platformu\u2019nun d\u00fcnk\u00fc a\u00e7\u0131l\u0131\u015f\u0131nda \u015funlar\u0131 s\u00f6yledi:<\/p>\n<p style=\"text-align:  \n\n","protected":false},"author":1,"featured_media":0,"comment_status":"open","ping_status":"closed","sticky":false,"template":"","format":"standard","meta":{"footnotes":""},"categories":[105],"tags":[],"class_list":["post-10327","post","type-post","status-publish","format-standard","hentry","category-gundem","odd"],"_links":{"self":[{"href":"http:\/\/www.korhanyilmaz.com\/index.php?rest_route=\/wp\/v2\/posts\/10327","targetHints":{"allow":["GET"]}}],"collection":[{"href":"http:\/\/www.korhanyilmaz.com\/index.php?rest_route=\/wp\/v2\/posts"}],"about":[{"href":"http:\/\/www.korhanyilmaz.com\/index.php?rest_route=\/wp\/v2\/types\/post"}],"author":[{"embeddable":true,"href":"http:\/\/www.korhanyilmaz.com\/index.php?rest_route=\/wp\/v2\/users\/1"}],"replies":[{"embeddable":true,"href":"http:\/\/www.korhanyilmaz.com\/index.php?rest_route=%2Fwp%2Fv2%2Fcomments&post=10327"}],"version-history":[{"count":0,"href":"http:\/\/www.korhanyilmaz.com\/index.php?rest_route=\/wp\/v2\/posts\/10327\/revisions"}],"wp:attachment":[{"href":"http:\/\/www.korhanyilmaz.com\/index.php?rest_route=%2Fwp%2Fv2%2Fmedia&parent=10327"}],"wp:term":[{"taxonomy":"category","embeddable":true,"href":"http:\/\/www.korhanyilmaz.com\/index.php?rest_route=%2Fwp%2Fv2%2Fcategories&post=10327"},{"taxonomy":"post_tag","embeddable":true,"href":"http:\/\/www.korhanyilmaz.com\/index.php?rest_route=%2Fwp%2Fv2%2Ftags&post=10327"}],"curies":[{"name":"wp","href":"https:\/\/api.w.org\/{rel}","templated":true}]}}