{"id":10319,"date":"2009-06-19T14:55:20","date_gmt":"2009-06-19T12:55:20","guid":{"rendered":"http:\/\/www.korhanyilmaz.com\/?p=10319"},"modified":"2009-06-19T14:55:20","modified_gmt":"2009-06-19T12:55:20","slug":"10319","status":"publish","type":"post","link":"http:\/\/www.korhanyilmaz.com\/?p=10319","title":{"rendered":"Abant&#039;ta g\u00fcndem belge"},"content":{"rendered":"<p style=\"text-align: center;\"><img loading=\"lazy\" decoding=\"async\" class=\"aligncenter size-full wp-image-10321\" src=\"http:\/\/www.korhanyilmaz.com\/wp-content\/uploads\/2009\/06\/gp_4840702.jpg\" alt=\"\" width=\"298\" height=\"200\" \/><\/p>\n<p style=\"text-align: justify;\">Abant Platformu&#8217;nun Abant Palace Otel&#8217;de ba\u015flayan &#8221;Demokratikle\u015fme: 12 Eyl\u00fclden AB&#8217;ye Siyasi Partiler&#8221; konulu bu y\u0131lki ikinci toplant\u0131s\u0131na belge tart\u0131\u015fmalar\u0131 damgas\u0131n\u0131 vurdu. Ba\u015fbakan Yard\u0131mc\u0131s\u0131 B\u00fclent Ar\u0131n\u00e7, Ergenekon&#8217;a bula\u015fm\u0131\u015f komutanlar i\u00e7in s\u00f6yledi\u011fi, &#8220;\u015e\u00fck\u00fcr ki bu komutanlarla sava\u015fa girmemi\u015fiz&#8221; s\u00f6zlerinin belgeyle do\u011fruland\u0131\u011f\u0131n\u0131 iddia etti.<\/p>\n<p style=\"text-align: justify;\"><span style=\"color: #888888;\">ABANT &#8211; <\/span>Devlet Bakan\u0131 ve Ba\u015fbakan Yard\u0131mc\u0131s\u0131 B\u00fclent Ar\u0131n\u00e7, T\u00fcrkiye&#8217;nin 2010 y\u0131l\u0131na yakla\u015f\u0131lan bir zamanda halen bir yerlerde elde edilen imzal\u0131 belgeleri tart\u0131\u015fmas\u0131n\u0131n utan\u00e7 verici oldu\u011funu ifade ederek, &#8221;Biz buna m\u00fcstahak de\u011filiz. Biz bundan \u00e7ok da ho\u015flanm\u0131yoruz, bundan dolay\u0131 \u00fcz\u00fcl\u00fcyoruz ve utan\u0131yoruz. Bu, halk\u0131n iradesine kar\u015f\u0131, halk\u0131n se\u00e7imine, Anayasa&#8217;ya, demokrasiye kar\u015f\u0131 b\u00fcy\u00fck bir ihanetten ba\u015fka bir \u015fey de\u011fildir&#8221; dedi.<\/p>\n<p style=\"text-align: justify;\">Abant Platformu&#8217;nun &#8221;Demokratikle\u015fme: 12 Eyl\u00fcl&#8217;den AB&#8217;ye Siyasi Partiler&#8221; konulu bu y\u0131lki ikinci toplant\u0131s\u0131 Bolu&#8217;nun do\u011fal g\u00fczellikleriyle \u00fcnl\u00fc, tabiat park\u0131 Abant&#8217;taki Abant Palace Otel&#8217;de ba\u015flad\u0131. <!--more--><\/p>\n<p style=\"text-align: justify;\">Toplant\u0131n\u0131n a\u00e7\u0131l\u0131\u015f\u0131nda konu\u015fan Devlet Bakan\u0131 ve Ba\u015fbakan Yard\u0131mc\u0131s\u0131 B\u00fclent Ar\u0131n\u00e7, Abant Platformu&#8217;nun toplant\u0131lar\u0131na 15 y\u0131ldan bu yana f\u0131rsat bulduk\u00e7a kat\u0131lmaya \u00e7al\u0131\u015ft\u0131\u011f\u0131n\u0131 belirterek, &#8221;Abant Platformu&#8217;nu \u00f6nemsiyorum, b\u00fct\u00fcn \u00f6ncelikleri T\u00fcrkiye&#8217;dir, milletimizdir, \u00f6zg\u00fcrl\u00fcklerdir, demokratikle\u015fmedir, T\u00fcrkiye&#8217;de insanlar\u0131n refah d\u00fczeyi daha y\u00fcksek bir toplumda ya\u015famas\u0131d\u0131r, hukuk ve demokrasi standard\u0131n\u0131n y\u00fckselmesidir&#8221; dedi.<\/p>\n<p style=\"text-align: justify;\">T\u00fcrkiye&#8217;nin bir m\u00fccadele i\u00e7inde oldu\u011funu, daha \u00e7ok demokrasi, \u00f6zg\u00fcrl\u00fck istedi\u011fini belirten Ar\u0131n\u00e7, halk\u0131n elde ettiklerinin k\u0131ymetini bildi\u011fini ve daha fazlas\u0131n\u0131 istedi\u011fini, T\u00fcrkiye&#8217;yi geriye d\u00f6nd\u00fcrmeye \u00e7al\u0131\u015fan, sivil iradenin \u00f6n\u00fcne engeller koymaya \u00e7al\u0131\u015fanlar\u0131n gayretlerine de prim vermeyen bir yap\u0131ya b\u00fcr\u00fcnd\u00fc\u011f\u00fcn\u00fc kaydetti.<\/p>\n<p style=\"text-align: justify;\">T\u00fcrkiye&#8217;nin zorlu bir s\u00fcrecin i\u00e7erisinde oldu\u011funu ve AB&#8217;ye tam \u00fcyelik i\u00e7in m\u00fczakereler y\u00fcr\u00fctt\u00fc\u011f\u00fcn\u00fc ifade eden Ar\u0131n\u00e7, AB&#8217;nin temsil etti\u011fi hukuk ve demokrasi standard\u0131n\u0131 yakalamak i\u00e7in son d\u00f6nemde bir\u00e7ok anayasal ve yasal de\u011fi\u015fiklikler yap\u0131ld\u0131\u011f\u0131n\u0131, bu de\u011fi\u015fikliklerin AB istedi\u011fi i\u00e7in de\u011fil, T\u00fcrk halk\u0131n\u0131n refah\u0131, huzuru, mutlulu\u011fu i\u00e7in yap\u0131ld\u0131\u011f\u0131n\u0131 s\u00f6yledi.<\/p>\n<p style=\"text-align: justify;\">Toplant\u0131da konu\u015fan Ba\u015fbakan Yard\u0131mc\u0131s\u0131 B\u00fclent Ar\u0131n\u00e7, askerin siyasetle ilgisi \u00fczerine ge\u00e7mi\u015fte s\u00f6yledi\u011fi &#8220;\u015e\u00fck\u00fcr ki bu komutanlarla sava\u015fa girmemi\u015fiz&#8221; s\u00f6zlerini hat\u0131rlatt\u0131 ve T\u00fcrkiye&#8217;deki demokratikle\u015fmenin \u00e7ok daha s\u00fcratli, g\u00fc\u00e7l\u00fc olmas\u0131 gerekti\u011fini ancak bunun istenilen seviyede ger\u00e7ekle\u015fmedi\u011fini s\u00f6yledi.<\/p>\n<p style=\"text-align: justify;\"><strong>Ar\u0131n\u00e7, s\u00f6zlerini \u015f\u00f6yle s\u00fcrd\u00fcrd\u00fc:<\/strong><\/p>\n<p style=\"text-align: justify;\">&#8221;Ben 35 y\u0131ldan beri siyasetin i\u00e7inde olan bir insan\u0131m. 1985 y\u0131l\u0131nda \u0130zmir&#8217;de bir siyasi parti gecesinde 1,5 saatlik konu\u015fma yapt\u0131m. Devlet G\u00fcvenlik Mahkemesi, ertesi g\u00fcn bu konu\u015fmamdaki sadece bir c\u00fcmle sebebiyle hakk\u0131mda T\u00fcrk Ceza Kanunu 163. maddeye ayk\u0131r\u0131l\u0131ktan dava a\u00e7t\u0131. 1940&#8217;l\u0131 y\u0131llar\u0131n sonunda T\u00fcrk Ceza Kanunu&#8217;na giren \u00e7ok me\u015fhur bir maddedir 163. madde. Bu maddenin 4 f\u0131kras\u0131 vard\u0131, her f\u0131kras\u0131 &#8216;laikli\u011fe ayk\u0131r\u0131 olmak&#8230;&#8217; diye ba\u015flard\u0131. Bundan dolay\u0131 o bir c\u00fcmle ile yarg\u0131land\u0131m. \u00c7ok b\u00fcy\u00fck bir s\u00fcratle ikinci celse 4 sene 2 ay a\u011f\u0131r hapis cezas\u0131 ve 1,5 y\u0131l Eski\u015fehir&#8217;de s\u00fcrg\u00fcn cezas\u0131 ald\u0131m. Yarg\u0131tay&#8217;a gitti, belli bir inceleme sonunda bu bozuldu. Tekrar \u0130zmir DGM&#8217;ye geldi, mahkeme direndi. Yarg\u0131tay Ceza Genel Kurulu da karar\u0131 bozunca beni mecburen beraat ettirdiler. Ben bununla ilgili olarak 20 y\u0131ll\u0131k bir s\u00fcre\u00e7 ya\u015fad\u0131m. Benim mahkum edilmeme yol a\u00e7an 163. madde 1991&#8217;de rahmetli \u00d6zal&#8217;\u0131n giri\u015fimiyle Ceza Kanunu&#8217;ndan \u00e7\u0131kar\u0131ld\u0131. 163, 141, 142. maddelerinin kald\u0131r\u0131lmas\u0131 s\u0131ras\u0131nda &#8216;olmaz, kalkmaz, T\u00fcrkiye birbirine girer, \u015feriat gelir&#8217; tart\u0131\u015fmalar\u0131 ya\u015fand\u0131. Ama 40 y\u0131ll\u0131k bir s\u00fcre\u00e7ten sonra bu maddeler kalkt\u0131. Bu maddeler kalk\u0131nca ba\u015fka s\u00fcbaplar geldi. Bu sefer Ter\u00f6rle M\u00fccadele Yasas\u0131 icat edildi, yarg\u0131lamalar ona g\u00f6re yap\u0131ld\u0131. Sonra ondan da vazge\u00e7ildi. Bu sefer 312. madde sahneye \u00e7\u0131kt\u0131. Hemen herkes o me\u015fhur ve malum maddeden su\u00e7lanmaya, davalar a\u00e7\u0131lmaya ba\u015fland\u0131. Bu da i\u015fe yaramad\u0131, bu kez 301. madde \u00e7\u0131kt\u0131. Bu da k\u00f6t\u00fc denildi. En son ge\u00e7en sene 301. maddeyi de de\u011fi\u015ftirdik. 163. maddeden mahkum edilmeme yol a\u00e7an c\u00fcmleyi bug\u00fcn sarf etsem art\u0131k yarg\u0131lanmayaca\u011f\u0131m ama aradan 20 y\u0131ldan fazla bir zaman ge\u00e7ti. Meclis Ba\u015fkan\u0131 olduktan sonra pek \u00e7ok \u00fclkeyi ziyaret ettim. Balt\u0131k \u00fclkelerine gittim. Bu \u00fclkelerdeki d\u00f6n\u00fc\u015f\u00fcm\u00fcn \u00e7ok daha s\u00fcratli, g\u00fc\u00e7l\u00fc oldu\u011funu g\u00f6rd\u00fcm. Bu \u00fclkelerde eskiye d\u00f6n\u00fc\u015f\u00fc tamamen imkans\u0131z k\u0131lacak, bir geceden \u00f6b\u00fcr geceye baz\u0131 d\u00fczenlemeler yap\u0131ld\u0131\u011f\u0131n\u0131 g\u00f6rd\u00fcm.&#8221;<\/p>\n<p style=\"text-align: justify;\"><strong>&#8221;PARLAMENTODAK\u0130 \u00c7O\u011eUNLUK TEK BA\u015eINA YETERL\u0130 DE\u011e\u0130L&#8221;<\/strong><\/p>\n<p style=\"text-align: justify;\">&#8221;Se\u00e7ilmek, iktidara gelmek, parlamentoda \u00e7o\u011funlu\u011fu olu\u015fturmak T\u00fcrkiye&#8217;nin demokratikle\u015fmesi i\u00e7in tek ba\u015f\u0131na yeterli de\u011fil&#8221; diyen Ar\u0131n\u00e7, sadece parlamento \u00e7o\u011funlu\u011funun yeterli olmad\u0131\u011f\u0131n\u0131n Cumhurba\u015fkanl\u0131\u011f\u0131 se\u00e7imi s\u0131ras\u0131nda g\u00f6r\u00fcld\u00fc\u011f\u00fcn\u00fc vurgulad\u0131. Ar\u0131n\u00e7, &#8221;411 milletvekilinin &#8216;evet oyu&#8217; ile kabul edilen, diyelim ki yanl\u0131\u015f bir d\u00fczenlemeyi, sadece \u015fekli bak\u0131mdan incelemesi gereken y\u00fcksek yarg\u0131n\u0131n \u015fu taraftan dolanarak i\u015fin esas\u0131na girmesi \u00e7o\u011funlu\u011fun yeterli olmad\u0131\u011f\u0131n\u0131 g\u00f6steriyor&#8221; dedi.<\/p>\n<p style=\"text-align: justify;\"><strong>T\u00fcrkiye&#8217;nin demokratikle\u015fmesinde 4 ana kurumun yard\u0131mc\u0131 olmas\u0131 gerekti\u011fini kaydeden Ar\u0131n\u00e7, \u015f\u00f6yle konu\u015ftu:<\/strong><\/p>\n<p style=\"text-align: justify;\">&#8221;Demokratikle\u015fmenin o kurumlar i\u00e7inde mutlaka \u00f6z\u00fcmsenmesi, i\u00e7selle\u015ftirilmesi gerekti\u011fini d\u00fc\u015f\u00fcn\u00fcyorum. O kurumlardan bir tanesi ordudur. Ordunun mutlaka demokratikle\u015fme s\u00fcrecinde bu s\u00fcrece uygun bir yap\u0131lanma, zihniyet ve anlay\u0131\u015f i\u00e7inde olmas\u0131 laz\u0131m. \u0130kincisi mutlaka yarg\u0131n\u0131n, \u00f6zellikle y\u00fcksek yarg\u0131n\u0131n d\u00fc\u015f\u00fcnceleriyle yorumlar\u0131yla i\u00e7tihatlar\u0131yla kararlar\u0131yla demokratikle\u015fme s\u00fcrecine olumlu katk\u0131da bulunmas\u0131 laz\u0131m. \u00dc\u00e7\u00fcnc\u00fc \u00fcniversitelerdir. Her g\u00fcn Ankara&#8217;da sadece siyasi i\u00e7erikli, ideolojik ama\u00e7l\u0131 konu\u015fmalarla bir araya gelen say\u0131n rekt\u00f6rlerimiz art\u0131k kendi asli g\u00f6revlerine s\u00fcratle d\u00f6nmeli. Bilim ve Teknoloji Y\u00fcksek Kurulu toplant\u0131s\u0131na kat\u0131lm\u0131\u015ft\u0131m. Orada 30&#8217;a yak\u0131n rekt\u00f6r\u00fcm\u00fcz vard\u0131. O toplant\u0131da say\u0131n rekt\u00f6rlerin konu\u015fmalar\u0131, d\u00fc\u015f\u00fcnceleri beni \u00e7ok memnun etti. \u00dcniversiteleraras\u0131 bilmem ne kurulu diye zaman zaman bir araya gelerek, ate\u015fli nutuklarla birbirlerini alk\u0131\u015flamalarla siyasi iktidarlardan hesap sormay\u0131 kendisine g\u00f6rev olarak bilen say\u0131n rekt\u00f6rlerimiz \u00e7ok \u015f\u00fck\u00fcr gitmi\u015f, yerine bilim ve teknoloji konu\u015fan \u00e7ok de\u011ferli rekt\u00f6rlerimiz gelmi\u015f.<\/p>\n<p style=\"text-align: justify;\">22 y\u0131l ceza avukatl\u0131\u011f\u0131 yapm\u0131\u015f bir insan olarak s\u00f6yl\u00fcyorum. Hakimler \u00f6n\u00fcne gelen fikir su\u00e7lar\u0131nda, isterlerse her san\u0131\u011f\u0131 beraat ettirebilirler, yeter ki \u00f6zg\u00fcrl\u00fck\u00e7\u00fc yorum yaps\u0131nlar, yeter ki ellerindeki ceza maddesine o g\u00f6zle bakabilsinler. \u00d6ylesine cesur savc\u0131lar\u0131m\u0131z ve hakimlerimiz varm\u0131\u015f, vard\u0131r ve olacakt\u0131r ki her zaman \u00f6zg\u00fcrl\u00fck\u00e7\u00fc yorumlarla kararlar\u0131n\u0131 verebilirler. Demokratikle\u015fmenin \u00f6n\u00fcn\u00fc a\u00e7acak d\u00f6rd\u00fcnc\u00fc \u00f6nemli kurum, medyad\u0131r. Bu kurumlar\u0131n kendi i\u00e7erisinde T\u00fcrkiye&#8217;deki demokratikle\u015fme s\u00fcrecine mutlaka katk\u0131 vermesi laz\u0131m. Demokrasi ancak siyasi partilerle m\u00fcmk\u00fcnd\u00fcr, demokrasinin asli unsurlar\u0131ndan birisi de siyasi partilerdir. Her siyasi parti de\u011ferlidir, her siyasi partinin d\u00fc\u015f\u00fcnceleri de\u011ferlidir, \u00e7\u00fcnk\u00fc onlar az olsun, \u00e7ok olsun halk\u0131 temsil ediyorlar. Her siyasi partiye sayg\u0131 duyulmal\u0131d\u0131r. O var diye bir toplant\u0131ya gelmemek, o var diye s\u0131rt\u0131n\u0131 d\u00f6nmek, o elini uzatt\u0131\u011f\u0131 zaman elini kar\u015f\u0131l\u0131ks\u0131z b\u0131rakmak, o partiye bir sayg\u0131s\u0131zl\u0131k de\u011fil, onun \u015fahs\u0131nda b\u00fct\u00fcn siyasi partilere sayg\u0131s\u0131zl\u0131kt\u0131r. Siyasi partiler halk\u0131n d\u00fc\u015f\u00fcncesini temsil ediyor. Ona kar\u015f\u0131 tepeden bakmak hi\u00e7bir zaman m\u00fcmk\u00fcn olmamal\u0131d\u0131r.&#8221;<\/p>\n<p style=\"text-align: justify;\">Ar\u0131n\u00e7, T\u00fcrkiye&#8217;nin i\u00e7inde bulundu\u011fu s\u00fcre\u00e7te olumlu y\u00f6nde ilerledi\u011fini, 30 y\u0131ll\u0131k zaman i\u00e7erisinde tek ba\u015f\u0131na iktidarlar, koalisyonlar g\u00f6rd\u00fc\u011f\u00fcn\u00fc, yap\u0131lanlar\u0131n oldu\u011fu kadar yap\u0131lamayanlar\u0131n da bulundu\u011funu belirterek, &#8221;Bu zamanda, post modern darbeler, gizli a\u00e7\u0131k, gece yar\u0131s\u0131 bildirileri var. Bu 30 y\u0131l\u0131n i\u00e7inde siyasi partileri kapatma var. \u0130ktidardayken kapat\u0131lan Refah Partisi, iktidardayken kapat\u0131lmak istenen AK Parti var. Siyasi parti rejimlerinde de de\u011fi\u015fiklikler oldu. Ama bir gecede hepsi birden yap\u0131lam\u0131yor, s\u00fcre\u00e7 i\u00e7erisinde yap\u0131l\u0131yor. Al\u0131\u015ft\u0131ra al\u0131\u015ft\u0131ra, ucundan, k\u0131y\u0131s\u0131ndan, g\u00f6n\u00fcllerini yapa yapa, yumu\u015fata yumu\u015fata oluyor bunlar&#8221; diye konu\u015ftu.<\/p>\n<p style=\"text-align: justify;\"><strong>&#8221;HALKIN SE\u00c7\u0130M\u0130NE, ANAYASA&#8217;YA B\u00dcY\u00dcK B\u0130R \u0130HANETT\u0130R&#8221;<\/strong><\/p>\n<p style=\"text-align: justify;\"><strong>Anayasa Mahkemesi&#8217;nin verdi\u011fi bir kararda, &#8221;TBMM&#8217;nin kurucu iktidar\u0131 temsil etmedi\u011fi&#8221; \u015feklinde bir ifade bulundu\u011funu ifade eden Ar\u0131n\u00e7, \u015f\u00f6yle devam etti:<\/strong><\/p>\n<p style=\"text-align: justify;\">&#8221;Yeni bir anayasa yapmak istesek, Allah muhafaza yeniden bir darbeyi g\u00f6zlememiz laz\u0131m. Kurucu anayasa iktidar\u0131 yetkisine sahip ba\u015fka kurumlar g\u00f6sterilebiliyor T\u00fcrkiye&#8217;de. Bu \u015fartlar alt\u0131nda demokrasiye y\u00fcr\u00fcy\u00fc\u015f yapan bir topluluk var. T\u00fcrkiye, d\u00fcnyada d\u0131\u015f politika, d\u0131\u015f itibar a\u00e7\u0131s\u0131ndan \u00e7ok iyi bir noktaya geldi\u011fi bir d\u00f6nemde, ekonomide \u00e7ok iyi ad\u0131mlar at\u0131lan bir d\u00f6nemde. Ama biz bir yerde ele ge\u00e7irilen bir belgenin sahte mi, ger\u00e7ek mi oldu\u011fu tart\u0131\u015fmas\u0131yla u\u011fra\u015f\u0131yoruz. Bir imza var, imzan\u0131n sahibi var. Bir kesim diyor ki &#8216;bu ger\u00e7ektir, belgedir, darbe haz\u0131rl\u0131\u011f\u0131d\u0131r&#8217;, bir kesim de \u0131srarla &#8216;bu sahtedir, oraya ba\u015fkalar\u0131 taraf\u0131ndan konulmu\u015ftur&#8217; diyor. Biz 2010&#8217;a yakla\u015ft\u0131\u011f\u0131m\u0131z bir zamanda T\u00fcrkiye&#8217;de halen, bir yerlerde lahikalardan, and\u0131\u00e7lardan, fi\u015flemelerden sonra bir imzayla kar\u015f\u0131m\u0131za \u00e7\u0131kan bir belgeyi tart\u0131\u015f\u0131yoruz. Biz buna m\u00fcstahak de\u011filiz. Biz bundan \u00e7ok da ho\u015flanm\u0131yoruz, bundan dolay\u0131 \u00fcz\u00fcl\u00fcyoruz ve utan\u0131yoruz. Yeni T\u00fcrkiye&#8217;de olmamas\u0131n\u0131 arzu etti\u011fimiz, herkesin asli g\u00f6revlerini yapmaktan ba\u015fka bir \u015fey olmamas\u0131 gereken bir durumda, devam eden bir soru\u015fturma i\u00e7erisinde birisinin ofisinde ele ge\u00e7irilen ama siyasi partileri ortadan kald\u0131rmay\u0131 ama\u00e7layan bir belge var. Hedef al\u0131nan bir siyasi parti var. O siyasi parti d\u00fc\u015fman, tehlike olarak ilan ediliyor. Oradaki partinin ismini de\u011fi\u015ftirin, b\u00fct\u00fcn partilerin ad\u0131n\u0131 koyun, iktidar\u0131n ad\u0131n\u0131 de\u011fi\u015ftirin, b\u00fct\u00fcn iktidarlar\u0131n ad\u0131n\u0131 koyun. Bu halk\u0131n iradesine kar\u015f\u0131, halk\u0131n se\u00e7imine, Anayasa&#8217;ya, demokrasiye kar\u015f\u0131 b\u00fcy\u00fck bir ihanetten ba\u015fka bir \u015fey de\u011fildir.<\/p>\n<p style=\"text-align: justify;\">\u015eimdi T\u00fcrkiye&#8217;yi me\u015fgul eden bu olaya kar\u015f\u0131 sevinilecek bir \u015fey de var. Ben art\u0131k k\u00fc\u00e7\u00fck sevin\u00e7leri de \u00f6nemsiyorum. \u00c7\u00fcnk\u00fc T\u00fcrkiye&#8217;de, ge\u00e7mi\u015fte birilerinin ka\u015f \u00e7atmas\u0131, birilerinin tepeden bakmas\u0131, birilerinin \u00f6ks\u00fcrmesi bile rejim sorunu haline geliyordu. Biz k\u00fc\u00e7\u00fcc\u00fck bir kitap\u00e7\u0131\u011f\u0131n biraz s\u00fcratle f\u0131rlat\u0131lmas\u0131ndan bile 2 tane ekonomik kriz ya\u015fam\u0131\u015f bir \u00fclkeyiz. Bu konuda art\u0131k T\u00fcrkiye&#8217;de kimsenin k\u0131l\u0131 bile k\u0131m\u0131ldam\u0131yor, i\u015fler y\u00fcr\u00fcyor. Bu tart\u0131\u015fmalar ba\u015fka mecralarda ya\u015fan\u0131yor. Olmasayd\u0131 ke\u015fke, art\u0131k bu ay\u0131plar\u0131 ya\u015famasayd\u0131k ke\u015fke, bunu d\u00fc\u015f\u00fcnecek insan sorumlu bir mevkide olmasayd\u0131 ke\u015fke. Ama resmi s\u0131fat ta\u015f\u0131yan insanlar\u0131n, g\u00f6rev \u00fcstlenmi\u015f olan insanlar\u0131n en az\u0131ndan \u00fclke ve \u00fclkenin gelece\u011fi konusunda bu t\u00fcr d\u00fc\u015f\u00fcncelere sahip olmamas\u0131n\u0131, biz \u00fclkemiz a\u00e7\u0131s\u0131ndan \u00e7ok \u00f6nemli g\u00f6r\u00fcyoruz. Bir taraftan soru\u015fturma yap\u0131l\u0131yor, bir taraftan hayat devam ediyor. Art\u0131k herkes, sabah kalkt\u0131\u011f\u0131nda &#8216;Hasan Mutlucan&#8217;\u0131n t\u00fcrk\u00fcs\u00fc var m\u0131 radyoda&#8217; diye radyoyu a\u00e7ma ihtiyac\u0131 duymuyor. \u0130yi bir noktaday\u0131z. \u0130yice k\u00fc\u00e7\u00fcl\u00fcyorlar, iyice g\u00fc\u00e7s\u00fczle\u015fiyorlar, iyice art\u0131k kendilerini, \u00f6ks\u00fcrse bile alk\u0131\u015flayanlar\u0131n alk\u0131\u015flar\u0131ndan mahrum hale getiriyorlar.&#8221;<\/p>\n<p style=\"text-align: justify;\">Ar\u0131n\u00e7, kendisinden \u00f6nce konu\u015fan Bolu Valisi Halil \u0130brahim Akp\u0131nar&#8217;\u0131 da konu\u015fmas\u0131ndan dolay\u0131 tebrik ederek, &#8221;Art\u0131k T\u00fcrkiye&#8217;de okuyan, inceleyen, ara\u015ft\u0131ran, fikir sahibi, fikrini de cesaretle ifade eden devletin valileri var. Bu de\u011ferli valimizi ve onun \u015fahs\u0131nda b\u00fct\u00fcn fikir sahibi, \u00fclkesine milletine ger\u00e7ekten ba\u011fl\u0131, i\u015f yapan ba\u015far\u0131l\u0131 valilerimizi kutluyorum&#8221; dedi.<\/p>\n<p style=\"text-align: justify;\"><span style=\"color: #888888;\">Kaynak : Gazeteport<\/span><\/p>\n","protected":false},"excerpt":{"rendered":"<p style=\"text-align: center;\">\n<p style=\"text-align: justify;\">Abant Platformu&#8217;nun Abant Palace Otel&#8217;de ba\u015flayan &#8221;Demokratikle\u015fme: 12 Eyl\u00fclden AB&#8217;ye Siyasi Partiler&#8221; konulu bu y\u0131lki ikinci toplant\u0131s\u0131na belge tart\u0131\u015fmalar\u0131 damgas\u0131n\u0131 vurdu. Ba\u015fbakan Yard\u0131mc\u0131s\u0131 B\u00fclent Ar\u0131n\u00e7, Ergenekon&#8217;a bula\u015fm\u0131\u015f komutanlar i\u00e7in s\u00f6yledi\u011fi, &#8220;\u015e\u00fck\u00fcr ki bu komutanlarla sava\u015fa girmemi\u015fiz&#8221; s\u00f6zlerinin belgeyle do\u011fruland\u0131\u011f\u0131n\u0131 iddia etti.<\/p>\n<p style=\"text-align: justify;\">ABANT &#8211; Devlet Bakan\u0131 ve Ba\u015fbakan Yard\u0131mc\u0131s\u0131 <\/p>\n","protected":false},"author":1,"featured_media":0,"comment_status":"open","ping_status":"closed","sticky":false,"template":"","format":"standard","meta":{"footnotes":""},"categories":[105],"tags":[],"class_list":["post-10319","post","type-post","status-publish","format-standard","hentry","category-gundem","odd"],"_links":{"self":[{"href":"http:\/\/www.korhanyilmaz.com\/index.php?rest_route=\/wp\/v2\/posts\/10319","targetHints":{"allow":["GET"]}}],"collection":[{"href":"http:\/\/www.korhanyilmaz.com\/index.php?rest_route=\/wp\/v2\/posts"}],"about":[{"href":"http:\/\/www.korhanyilmaz.com\/index.php?rest_route=\/wp\/v2\/types\/post"}],"author":[{"embeddable":true,"href":"http:\/\/www.korhanyilmaz.com\/index.php?rest_route=\/wp\/v2\/users\/1"}],"replies":[{"embeddable":true,"href":"http:\/\/www.korhanyilmaz.com\/index.php?rest_route=%2Fwp%2Fv2%2Fcomments&post=10319"}],"version-history":[{"count":0,"href":"http:\/\/www.korhanyilmaz.com\/index.php?rest_route=\/wp\/v2\/posts\/10319\/revisions"}],"wp:attachment":[{"href":"http:\/\/www.korhanyilmaz.com\/index.php?rest_route=%2Fwp%2Fv2%2Fmedia&parent=10319"}],"wp:term":[{"taxonomy":"category","embeddable":true,"href":"http:\/\/www.korhanyilmaz.com\/index.php?rest_route=%2Fwp%2Fv2%2Fcategories&post=10319"},{"taxonomy":"post_tag","embeddable":true,"href":"http:\/\/www.korhanyilmaz.com\/index.php?rest_route=%2Fwp%2Fv2%2Ftags&post=10319"}],"curies":[{"name":"wp","href":"https:\/\/api.w.org\/{rel}","templated":true}]}}