{"id":10304,"date":"2009-06-19T13:55:33","date_gmt":"2009-06-19T10:55:33","guid":{"rendered":"http:\/\/www.korhanyilmaz.com\/?p=10304"},"modified":"2009-06-19T13:55:33","modified_gmt":"2009-06-19T10:55:33","slug":"yayinevi-cinayetleri-davasinda-odenek-skandali","status":"publish","type":"post","link":"http:\/\/www.korhanyilmaz.com\/?p=10304","title":{"rendered":"Yay\u0131nevi cinayetleri davas\u0131nda \u00f6denek skandal\u0131"},"content":{"rendered":"<p style=\"text-align: center;\"><img loading=\"lazy\" decoding=\"async\" class=\"aligncenter size-full wp-image-10305\" src=\"http:\/\/www.korhanyilmaz.com\/wp-content\/uploads\/2009\/06\/120620091130431640827_3.jpg\" alt=\"\" width=\"288\" height=\"188\" \/><\/p>\n<p style=\"text-align: justify;\">Malatya&#8217;daki Zirve Yay\u0131nevinde biri Alman 3 ki\u015finin \u00f6ld\u00fcr\u00fclmesi olay\u0131n\u0131n azmettiricisi oldu\u011fu ileri s\u00fcr\u00fclen ve \u0130stanbul&#8217;da tutuklu bulunan Varol B\u00fclent Aral, &#8221;\u00f6denek yoklu\u011fu&#8221; gerek\u00e7esiyle bug\u00fcnk\u00fc duru\u015fmaya getirilmedi.<\/p>\n<p style=\"text-align: justify;\">MALATYA &#8211; Malatya&#8217;daki Zirve Yay\u0131nevinde biri Alman 3 ki\u015finin \u00f6ld\u00fcr\u00fclmesi olay\u0131n\u0131n azmettiricisi oldu\u011fu ileri s\u00fcr\u00fclen ve \u0130stanbul&#8217;da tutuklu bulunan Varol B\u00fclent Aral, &#8221;\u00f6denek yoklu\u011fu&#8221; gerek\u00e7esiyle bug\u00fcnk\u00fc duru\u015fmaya getirilmedi.<\/p>\n<p style=\"text-align: justify;\">Zirve Yay\u0131nevindeki cinayetlerle ilgili davan\u0131n 18. duru\u015fmas\u0131, Malatya 3. A\u011f\u0131r Ceza Mahkemesinde yap\u0131ld\u0131. <!--more--><\/p>\n<p style=\"text-align: justify;\"><strong>\u00d6DENEK YOKLU\u011eUNDAN DURU\u015eMAYA GET\u0130R\u0130LMED\u0130<\/strong><\/p>\n<p style=\"text-align: justify;\">Olay\u0131n azmettiricisi oldu\u011fu ileri s\u00fcr\u00fclen ve \u0130stanbul&#8217;da tutuklu bulunan Varol B\u00fclent Aral &#8221;\u00f6denek yoklu\u011fu&#8221; gerek\u00e7esiyle duru\u015fmaya getirilmedi.<\/p>\n<p style=\"text-align: justify;\">Varol B\u00fclent Aral&#8217;\u0131n \u00f6n\u00fcm\u00fczdeki duru\u015fmada haz\u0131r edilmesi i\u00e7in Cumhuriyet savc\u0131l\u0131\u011f\u0131na yaz\u0131 yaz\u0131lmas\u0131na ve yaz\u0131da san\u0131\u011f\u0131n savunmas\u0131n\u0131n bir an \u00f6nce al\u0131nmas\u0131n\u0131n duru\u015fma s\u00fcreci a\u00e7\u0131s\u0131ndan \u00f6nemli olaca\u011f\u0131n\u0131n belirtilmesine karar veren mahkeme heyeti, tan\u0131k listesinde bulunan ve duru\u015fmalara gelmeyen Burcu Polat&#8217;\u0131n da zorla getirilmesini kararla\u015ft\u0131rd\u0131.<\/p>\n<p style=\"text-align: justify;\">Mahkeme heyeti, ayr\u0131ca, bir \u00f6nceki duru\u015fmada tutuksuz yarg\u0131lanmak \u00fczere serbest b\u0131rak\u0131lan H\u00fcseyin Yelki&#8217;nin 6 ayl\u0131k hesap hareketlerinin istendi\u011fini ifade ederek, cevab\u0131n gelmesinin beklenmesine karar verdi.<\/p>\n<p style=\"text-align: justify;\">Duru\u015fma 17 Temmuz 2009&#8217;a ertelendi.<\/p>\n<p style=\"text-align: justify;\">Duru\u015fma sonras\u0131 adliye \u00e7\u0131k\u0131\u015f\u0131nda gazetecilerin sorular\u0131n\u0131 yan\u0131tlayan m\u00fcdahil avukatlardan Erdal Do\u011fan, san\u0131k Varol B\u00fclent Aral&#8217;\u0131n \u00f6denek yoklu\u011fu nedeniyle duru\u015fmaya getirilmedi\u011fini belirterek, &#8221;B\u00f6ylesi bir davan\u0131n san\u0131\u011f\u0131n\u0131n \u00f6denek yoklu\u011fu gerek\u00e7esiyle duru\u015fmaya getirilmemi\u015f olmas\u0131 d\u00fc\u015f\u00fcnd\u00fcr\u00fcc\u00fcd\u00fcr. San\u0131r\u0131m Adalet Bakanl\u0131\u011f\u0131n\u0131n bu konuda s\u00f6yleyecekleri vard\u0131r&#8221; dedi.<\/p>\n<p style=\"text-align: justify;\"><strong>OLAY<\/strong><\/p>\n<p style=\"text-align: justify;\">Malatya&#8217;da 18 Nisan 2007&#8217;de Zirve Yay\u0131nevinde \u00e7al\u0131\u015fan Alman uyruklu Tilman Ekkehart Geske ile Necati Ayd\u0131n ve U\u011fur Y\u00fcksel b\u0131\u00e7akla \u00f6ld\u00fcr\u00fclm\u00fc\u015f, zanl\u0131lardan Salih G\u00fcrler (20), Cuma \u00d6zdemir (20), Hamit \u00c7eker (19) ve Abuzer Y\u0131ld\u0131r\u0131m (19) olay yerinde yakalanm\u0131\u015ft\u0131.<\/p>\n<p style=\"text-align: justify;\">Olaydan sonra \u00fc\u00e7\u00fcnc\u00fc kat\u0131n penceresinden ka\u00e7maya \u00e7al\u0131\u015f\u0131rken d\u00fc\u015ferek yaralanan Emre G\u00fcnayd\u0131n, \u0130n\u00f6n\u00fc \u00dcniversitesi Turgut \u00d6zal T\u0131p Merkezi&#8217;nde tedavi alt\u0131na al\u0131nm\u0131\u015f, tedavisinin ard\u0131ndan \u00e7\u0131kar\u0131ld\u0131\u011f\u0131 mahkemece tutuklanm\u0131\u015ft\u0131.<\/p>\n<p style=\"text-align: justify;\">Tutuklu san\u0131k Emre G\u00fcnayd\u0131n&#8217;\u0131n olaydan yakla\u015f\u0131k 2 y\u0131l sonra cezaevinde Cumhuriyet savc\u0131s\u0131na verdi\u011fi ifadenin ard\u0131ndan olay\u0131n azmettiricileri oldu\u011fu gerek\u00e7esiyle Varol B\u00fclent Aral ve Zirve Yay\u0131nevi \u00e7al\u0131\u015fan\u0131 oldu\u011fu belirtilen H\u00fcseyin Yelki tutuklanm\u0131\u015ft\u0131. Yelki, 22 May\u0131s 2009 tarihindeki duru\u015fmada tutuksuz yarg\u0131lanmak \u00fczere tahliye edilmi\u015fti.<\/p>\n<p style=\"text-align: justify;\"><span style=\"color: #888888;\">(A.A)<\/span><\/p>\n","protected":false},"excerpt":{"rendered":"<p style=\"text-align: center;\">\n<p style=\"text-align: justify;\">Malatya&#8217;daki Zirve Yay\u0131nevinde biri Alman 3 ki\u015finin \u00f6ld\u00fcr\u00fclmesi olay\u0131n\u0131n azmettiricisi oldu\u011fu ileri s\u00fcr\u00fclen ve \u0130stanbul&#8217;da tutuklu bulunan Varol B\u00fclent Aral, &#8221;\u00f6denek yoklu\u011fu&#8221; gerek\u00e7esiyle bug\u00fcnk\u00fc duru\u015fmaya getirilmedi.<\/p>\n<p style=\"text-align: justify;\">MALATYA &#8211; Malatya&#8217;daki Zirve Yay\u0131nevinde biri Alman 3 ki\u015finin \u00f6ld\u00fcr\u00fclmesi olay\u0131n\u0131n azmettiricisi oldu\u011fu ileri s\u00fcr\u00fclen ve \u0130stanbul&#8217;da tutuklu bulunan Varol B\u00fclent Aral, <\/p>\n","protected":false},"author":1,"featured_media":0,"comment_status":"open","ping_status":"closed","sticky":false,"template":"","format":"standard","meta":{"footnotes":""},"categories":[105],"tags":[],"class_list":["post-10304","post","type-post","status-publish","format-standard","hentry","category-gundem","odd"],"_links":{"self":[{"href":"http:\/\/www.korhanyilmaz.com\/index.php?rest_route=\/wp\/v2\/posts\/10304","targetHints":{"allow":["GET"]}}],"collection":[{"href":"http:\/\/www.korhanyilmaz.com\/index.php?rest_route=\/wp\/v2\/posts"}],"about":[{"href":"http:\/\/www.korhanyilmaz.com\/index.php?rest_route=\/wp\/v2\/types\/post"}],"author":[{"embeddable":true,"href":"http:\/\/www.korhanyilmaz.com\/index.php?rest_route=\/wp\/v2\/users\/1"}],"replies":[{"embeddable":true,"href":"http:\/\/www.korhanyilmaz.com\/index.php?rest_route=%2Fwp%2Fv2%2Fcomments&post=10304"}],"version-history":[{"count":0,"href":"http:\/\/www.korhanyilmaz.com\/index.php?rest_route=\/wp\/v2\/posts\/10304\/revisions"}],"wp:attachment":[{"href":"http:\/\/www.korhanyilmaz.com\/index.php?rest_route=%2Fwp%2Fv2%2Fmedia&parent=10304"}],"wp:term":[{"taxonomy":"category","embeddable":true,"href":"http:\/\/www.korhanyilmaz.com\/index.php?rest_route=%2Fwp%2Fv2%2Fcategories&post=10304"},{"taxonomy":"post_tag","embeddable":true,"href":"http:\/\/www.korhanyilmaz.com\/index.php?rest_route=%2Fwp%2Fv2%2Ftags&post=10304"}],"curies":[{"name":"wp","href":"https:\/\/api.w.org\/{rel}","templated":true}]}}