{"id":10298,"date":"2009-06-19T12:15:45","date_gmt":"2009-06-19T10:15:45","guid":{"rendered":"http:\/\/www.korhanyilmaz.com\/?p=10298"},"modified":"2009-06-19T12:15:45","modified_gmt":"2009-06-19T10:15:45","slug":"erdogan-ibretlik-ceza-pesinde","status":"publish","type":"post","link":"http:\/\/www.korhanyilmaz.com\/?p=10298","title":{"rendered":"&#039;Erdo\u011fan ibretlik ceza pe\u015finde&#039;"},"content":{"rendered":"<p><img loading=\"lazy\" decoding=\"async\" class=\"aligncenter size-full wp-image-10302\" src=\"http:\/\/www.korhanyilmaz.com\/wp-content\/uploads\/2009\/06\/2009-06-19_143725.jpg\" alt=\"\" width=\"317\" height=\"208\" \/><\/p>\n<p style=\"text-align: center;\">\n<p style=\"text-align: justify;\">Ba\u015fbakan Erdo\u011fan\u2019\u0131n yak\u0131n \u00e7evresi, AKP\u2019nin su\u00e7 duyurusunun demokrasi d\u0131\u015f\u0131 aray\u0131\u015fa set \u00e7ekme ama\u00e7l\u0131 oldu\u011funu vurgulayarak, Erdo\u011fan&#8217;\u0131n belgeyle ilgili \u015f\u00fcphesi olmad\u0131\u011f\u0131n\u0131 ve ibretlik ceza pe\u015finde oldu\u011funu belirtti.<\/p>\n<p style=\"text-align: justify;\">Taraf gazetesinin haberine g\u00f6re AKP kaynaklar\u0131, \u201cErdo\u011fan\u2019\u0131n belgeyle ilgili \u015f\u00fcphesi olsa, Genelkurmay Ba\u015fkan\u0131\u2019yla g\u00f6r\u00fc\u015ft\u00fckten sonra su\u00e7 duyurusuna tevess\u00fcl etmezdi\u201d g\u00f6r\u00fc\u015f\u00fcnde. Erdo\u011fan\u2019\u0131n \u0130rtica Eylem Plan\u0131\u2019n\u0131n mimarlar\u0131 hakk\u0131nda, bu t\u00fcr giri\u015fimlere baraj olu\u015fturacak bir emsal karar istedi\u011fi belirtiliyor.<\/p>\n<p style=\"text-align: justify;\">Genelkurmay\u2019da haz\u0131rland\u0131\u011f\u0131 ileri s\u00fcr\u00fclen \u201cAKP ve G\u00fclen\u2019i Bitirme Plan\u0131\u201dyla ilgili tart\u0131\u015fmalar s\u00fcrerken, Ba\u015fbakan Erdo\u011fan\u2019\u0131n, partisini hedef alan \u201ck\u0131p\u0131rt\u0131lar\u201d hakk\u0131nda zaman zaman bilgilendirildi\u011fi \u00f6\u011frenildi. <!--more--><\/p>\n<p style=\"text-align: justify;\">Edinilen bilgiye g\u00f6re Ba\u015fbakan Erdo\u011fan, 12 Haziran Cuma g\u00fcn\u00fc Taraf\u2019ta yay\u0131mlanan planla ilgili \u00f6nce medya, muhalefet ve sivil toplum \u00f6rg\u00fctlerinin tutumunu g\u00f6rmek istedi.<\/p>\n<p style=\"text-align: justify;\">Partisine y\u00f6nelik haz\u0131rl\u0131klarla ilgili bilgili oldu\u011fu izlenimini veren Erdo\u011fan, pazar g\u00fcn\u00fcne kadar bekledi. Genelkurmay Ba\u015fkanl\u0131\u011f\u0131\u2019n\u0131n sessizli\u011fi, ard\u0131ndan koydu\u011fu yay\u0131n yasa\u011f\u0131 ve sivil toplum \u00f6rg\u00fctlerinden y\u00fckselen tepkilere bakan Erdo\u011fan, \u00e7\u0131k\u0131\u015f\u0131n\u0131 \u015eanl\u0131urfa\u2019da yapt\u0131.<\/p>\n<p style=\"text-align: justify;\">Erdo\u011fan sal\u0131 g\u00fcn\u00fc Genelkurmay Ba\u015fkan\u0131 \u0130lker Ba\u015fbu\u011f ile yapt\u0131\u011f\u0131 g\u00f6r\u00fc\u015fmeden etkilenmeden savc\u0131l\u0131\u011fa su\u00e7 duyurusunda bulundu.<\/p>\n<p style=\"text-align: justify;\"><strong>ERDO\u011eAN \u0130BRETL\u0130K CEZA PE\u015e\u0130NDE<\/strong><\/p>\n<p style=\"text-align: justify;\">Ba\u015fbakan\u2019a yak\u0131n kaynaklar, Erdo\u011fan\u2019\u0131n, partisini hedef alan \u201ck\u0131p\u0131rt\u0131lardan\u201d zaman zaman istihbarat birimleri taraf\u0131ndan bilgilendirildi\u011fini, Taraf\u2019\u0131n de\u015fifre etti\u011fi plandan da bu \u00e7er\u00e7evede bilgi sahibi olabilece\u011fini s\u00f6ylediler.<\/p>\n<p style=\"text-align: justify;\">Erdo\u011fan\u2019\u0131n demokrasi d\u0131\u015f\u0131 aray\u0131\u015flara \u201cset \u00e7ekme\u201d ve bu t\u00fcr aray\u0131\u015flar\u0131 t\u00fcm\u00fcyle \u00f6nleme amac\u0131n\u0131 ta\u015f\u0131d\u0131\u011f\u0131n\u0131, bundan sonraki ad\u0131mlar\u0131yla \u201cbaraj olu\u015fturmak\u201d istedi\u011fini belirten kaynaklar, \u201c\u015e\u00fcphesi olsayd\u0131 yarg\u0131ya gitmezdi, su\u00e7 duyurusunda bulunmazd\u0131. Hele hele Genelkurmay Ba\u015fkan\u0131 ile g\u00f6r\u00fc\u015fmesinden sonra bu yola hi\u00e7 tevess\u00fcl etmezdi. Bir giri\u015fimin, bir haz\u0131rl\u0131\u011f\u0131n de\u015fifre edilmesini ve bu anlay\u0131\u015ftakilerin tasfiyesini, daha da ilerisi cezaland\u0131r\u0131lmas\u0131n\u0131 istiyor. \u0130bretlik bir ceza kesilmesini istiyor. Onun i\u00e7in yarg\u0131ya gitme hakk\u0131n\u0131 kulland\u0131\u201d yorumunu yapt\u0131lar.<\/p>\n<p style=\"text-align: justify;\"><strong>AKP \u0130\u00c7\u0130NDEK\u0130 &#8216;K\u0130L\u0130T HABERLE\u015eMEC\u0130LER&#8217; YAKIN TAK\u0130BE ALINDI<\/strong><\/p>\n<p style=\"text-align: justify;\">Genelkurmay\u2019a ait oldu\u011fu ileri s\u00fcr\u00fclen plan\u0131n ba\u015fka bir boyutu ise belgede kullan\u0131lan, \u201cAKP mensubu kilit haberle\u015fmecilere kamuoyuna \u00e7eli\u015fkili a\u00e7\u0131klamalar yapt\u0131r\u0131larak, AKP i\u00e7erisinde ciddi anlamda anla\u015fmazl\u0131k ve b\u00f6l\u00fcnmeler ya\u015fan\u0131yormu\u015f \u015feklinde alg\u0131lanmas\u0131 sa\u011flanacakt\u0131r\u201d ifadeleriydi.<\/p>\n<p style=\"text-align: justify;\">Taraf\u2019\u0131n ula\u015ft\u0131\u011f\u0131 bilgilere g\u00f6re AKP\u2019liler, kendi aralar\u0131nda bu ifadeleri de\u011ferlendiriyorlar ama bu a\u015famada bir a\u00e7\u0131klama yapmaktan ka\u00e7\u0131n\u0131yorlar. AKP y\u00f6neticileri, Ba\u015fbakan Erdo\u011fan\u2019\u0131n \u201ckilit haberle\u015fmeciler\u201d ifadesini sadece \u201cnot ald\u0131\u011f\u0131n\u0131\u201d belirtiyorlar.<\/p>\n<p style=\"text-align: justify;\">Parti kulislerinde \u201ckimler olabilir\u201d \u015feklinde spek\u00fclasyonlar yap\u0131lsa da Ba\u015fbakan Erdo\u011fan taraf\u0131ndan ba\u015flat\u0131lm\u0131\u015f parti i\u00e7i bir ara\u015ft\u0131rma bu a\u015famada g\u00f6r\u00fcnm\u00fcyor. Ancak bu durum, parti i\u00e7inde, \u00f6zellikle kapatma davas\u0131 s\u00fcrecinde zaman zaman isimlendirilerek de yap\u0131lan \u201cpartinin b\u00f6l\u00fcnece\u011fi, kopmalar olabilece\u011fi\u201d yolundaki senaryolar ve baz\u0131 isimsiz a\u00e7\u0131klamalar\u0131n hat\u0131rlat\u0131lmas\u0131n\u0131 engelleyemiyor.<\/p>\n<p style=\"text-align: justify;\">Parti y\u00f6netimi, Erdo\u011fan\u2019\u0131n ilk olarak belgenin do\u011frulu\u011funa ili\u015fkin tart\u0131\u015fman\u0131n sonu\u00e7lanmas\u0131n\u0131 bekleyece\u011fine i\u015faret ediyor. Erdo\u011fan\u2019\u0131n, \u201ckilit haberle\u015fmecilerin\u201d do\u011fru \u00e7\u0131kmas\u0131 halinde bu grubu \u00e7ok gizli bi\u00e7imde g\u00f6zden ge\u00e7irece\u011fi, tavr\u0131n\u0131 milletvekili se\u00e7imlerinde g\u00f6sterece\u011fi belirtiliyor.<\/p>\n<p style=\"text-align: justify;\"><strong>M\u0130T DE DEVREYE G\u0130RD\u0130<\/strong><\/p>\n<p style=\"text-align: justify;\">Taraf\u2019\u0131n yay\u0131mlad\u0131\u011f\u0131 \u201cAKP ve G\u00fclen\u2019i Bitirme Plan\u0131\u201dndan sonra pe\u015f pe\u015fe kritik zirvelerin ya\u015fand\u0131\u011f\u0131 Ankara\u2019da d\u00fcn yine hareketli saatler ya\u015fand\u0131. Ba\u015fbakan Recep Tayyip Erdo\u011fan, M\u0130T M\u00fcste\u015far\u0131 Emre Taner\u2019i Ba\u015fbakanl\u0131k\u2019ta kabul etti. Erdo\u011fan ile Taner aras\u0131ndaki g\u00f6r\u00fc\u015fme 45 dakika s\u00fcrd\u00fc.<\/p>\n<p style=\"text-align: justify;\">Erdo\u011fan\u2019\u0131n, M\u0130T M\u00fcste\u015far\u0131 Taner\u2019den plan\u0131n de\u015fifre edilmesinden sonraki geli\u015fmelerle ilgili bilgi ald\u0131\u011f\u0131 ifade edildi. Erdo\u011fan, bu g\u00f6r\u00fc\u015fmeden sonra da \u00c7ankaya K\u00f6\u015fk\u00fc\u2019ne giderek Cumhurba\u015fkan\u0131 Abdullah G\u00fcl ile haftal\u0131k ola\u011fan g\u00f6r\u00fc\u015fmesini ger\u00e7ekle\u015ftirdi. G\u00fcl ile Erdo\u011fan, AKP\u2019yi bitirme plan\u0131n\u0131n de\u015fifre edilmesinden sonra ilk kez ba\u015f ba\u015fa g\u00f6r\u00fc\u015fme yapt\u0131lar.<\/p>\n<p style=\"text-align: justify;\"><span style=\"color: #888888;\">Kaynak : Gazeteport<\/span><\/p>\n","protected":false},"excerpt":{"rendered":"<\/p>\n<p style=\"text-align: center;\">\n<p style=\"text-align: justify;\">Ba\u015fbakan Erdo\u011fan\u2019\u0131n yak\u0131n \u00e7evresi, AKP\u2019nin su\u00e7 duyurusunun demokrasi d\u0131\u015f\u0131 aray\u0131\u015fa set \u00e7ekme ama\u00e7l\u0131 oldu\u011funu vurgulayarak, Erdo\u011fan&#8217;\u0131n belgeyle ilgili \u015f\u00fcphesi olmad\u0131\u011f\u0131n\u0131 ve ibretlik ceza pe\u015finde oldu\u011funu belirtti.<\/p>\n<p style=\"text-align: justify;\">Taraf gazetesinin haberine g\u00f6re AKP kaynaklar\u0131, \u201cErdo\u011fan\u2019\u0131n belgeyle ilgili \u015f\u00fcphesi olsa, Genelkurmay Ba\u015fkan\u0131\u2019yla g\u00f6r\u00fc\u015ft\u00fckten sonra su\u00e7 duyurusuna tevess\u00fcl etmezdi\u201d g\u00f6r\u00fc\u015f\u00fcnde. Erdo\u011fan\u2019\u0131n <\/p>\n","protected":false},"author":1,"featured_media":0,"comment_status":"open","ping_status":"closed","sticky":false,"template":"","format":"standard","meta":{"footnotes":""},"categories":[105],"tags":[],"class_list":["post-10298","post","type-post","status-publish","format-standard","hentry","category-gundem","odd"],"_links":{"self":[{"href":"http:\/\/www.korhanyilmaz.com\/index.php?rest_route=\/wp\/v2\/posts\/10298","targetHints":{"allow":["GET"]}}],"collection":[{"href":"http:\/\/www.korhanyilmaz.com\/index.php?rest_route=\/wp\/v2\/posts"}],"about":[{"href":"http:\/\/www.korhanyilmaz.com\/index.php?rest_route=\/wp\/v2\/types\/post"}],"author":[{"embeddable":true,"href":"http:\/\/www.korhanyilmaz.com\/index.php?rest_route=\/wp\/v2\/users\/1"}],"replies":[{"embeddable":true,"href":"http:\/\/www.korhanyilmaz.com\/index.php?rest_route=%2Fwp%2Fv2%2Fcomments&post=10298"}],"version-history":[{"count":0,"href":"http:\/\/www.korhanyilmaz.com\/index.php?rest_route=\/wp\/v2\/posts\/10298\/revisions"}],"wp:attachment":[{"href":"http:\/\/www.korhanyilmaz.com\/index.php?rest_route=%2Fwp%2Fv2%2Fmedia&parent=10298"}],"wp:term":[{"taxonomy":"category","embeddable":true,"href":"http:\/\/www.korhanyilmaz.com\/index.php?rest_route=%2Fwp%2Fv2%2Fcategories&post=10298"},{"taxonomy":"post_tag","embeddable":true,"href":"http:\/\/www.korhanyilmaz.com\/index.php?rest_route=%2Fwp%2Fv2%2Ftags&post=10298"}],"curies":[{"name":"wp","href":"https:\/\/api.w.org\/{rel}","templated":true}]}}