{"id":10293,"date":"2009-06-19T13:59:34","date_gmt":"2009-06-19T11:59:34","guid":{"rendered":"http:\/\/www.korhanyilmaz.com\/?p=10293"},"modified":"2009-06-19T13:59:34","modified_gmt":"2009-06-19T11:59:34","slug":"kilicdaroglundan-akmana-elestiri","status":"publish","type":"post","link":"http:\/\/www.korhanyilmaz.com\/?p=10293","title":{"rendered":"K\u0131l\u0131\u00e7daro\u011flu&#039;ndan Akman&#039;a ele\u015ftiri"},"content":{"rendered":"<p><img loading=\"lazy\" decoding=\"async\" class=\"aligncenter size-full wp-image-10294\" src=\"http:\/\/www.korhanyilmaz.com\/wp-content\/uploads\/2009\/06\/190620091358378151878.jpg\" alt=\"\" width=\"320\" height=\"100\" \/><\/p>\n<p style=\"text-align: justify;\"><strong>&#8220;Maalesef koltu\u011funa yap\u0131\u015fm\u0131\u015f kalkm\u0131yor bu do\u011fru de\u011fil&#8221;<\/strong><\/p>\n<p style=\"text-align: justify;\">CHP Grup Ba\u015fkanvekili Kemal K\u0131l\u0131\u00e7daro\u011flu, RT\u00dcK Ba\u015fkan\u0131 Zahid Akman\u2019\u0131n g\u00f6revde kalmas\u0131n\u0131n do\u011fru olmad\u0131\u011f\u0131n\u0131 belirterek \u201cKendi partisinden pek \u00e7ok ki\u015finin uyard\u0131\u011f\u0131 bir ki\u015fi maalesef koltu\u011funa yap\u0131\u015fm\u0131\u015f kalkm\u0131yor bu do\u011fru de\u011fil. RT\u00dcK\u2019ten ayr\u0131lmas\u0131 gerekiyor\u201d dedi. K\u0131l\u0131\u00e7daro\u011flu AKP\u2019nin Genelkurmay\u2019da haz\u0131rland\u0131\u011f\u0131 iddia edilen belgeyle ilgili yapt\u0131\u011f\u0131 su\u00e7 duyurusuyla \u201cErgenekon davas\u0131n\u0131n taraf\u0131\u201d oldu\u011funu savunarak \u201cAKP bu s\u00fcre\u00e7te sanki muhalefette bir partiymi\u015f gibi bir k\u00f6\u015feye \u00e7ekilip ma\u011fdur rol\u00fcn\u00fc oynamak istiyor\u201d diye konu\u015ftu.<\/p>\n<p style=\"text-align: justify;\">K\u0131l\u0131\u00e7daro\u011flu Meclis\u2019te gazetecilerin g\u00fcndeme ili\u015fkin sorular\u0131n\u0131 yan\u0131tlad\u0131. May\u0131n yasas\u0131yla ilgili bir soru \u00fczerine K\u0131l\u0131\u00e7daro\u011flu, dilek\u00e7enin haz\u0131r oldu\u011funu, \u00f6n\u00fcm\u00fczdeki hafta Meclis grup toplant\u0131s\u0131nda imzalar\u0131 tamamlayacaklar\u0131n\u0131 ve ondan sonra da Anayasa Mahkemesi\u2019ne ba\u015fvuracaklar\u0131n\u0131 bildirdi. <!--more--><\/p>\n<p style=\"text-align: justify;\"><strong>-\u201cOR\u0130J\u0130NAL BELGE MUTLAKA SAVCILARA ULA\u015eTIRILMALI\u201d-<br \/>\n<\/strong>\n<\/p>\n<p style=\"text-align: justify;\">K\u0131l\u0131\u00e7daro\u011flu, Genelkurmay\u2019da haz\u0131rland\u0131\u011f\u0131 iddia edilen \u0130rticayla M\u00fccadele Belgesi\u2019yle ilgili tart\u0131\u015fmalar\u0131n hat\u0131rlat\u0131lmas\u0131 \u00fczerine belgenin orijinalinin savc\u0131lar\u0131n eline ula\u015fmad\u0131\u011f\u0131n\u0131 belirtti. K\u0131l\u0131\u00e7daro\u011flu, \u201cMevcut fotokopi \u00fczerinden \u00f6yle anla\u015f\u0131l\u0131yor ki belgenin sahteli\u011fi do\u011frulu\u011fu kan\u0131tlanam\u0131yor. O zaman devlet dedi\u011fimiz kurum sa\u011fl\u0131kl\u0131 \u00e7al\u0131\u015f\u0131yorsa, AKP bu konuda Cumhuriyet savc\u0131l\u0131\u011f\u0131na su\u00e7 duyurusunda bulunduysa, bu orijinal belge kimin elinde, \u00f6nce onu saptamas\u0131 gerekir. Orijinal belgenin mutlaka Cumhuriyet savc\u0131lar\u0131na intikal ettirilmesi gerekiyor. \u015eu anda bizim de kamuoyunun da bekledi\u011fi bu orijinal belgeye bir an \u00f6nce ula\u015fmakt\u0131r. \u201cdedi.<\/p>\n<p style=\"text-align: justify;\">K\u0131l\u0131\u00e7daro\u011flu, AKP\u2019nin belgeyle ilgili yapt\u0131\u011f\u0131 su\u00e7 duyurusuna ili\u015fkin bir soru \u00fczerine ise \u201cAKP o su\u00e7 duyurusuyla art\u0131k Ergenekon davas\u0131n\u0131n taraf\u0131 olmu\u015f durumdad\u0131r\u201ddedi. Savc\u0131l\u0131\u011fa intikal eden bir konuda AKP\u2019nin ayr\u0131ca su\u00e7 duyurusunda bulunmas\u0131n\u0131n gerek\u00e7esini anlamad\u0131klar\u0131n\u0131 belirten K\u0131l\u0131\u00e7daro\u011flu, AKP\u2019nin iktidar de\u011fil muhalefet partisi gibi davrand\u0131\u011f\u0131n\u0131 da s\u00f6yledi. K\u0131l\u0131\u00e7daro\u011flu \u015funlar\u0131 kaydetti:<\/p>\n<p style=\"text-align: justify;\">\u201c\u0130ktidarda olan bir parti olay\u0131n \u00fczerine kararl\u0131l\u0131kla gider. Orijinal belgeye e\u011fer bu kadar s\u00fcre i\u00e7erisinde, AKP ula\u015fam\u0131yorsa o zaman y\u00f6netimde ciddi bir zafiyet var demektir. Bu y\u00f6netim zafiyetini de \u00f6nce Say\u0131n Ba\u015fbakan a\u00e7\u0131klamas\u0131 gerekir. Aramay\u0131 yapan kim, orijinal belgeyi bulunduran kim, b\u00fct\u00fcn bunlar\u0131n hepsi tart\u0131\u015f\u0131l\u0131rken AKP\u2019nin \u00e7ok \u00f6nemli bir \u015feyin \u00fczerine gidiyormu\u015f gibi kamuoyunda bir izlenim yaratmak i\u00e7in cumhuriyet savc\u0131l\u0131\u011f\u0131na su\u00e7 duyurusunda bulunmas\u0131n\u0131n hi\u00e7bir mant\u0131\u011f\u0131 yok. Zaten Cumhuriyet savc\u0131l\u0131\u011f\u0131 bu konuyu soru\u015fturuyor. Siyasal iktidar\u0131n emrinde olan devlet kurumlar\u0131n\u0131n \u00fczerine AKP kararl\u0131l\u0131kla niye gitmiyor? O belge onlar\u0131n elindeyse, o belgeyi almal\u0131 ve s\u00fcratle savc\u0131l\u0131\u011fa intikal ettirilmeli. Bu sadece bir bakan\u0131n yapaca\u011f\u0131 bir telefon konu\u015fmas\u0131yla sonu\u00e7lan\u0131r. Ama bu bile olmuyor.\u201c<\/p>\n<p style=\"text-align: justify;\"><strong>-\u201cAKP MA\u011eDUR ROL\u00dcN\u00dc OYNAMAK \u0130ST\u0130YOR\u201d- <\/strong><\/p>\n<p style=\"text-align: justify;\">\u201cDevlette so\u011fuk sava\u015f m\u0131 ya\u015fan\u0131yor?\u201d \u015feklindeki bir soruya ise K\u0131l\u0131\u00e7daro\u011flu, \u201cSo\u011fuk sava\u015f ya\u015fan\u0131p ya\u015fanmad\u0131\u011f\u0131n\u0131 bilmiyorum. Ama baz\u0131 kurumlar\u0131n ba\u015fka kurumlar\u0131 y\u0131pratmak i\u00e7in \u00f6zel \u00e7aba harcad\u0131\u011f\u0131n\u0131 biliyoruz. Bu kamuoyuna da yans\u0131yor, sonu\u00e7ta ya\u015fad\u0131\u011f\u0131m\u0131z s\u00fcre\u00e7 \u00e7at\u0131\u015fman\u0131n devlete zarar verdi\u011fidir.\u201d kar\u015f\u0131l\u0131\u011f\u0131n\u0131 verdi. AKP\u2019nin ya\u015fanan s\u00fcre\u00e7te muhalefet partisi gibi davrand\u0131\u011f\u0131n\u0131 kaydeden K\u0131l\u0131\u00e7daro\u011flu, \u201cAKP bu s\u00fcre\u00e7te sanki muhalefette bir partiymi\u015f gibi bir k\u00f6\u015feye \u00e7ekilip ma\u011fdur rol\u00fcn\u00fc oynamak istiyor. Bizim itiraz etti\u011fimiz nokta bu. Devletsiniz, iktidars\u0131n\u0131z, ba\u015fbakanl\u0131k, bakanl\u0131k sizin emrinizde, devleti siz y\u00f6netiyorsunuz. Devletin kurumlar\u0131na hakimsiniz nas\u0131l oluyor da bu \u00e7at\u0131\u015fmalara AKP bir k\u00f6\u015feye \u00e7ekilerek seyrediyor. Bunu do\u011fru bulmuyoruz\u201d diye konu\u015ftu.<\/p>\n<p style=\"text-align: justify;\"><strong>-\u201cAKMAN KOLTU\u011eA YAPI\u015eTI\u201d- <\/strong><\/p>\n<p style=\"text-align: justify;\">RT\u00dcK Ba\u015fkan\u0131 Zahid Akman\u2019la ilgili bir soru \u00fczerine de Kemal K\u0131l\u0131\u00e7daro\u011flu, Akman\u2019\u0131n inand\u0131r\u0131c\u0131l\u0131\u011f\u0131n\u0131 yitirdi\u011fini, g\u00f6revde kalmas\u0131n\u0131n radyo ve televizyonlar i\u00e7in de do\u011fru olmad\u0131\u011f\u0131n\u0131 kaydetti. K\u0131l\u0131\u00e7daro\u011flu, \u201cAhlak\u0131 egemen k\u0131lmak isteyen bir ki\u015fi bulundu\u011fu konumda ahlak\u0131 egemen k\u0131lam\u0131yor. Kendi durumu tart\u0131\u015fmal\u0131. D\u00fczenledi\u011fi belgeler sahte. Kamuoyuna a\u00e7\u0131klad\u0131\u011f\u0131 belgeler do\u011fru de\u011fil. Kendisinin ge\u00e7mi\u015fteki ticari ili\u015fkileri, Deniz Feneri ile olan ili\u015fkileri b\u00fct\u00fcn bunlara bakt\u0131\u011f\u0131n\u0131z zaman Zahid Akman Almanya s\u0131n\u0131rlar\u0131ndan i\u00e7eriye girecek konumda olan birisi de\u011fil. Almanya\u2019ya giremeyen birisi, T\u00fcrkiye B\u00fcy\u00fck Millet Meclisi\u2019ne de gelmemeli. Almanya\u2019ya giremeyen bir b\u00fcrokrat Say\u0131n Bakanlar\u0131n yan\u0131na da girememeli. Burada as\u0131l \u00f6nemli olan nokta gerek Say\u0131n Cemil \u00c7i\u00e7ek\u2019in gerek Say\u0131n K\u00f6ksal Toptan\u2019\u0131n gerek Say\u0131n B\u00fclent Ar\u0131n\u00e7\u2019\u0131n yapt\u0131\u011f\u0131 t\u00fcm uyar\u0131lara ra\u011fmen -biz muhalefeti saym\u0131yoruz- kendi partisinden pek \u00e7ok ki\u015finin uyard\u0131\u011f\u0131 bir ki\u015fi maalesef koltu\u011funa yap\u0131\u015fm\u0131\u015f kalkm\u0131yor, bu do\u011fru de\u011fil. Akman\u2019\u0131n en az\u0131ndan RT\u00dcK\u2019e sayg\u0131s\u0131 varsa oradan bir an \u00f6nce ayr\u0131lmas\u0131 gerekiyor. Sadece ba\u015fkanl\u0131ktan RT\u00dcK \u00fcyeli\u011finden de ayr\u0131lmas\u0131 gerekiyor. \u00c7\u00fcnk\u00fc etik kurallar\u0131 bu \u00fclkede ge\u00e7erli k\u0131lacaksak bunlar\u0131n \u00fczerinde hassasiyetle duracaksak, buna sadece bizim de\u011fil Zahit Akman\u2019\u0131n da uymas\u0131 gerekiyor. Olmas\u0131 gereken bir istifay\u0131 bu kadar geciktirmesi do\u011fru de\u011fil.\u201ddiye konu\u015ftu.<\/p>\n<p style=\"text-align: justify;\"><span style=\"color: #888888;\">Kaynak : Vatan<\/span><\/p>\n","protected":false},"excerpt":{"rendered":"<\/p>\n<p style=\"text-align: justify;\">&#8220;Maalesef koltu\u011funa yap\u0131\u015fm\u0131\u015f kalkm\u0131yor bu do\u011fru de\u011fil&#8221;<\/p>\n<p style=\"text-align: justify;\">CHP Grup Ba\u015fkanvekili Kemal K\u0131l\u0131\u00e7daro\u011flu, RT\u00dcK Ba\u015fkan\u0131 Zahid Akman\u2019\u0131n g\u00f6revde kalmas\u0131n\u0131n do\u011fru olmad\u0131\u011f\u0131n\u0131 belirterek \u201cKendi partisinden pek \u00e7ok ki\u015finin uyard\u0131\u011f\u0131 bir ki\u015fi maalesef koltu\u011funa yap\u0131\u015fm\u0131\u015f kalkm\u0131yor bu do\u011fru de\u011fil. RT\u00dcK\u2019ten ayr\u0131lmas\u0131 gerekiyor\u201d dedi. K\u0131l\u0131\u00e7daro\u011flu AKP\u2019nin Genelkurmay\u2019da haz\u0131rland\u0131\u011f\u0131 iddia edilen belgeyle ilgili yapt\u0131\u011f\u0131 su\u00e7 <\/p>\n","protected":false},"author":1,"featured_media":0,"comment_status":"open","ping_status":"closed","sticky":false,"template":"","format":"standard","meta":{"footnotes":""},"categories":[105],"tags":[],"class_list":["post-10293","post","type-post","status-publish","format-standard","hentry","category-gundem","odd"],"_links":{"self":[{"href":"http:\/\/www.korhanyilmaz.com\/index.php?rest_route=\/wp\/v2\/posts\/10293","targetHints":{"allow":["GET"]}}],"collection":[{"href":"http:\/\/www.korhanyilmaz.com\/index.php?rest_route=\/wp\/v2\/posts"}],"about":[{"href":"http:\/\/www.korhanyilmaz.com\/index.php?rest_route=\/wp\/v2\/types\/post"}],"author":[{"embeddable":true,"href":"http:\/\/www.korhanyilmaz.com\/index.php?rest_route=\/wp\/v2\/users\/1"}],"replies":[{"embeddable":true,"href":"http:\/\/www.korhanyilmaz.com\/index.php?rest_route=%2Fwp%2Fv2%2Fcomments&post=10293"}],"version-history":[{"count":0,"href":"http:\/\/www.korhanyilmaz.com\/index.php?rest_route=\/wp\/v2\/posts\/10293\/revisions"}],"wp:attachment":[{"href":"http:\/\/www.korhanyilmaz.com\/index.php?rest_route=%2Fwp%2Fv2%2Fmedia&parent=10293"}],"wp:term":[{"taxonomy":"category","embeddable":true,"href":"http:\/\/www.korhanyilmaz.com\/index.php?rest_route=%2Fwp%2Fv2%2Fcategories&post=10293"},{"taxonomy":"post_tag","embeddable":true,"href":"http:\/\/www.korhanyilmaz.com\/index.php?rest_route=%2Fwp%2Fv2%2Ftags&post=10293"}],"curies":[{"name":"wp","href":"https:\/\/api.w.org\/{rel}","templated":true}]}}