{"id":10289,"date":"2009-06-19T13:48:07","date_gmt":"2009-06-19T10:48:07","guid":{"rendered":"http:\/\/www.korhanyilmaz.com\/?p=10289"},"modified":"2009-06-19T13:48:07","modified_gmt":"2009-06-19T10:48:07","slug":"cnn-turkten-yeni-bir-belge-daha","status":"publish","type":"post","link":"http:\/\/www.korhanyilmaz.com\/?p=10289","title":{"rendered":"CNN T\u00dcRK&#039;ten yeni bir belge daha"},"content":{"rendered":"<p><img loading=\"lazy\" decoding=\"async\" class=\"aligncenter size-full wp-image-10309\" src=\"http:\/\/www.korhanyilmaz.com\/wp-content\/uploads\/2009\/06\/20090304_6159_1609765888.jpg\" alt=\"\" width=\"274\" height=\"206\" \/><\/p>\n<p style=\"text-align: center;\">\n<p style=\"text-align: justify;\"><strong>CNN T\u00dcRK, RT\u00dcK Ba\u015fkan\u0131 Zahid Akman&#8217;\u0131n eksik belgeyle tekzip karar\u0131 ald\u0131rd\u0131\u011f\u0131n\u0131 ortaya \u00e7\u0131kard\u0131. <\/strong><\/p>\n<p style=\"text-align: justify;\">CNN T\u00dcRK Haber M\u00fcd\u00fcr\u00fc R\u0131dvan Akar&#8217;\u0131n a\u00e7\u0131klad\u0131\u011f\u0131 son belgeye g\u00f6re, RT\u00dcK Ba\u015fkan\u0131 Akman, Almanya&#8217;ya giri\u015fine engel olmad\u0131\u011f\u0131na dair orijinal olmayan, eksik belgeyle 2008 y\u0131l\u0131nda mahkemeye ba\u015fvurdu ve bu belgeyle tekzip karar\u0131 ald\u0131rd\u0131. Hatta, s\u00f6z konusu tekzip karar\u0131 H\u00fcrriyet gazetesinde yay\u0131nland\u0131.<\/p>\n<p style=\"text-align: justify;\">Akman d\u00fcn kamuoyuna a\u00e7\u0131klad\u0131\u011f\u0131 belgede eksik oldu\u011funu kabul etmi\u015f, ancak belgeyi hi\u00e7bir resmi kurumla payla\u015fmad\u0131\u011f\u0131n\u0131 \u00f6ne s\u00fcrm\u00fc\u015ft\u00fc.<\/p>\n<p style=\"text-align: justify;\">CNN T\u00dcRK&#8217;\u00fcn ortaya \u00e7\u0131kard\u0131\u011f\u0131 son belgeyle, Akman&#8217;\u0131n d\u00fcn kamuoyunu yanl\u0131\u015f bilgilendirdi\u011fi ve ger\u00e7e\u011fi s\u00f6ylemedi\u011fi ortaya \u00e7\u0131km\u0131\u015f oldu.<\/p>\n<p style=\"text-align: justify;\"><span style=\"color: #888888;\">Kaynak : Vatan<\/span><\/p>\n","protected":false},"excerpt":{"rendered":"<\/p>\n<p style=\"text-align: center;\">\n<p style=\"text-align: justify;\">CNN T\u00dcRK, RT\u00dcK Ba\u015fkan\u0131 Zahid Akman&#8217;\u0131n eksik belgeyle tekzip karar\u0131 ald\u0131rd\u0131\u011f\u0131n\u0131 ortaya \u00e7\u0131kard\u0131. <\/p>\n<p style=\"text-align: justify;\">CNN T\u00dcRK Haber M\u00fcd\u00fcr\u00fc R\u0131dvan Akar&#8217;\u0131n a\u00e7\u0131klad\u0131\u011f\u0131 son belgeye g\u00f6re, RT\u00dcK Ba\u015fkan\u0131 Akman, Almanya&#8217;ya giri\u015fine engel olmad\u0131\u011f\u0131na dair orijinal olmayan, eksik belgeyle 2008 y\u0131l\u0131nda mahkemeye ba\u015fvurdu ve bu belgeyle tekzip karar\u0131 ald\u0131rd\u0131. Hatta, <\/p>\n","protected":false},"author":1,"featured_media":0,"comment_status":"open","ping_status":"closed","sticky":false,"template":"","format":"standard","meta":{"footnotes":""},"categories":[105],"tags":[],"class_list":["post-10289","post","type-post","status-publish","format-standard","hentry","category-gundem","odd"],"_links":{"self":[{"href":"http:\/\/www.korhanyilmaz.com\/index.php?rest_route=\/wp\/v2\/posts\/10289","targetHints":{"allow":["GET"]}}],"collection":[{"href":"http:\/\/www.korhanyilmaz.com\/index.php?rest_route=\/wp\/v2\/posts"}],"about":[{"href":"http:\/\/www.korhanyilmaz.com\/index.php?rest_route=\/wp\/v2\/types\/post"}],"author":[{"embeddable":true,"href":"http:\/\/www.korhanyilmaz.com\/index.php?rest_route=\/wp\/v2\/users\/1"}],"replies":[{"embeddable":true,"href":"http:\/\/www.korhanyilmaz.com\/index.php?rest_route=%2Fwp%2Fv2%2Fcomments&post=10289"}],"version-history":[{"count":0,"href":"http:\/\/www.korhanyilmaz.com\/index.php?rest_route=\/wp\/v2\/posts\/10289\/revisions"}],"wp:attachment":[{"href":"http:\/\/www.korhanyilmaz.com\/index.php?rest_route=%2Fwp%2Fv2%2Fmedia&parent=10289"}],"wp:term":[{"taxonomy":"category","embeddable":true,"href":"http:\/\/www.korhanyilmaz.com\/index.php?rest_route=%2Fwp%2Fv2%2Fcategories&post=10289"},{"taxonomy":"post_tag","embeddable":true,"href":"http:\/\/www.korhanyilmaz.com\/index.php?rest_route=%2Fwp%2Fv2%2Ftags&post=10289"}],"curies":[{"name":"wp","href":"https:\/\/api.w.org\/{rel}","templated":true}]}}