{"id":10280,"date":"2009-06-19T00:57:06","date_gmt":"2009-06-18T21:57:06","guid":{"rendered":"http:\/\/www.korhanyilmaz.com\/?p=10280"},"modified":"2009-06-19T00:57:06","modified_gmt":"2009-06-18T21:57:06","slug":"akpden-deniz-feneri-itirafi","status":"publish","type":"post","link":"http:\/\/www.korhanyilmaz.com\/?p=10280","title":{"rendered":"AKP&#039;den Deniz Fener&#039;i itiraf\u0131"},"content":{"rendered":"<p style=\"text-align: center;\">\n<p style=\"text-align: center;\"><img loading=\"lazy\" decoding=\"async\" class=\"aligncenter size-full wp-image-10282\" src=\"http:\/\/www.korhanyilmaz.com\/wp-content\/uploads\/2009\/06\/gp_483610.jpg\" alt=\"\" width=\"484\" height=\"112\" \/><\/p>\n<p style=\"text-align: justify;\">Adalet Bakan\u0131 Sadullah Ergin, Almanya\u2019daki Deniz Feneri Derne\u011fi&#8217;nin, T\u00fcrkiye\u2019de ayn\u0131 ad\u0131 ta\u015f\u0131yan derne\u011fe yard\u0131mda bulundu\u011funu a\u00e7\u0131klad\u0131. Konya\u2019da yard\u0131m yap\u0131lan bir ba\u015fka derne\u011fin ba\u015fkan\u0131 ise, AKP\u2019li ve Kanal 7 y\u00f6neticisi \u00e7\u0131kt\u0131.<\/p>\n<p style=\"text-align: justify;\">ANKARA- Almanya\u2019da milyonlarca euroluk vurgun yapan Deniz Feneri e. V Derne\u011fi ile T\u00fcrkiye\u2019de ayn\u0131 ad\u0131 ta\u015f\u0131yan dernek aras\u0131ndaki ba\u011flant\u0131 oldu\u011fu ortaya \u00e7\u0131kt\u0131. Adalet Bakan\u0131 Sadullah Ergin, Almanya\u2019daki derne\u011fin T\u00fcrkiye\u2019deki derne\u011fe yard\u0131mda bulundu\u011funu a\u00e7\u0131klad\u0131.<\/p>\n<p style=\"text-align: justify;\">Deniz Feneri yolsuzlu\u011funu yak\u0131ndan takip eden CHP\u2019li Atilla Kart, bir soru \u00f6nergesi ile, Deniz Feneri e.V\u2019nin T\u00fcrkiye\u2019de yard\u0131m yapt\u0131\u011f\u0131 derneklerin a\u00e7\u0131klanmas\u0131n\u0131 istedi. Kart\u2019a ilk cevap Mehmet Ali \u015eahin\u2019in Adalet Bakanl\u0131\u011f\u0131 d\u00f6neminde geldi. \u015eahin, Almanya\u2019daki Deniz Fenerinin, T\u00fcrkiye\u2019de 9 derne\u011fe yard\u0131mda bulundu\u011funu belirtti amcak bu derneklerin isimlerini a\u00e7\u0131klamad\u0131. <!--more--><\/p>\n<p style=\"text-align: justify;\"><strong>\u201cSEHVEN\u201d HATA, GER\u00c7E\u011e\u0130 ORTAYA KOYDU<\/strong><\/p>\n<p style=\"text-align: justify;\">Sadullah Ergin\u2019in bakanl\u0131k koltu\u011funa oturmas\u0131yla yeniden \u00f6nerge veren Kart, 9 derne\u011fin isimlerini istedi. Ergin\u2019in yaz\u0131l\u0131 cevab\u0131 ise, Almanya\u2019da mahkum olan dernek ile T\u00fcrkiye\u2019deki dernek aras\u0131ndaki ba\u011f\u0131 ortaya \u00e7\u0131kard\u0131.<\/p>\n<p style=\"text-align: justify;\">\u201cAlmanya\u2019da kurulu bulunan Deniz Feneri e.V isimli derne\u011fin T\u00fcrkiye\u2019de yard\u0131mda bulundu\u011fu dernek say\u0131s\u0131n\u0131n sehven dokuz olarak bildirildi\u011fi; kay\u0131tlar\u0131n tetkikinden 3 dernek ve 1 federasyona yard\u0131mda bulunuldu\u011funun anla\u015f\u0131lm\u0131\u015ft\u0131r\u2019\u2019 diyen Bakan Ergin, bu dernekleri Deniz Feneri Yard\u0131mla\u015fma ve Dayan\u0131\u015fma Derne\u011fi, Sofular Alaaddin Camii ve \u00c7evre Koruma Derne\u011fi, T\u00fcrkiye \u0130lahiyat Tedrisat\u0131na Yard\u0131m Eden Dernekler Federasyonu ve \u0130lim Yayma Cemiyeti Konya \u015eubesi olarak a\u00e7\u0131klad\u0131.<\/p>\n<p style=\"text-align: justify;\"><strong>AKP VE KANAL 7 \u0130LE \u0130L\u0130\u015eK\u0130<\/strong><\/p>\n<p style=\"text-align: justify;\">Yard\u0131m edilen dernekler aras\u0131nda yer alan, Deniz Feneri Derne\u011fi\u2019nin d\u0131\u015f\u0131nda \u0130lim Yayma Cemiyeti Konya \u015eubesi ilgin\u00e7 bir ba\u011flant\u0131y\u0131 da ortaya koydu. \u00c7umra Belediye Ba\u015fkanl\u0131\u011f\u0131 da yapan ve son se\u00e7imde AKP\u2019den yeniden aday olan Nas\u0131r Ers\u00f6z, derne\u011fin  y\u00f6netiminde yer ald\u0131. 14 y\u0131l Ni\u011fde ve Konya\u2019da imaml\u0131k yapan Ers\u00f6z, Kanal 7 TV\u2019nin b\u00f6lge koordinat\u00f6rl\u00fc\u011f\u00fcn\u00fc yapt\u0131. Son se\u00e7imde ise ba\u015fkanl\u0131\u011f\u0131 MHP\u2019li adaya kapt\u0131rd\u0131.<\/p>\n<p style=\"text-align: justify;\"><strong>\u201cKAMU YARARINA\u201d \u00c7ALI\u015eAN FEDERASYON<\/strong><\/p>\n<p style=\"text-align: justify;\">Deniz Feneri e.V\u2019nin yard\u0131mda bulundu\u011fu T\u00fcrkiye \u0130lahiyat Tedrisat\u0131na Yard\u0131m eden Dernekler Federasyou ise, Ba\u015fbakan Erdo\u011fan ile Cemil \u00c7i\u00e7ek ve Abd\u00fclkadir Aksu\u2019nun da kurucular\u0131 aras\u0131nda bulundu\u011fu Birlik Vakf\u0131 i\u00e7inde yer al\u0131yor. Bu federasyon Bakanlar Kurulu karar\u0131 ile \u201cKamu yarar\u0131na faaliyet g\u00f6steren dernek\u201d stat\u00fcs\u00fc kazand\u0131. Halen federasyona ba\u011fl\u0131 olarak hizmet veren Saadet Narin Din \u00d6\u011fretimine Yard\u0131m Vakf\u0131 ise Ankara Gen\u00e7lik Caddesindeki 4 d\u00fckkan\u0131n\u0131n gelirini \u0130mam-Hatip liselerinden se\u00e7ilen \u00f6\u011frencilere burs olarak veriyor.<\/p>\n<p style=\"text-align: justify;\"><strong>\u201cH\u00dcK\u00dcMET DEL\u0130LLER\u0130 KARARTIYOR\u201d<\/strong><\/p>\n<p style=\"text-align: justify;\">Bakan Ergin\u2019e \u201cyard\u0131m yap\u0131lan dernek say\u0131s\u0131 neden daha \u00f6nce 9 olarak bildirilmi\u015f daha sonra 4 olarak d\u00fczelmi\u015ftir? MASAK\u2019\u0131n \u00e7al\u0131\u015fmalar\u0131 soru\u015fturmay\u0131 s\u00fcrd\u00fcren Ankara Cumhuriyet Savc\u0131l\u0131\u011f\u0131\u2019na iletilmi\u015f midir, yoksa MASAK g\u00f6stermelik bir inceleme mi yapmaktad\u0131r?\u201d sorular\u0131n\u0131 y\u00f6nelten Atilla Kart, \u201cMevcut anayasal sistemin zafiyet ve \u00e7eli\u015fkileri istismar edilerek kamu kaynaklar\u0131 talan edilmektedir. Sistemi \u00e7\u00f6kerten, i\u00e7ini bo\u015faltan ve sistemden \u00f6\u00e7 alan bu s\u00fcre\u00e7ler ya\u015fan\u0131rken, T\u00fcrkiye\u2019yi y\u00f6netemeyen, T\u00fcrkiye\u2019de Fetret d\u00f6nemini yaratan, T\u00fcrkiye\u2019yi diktaya ve kutupla\u015fmaya g\u00f6t\u00fcren bu siyasi iktidar di\u011fer taraftan da T\u00fcrkiye\u2019yi m\u00fcstemleke bir \u00fclke haline getirme g\u00f6revini \u00fcstlenmi\u015f durumdad\u0131r.\u201d diye konu\u015ftu.<\/p>\n<p style=\"text-align: justify;\"><strong>&#8220;MASAK&#8217;A DA M\u00dcDAHALE ED\u0130L\u0130YOR&#8221;<\/strong><\/p>\n<p style=\"text-align: justify;\">Kart bir soru \u00fczerine, dernek say\u0131s\u0131n\u0131n \u00f6nce 9 daha sonra 4 olarak bildirilmesinin ku\u015fkular\u0131n ne kadar yerinde oldu\u011funu g\u00f6sterdi\u011fini ifade ederek \u201cH\u00fck\u00fcmet delilleri karartmaktad\u0131r. Karartabildi\u011fini karart\u0131yor, karartamad\u0131\u011f\u0131n\u0131 b\u0131rak\u0131yor. Mehmet Ali \u015eahin\u2019in bakanl\u0131\u011f\u0131 d\u00f6neminde MASAK\u2019\u0131n analiz ve inceleme yapt\u0131\u011f\u0131 belirtiliyor. Sadullah Ergin yap\u0131lan \u00e7al\u0131\u015fmalar\u0131n inceleme a\u015famas\u0131na geldi\u011fini s\u00f6yl\u00fcyor, nas\u0131l bir \u00e7al\u0131\u015fma ciddiyetiyse mesafe al\u0131nam\u0131yor, 8 ayd\u0131r bu inceleme ve \u00e7al\u0131\u015fmalar s\u00fcr\u00fcyor. H\u00fck\u00fcmet \u0130\u00e7i\u015fleri Bakanl\u0131\u011f\u0131n\u0131n kay\u0131tlar\u0131na da MASAK\u2019a da m\u00fcdahale ediyor.\u201d diye konu\u015ftu.<\/p>\n<p style=\"text-align: justify;\"><span style=\"color: #888888;\">Kaynak : Yusuf Sahici &#8211; Gazeteport<\/span><\/p>\n<p style=\"text-align: justify;\">\n","protected":false},"excerpt":{"rendered":"<p style=\"text-align: center;\">\n<p style=\"text-align: center;\">\n<p style=\"text-align: justify;\">Adalet Bakan\u0131 Sadullah Ergin, Almanya\u2019daki Deniz Feneri Derne\u011fi&#8217;nin, T\u00fcrkiye\u2019de ayn\u0131 ad\u0131 ta\u015f\u0131yan derne\u011fe yard\u0131mda bulundu\u011funu a\u00e7\u0131klad\u0131. Konya\u2019da yard\u0131m yap\u0131lan bir ba\u015fka derne\u011fin ba\u015fkan\u0131 ise, AKP\u2019li ve Kanal 7 y\u00f6neticisi \u00e7\u0131kt\u0131.<\/p>\n<p style=\"text-align: justify;\">ANKARA- Almanya\u2019da milyonlarca euroluk vurgun yapan Deniz Feneri e. V Derne\u011fi ile T\u00fcrkiye\u2019de ayn\u0131 ad\u0131 <\/p>\n","protected":false},"author":1,"featured_media":0,"comment_status":"open","ping_status":"closed","sticky":false,"template":"","format":"standard","meta":{"footnotes":""},"categories":[105],"tags":[],"class_list":["post-10280","post","type-post","status-publish","format-standard","hentry","category-gundem","odd"],"_links":{"self":[{"href":"http:\/\/www.korhanyilmaz.com\/index.php?rest_route=\/wp\/v2\/posts\/10280","targetHints":{"allow":["GET"]}}],"collection":[{"href":"http:\/\/www.korhanyilmaz.com\/index.php?rest_route=\/wp\/v2\/posts"}],"about":[{"href":"http:\/\/www.korhanyilmaz.com\/index.php?rest_route=\/wp\/v2\/types\/post"}],"author":[{"embeddable":true,"href":"http:\/\/www.korhanyilmaz.com\/index.php?rest_route=\/wp\/v2\/users\/1"}],"replies":[{"embeddable":true,"href":"http:\/\/www.korhanyilmaz.com\/index.php?rest_route=%2Fwp%2Fv2%2Fcomments&post=10280"}],"version-history":[{"count":0,"href":"http:\/\/www.korhanyilmaz.com\/index.php?rest_route=\/wp\/v2\/posts\/10280\/revisions"}],"wp:attachment":[{"href":"http:\/\/www.korhanyilmaz.com\/index.php?rest_route=%2Fwp%2Fv2%2Fmedia&parent=10280"}],"wp:term":[{"taxonomy":"category","embeddable":true,"href":"http:\/\/www.korhanyilmaz.com\/index.php?rest_route=%2Fwp%2Fv2%2Fcategories&post=10280"},{"taxonomy":"post_tag","embeddable":true,"href":"http:\/\/www.korhanyilmaz.com\/index.php?rest_route=%2Fwp%2Fv2%2Ftags&post=10280"}],"curies":[{"name":"wp","href":"https:\/\/api.w.org\/{rel}","templated":true}]}}