{"id":10269,"date":"2009-06-15T15:30:05","date_gmt":"2009-06-15T12:30:05","guid":{"rendered":"http:\/\/www.korhanyilmaz.com\/?p=10269"},"modified":"2009-06-15T15:30:05","modified_gmt":"2009-06-15T12:30:05","slug":"iste-istanbulun-yeni-emniyet-muduru","status":"publish","type":"post","link":"http:\/\/www.korhanyilmaz.com\/?p=10269","title":{"rendered":"\u0130\u015fte \u0130stanbul&#039;un yeni emniyet m\u00fcd\u00fcr\u00fc"},"content":{"rendered":"<p><img loading=\"lazy\" decoding=\"async\" class=\"aligncenter size-full wp-image-10270\" src=\"http:\/\/www.korhanyilmaz.com\/wp-content\/uploads\/2009\/06\/fft22_mf43135.Jpeg\" alt=\"\" width=\"320\" height=\"198\" \/><\/p>\n<p style=\"text-align: justify;\"><strong>\u0130zmir Emniyet M\u00fcd\u00fcr\u00fc H\u00fcseyin \u00c7apk\u0131n, Cerrah&#8217;\u0131n yerine getirildi. <\/strong><\/p>\n<p style=\"text-align: justify;\">VAL\u0130LER Kararnamesi ile Osmaniye Valili\u011fi&#8217;ne atanan \u0130stanbul Emniyet M\u00fcd\u00fcr\u00fc Celalettin Cerrah&#8217;\u0131n yerine \u0130zmir Emniyet M\u00fcd\u00fcr\u00fc H\u00fcseyin \u00c7apk\u0131n getirildi.<\/p>\n<p style=\"text-align: justify;\"><strong>20 AY SONRA EMEKL\u0130 OLACAK <\/strong><\/p>\n<p style=\"text-align: justify;\">Bu arada \u00c7apk\u0131n&#8217;\u0131n 20 ay sonra ya\u015f haddinden emekliye ayr\u0131lacak olmas\u0131 ak\u0131llarda soru i\u015fareti yaratt\u0131. \u00c7apk\u0131n&#8217;\u0131n, bu s\u00fcre i\u00e7erisinde \u0130stanbul&#8217;da ne kadar ba\u015far\u0131l\u0131 olabilece\u011fi, emeklili\u011fine 2 y\u0131ldan az kalmas\u0131 nedeniyle atan\u0131p atanmayaca\u011f\u0131 tart\u0131\u015fma konusu oldu. <!--more--><\/p>\n<p style=\"text-align: justify;\"><strong>ADI 5 \u0130S\u0130M \u0130\u00c7\u0130NDE GE\u00c7\u0130YORDU <\/strong><\/p>\n<p style=\"text-align: justify;\">Ge\u00e7en hafta, \u0130stanbul Emniyet M\u00fcd\u00fcr\u00fc Celalettin Cerrah&#8217;\u0131n Osmaniye Valili\u011fi&#8217;ne atanmas\u0131 ard\u0131ndan yerine aday g\u00f6sterilen 5 ilin emniyet m\u00fcd\u00fcrl\u00fcklerindeki kulisleri hareketlendirmi\u015fti.<\/p>\n<p style=\"text-align: justify;\">Adaylar aras\u0131nda, \u00f6zellikle \u0130zmir&#8217;de \u00fc\u00e7 y\u0131ld\u0131r g\u00f6rev yapan 58 ya\u015f\u0131ndaki Emniyet M\u00fcd\u00fcr\u00fc H\u00fcseyin \u00c7apk\u0131n&#8217;\u0131n ad\u0131 \u00f6n plana \u00e7\u0131kt\u0131.<\/p>\n<p style=\"text-align: justify;\">Kentte kurdu\u011fu sistem ve personelinin \u00e7al\u0131\u015fmas\u0131yla halk\u0131n takdirini kazanan \u00c7apk\u0131n, Emniyet M\u00fcd\u00fcrleri kararnamesi a\u00e7\u0131klanmamas\u0131na ra\u011fmen baz\u0131 \u00e7evrelerce \u0130stanbul Emniyet M\u00fcd\u00fcr\u00fc olarak g\u00f6sterildi. Geli\u015fmeleri ve hakk\u0131nda s\u00f6ylenenleri, resmi bir g\u00f6revlendirmeme olmamas\u0131na ra\u011fmen \u015fa\u015fk\u0131nl\u0131kla, hem de gururla izleyen \u00c7apk\u0131n, konuyla ilgili \u201cdevlet memuru\u201d olmas\u0131n\u0131 gerek\u00e7e g\u00f6stererek konu\u015fmaktan ka\u00e7\u0131nd\u0131.<\/p>\n<p style=\"text-align: justify;\">\u00c7evresine, \u201cG\u00f6revimin ba\u015f\u0131nday\u0131m. Nerede g\u00f6rev verilirse en iyisini yapmaya haz\u0131r\u0131m\u201d diyerek her t\u00fcrl\u00fc g\u00f6reve haz\u0131r oldu\u011funu s\u00f6yleyen \u00c7apk\u0131n&#8217;\u0131n \u00f6n\u00fcndeki en b\u00fcy\u00fck engelin, ya\u015f haddinden emekli olmas\u0131na az say\u0131labilecek s\u00fcre kalmas\u0131 oldu.<\/p>\n<p style=\"text-align: justify;\">Emniyet m\u00fcd\u00fcrlerinin \u00fcst s\u0131n\u0131r olarak kabul edilen 60 ya\u015f\u0131ndan itibaren emekliye ayr\u0131lmak zorunda olmalar\u0131, \u00c7apk\u0131n&#8217;\u0131n, \u0130stanbul Emniyet M\u00fcd\u00fcrl\u00fc\u011f\u00fc g\u00f6revine atanmas\u0131nda soru i\u015fareti yaratt\u0131. Yakla\u015f\u0131k 20 ay sonra emekliye ayr\u0131lacak olan \u00c7apk\u0131n&#8217;\u0131n, atanmas\u0131 halinde, bu kadar s\u00fcrede \u0130stanbul&#8217;da ne kadar ba\u015far\u0131l\u0131 olabilece\u011fini tart\u0131\u015fma konusu yapt\u0131.<\/p>\n<p style=\"text-align: justify;\"><span style=\"color: #888888;\">Kaynak : Milliyet<\/span><\/p>\n<p style=\"text-align: justify;\">\n","protected":false},"excerpt":{"rendered":"<\/p>\n<p style=\"text-align: justify;\">\u0130zmir Emniyet M\u00fcd\u00fcr\u00fc H\u00fcseyin \u00c7apk\u0131n, Cerrah&#8217;\u0131n yerine getirildi. <\/p>\n<p style=\"text-align: justify;\">VAL\u0130LER Kararnamesi ile Osmaniye Valili\u011fi&#8217;ne atanan \u0130stanbul Emniyet M\u00fcd\u00fcr\u00fc Celalettin Cerrah&#8217;\u0131n yerine \u0130zmir Emniyet M\u00fcd\u00fcr\u00fc H\u00fcseyin \u00c7apk\u0131n getirildi.<\/p>\n<p style=\"text-align: justify;\">20 AY SONRA EMEKL\u0130 OLACAK <\/p>\n<p style=\"text-align: justify;\">Bu arada \u00c7apk\u0131n&#8217;\u0131n 20 ay sonra ya\u015f haddinden emekliye ayr\u0131lacak olmas\u0131 ak\u0131llarda soru <\/p>\n","protected":false},"author":1,"featured_media":0,"comment_status":"open","ping_status":"closed","sticky":false,"template":"","format":"standard","meta":{"footnotes":""},"categories":[105],"tags":[],"class_list":["post-10269","post","type-post","status-publish","format-standard","hentry","category-gundem","odd"],"_links":{"self":[{"href":"http:\/\/www.korhanyilmaz.com\/index.php?rest_route=\/wp\/v2\/posts\/10269","targetHints":{"allow":["GET"]}}],"collection":[{"href":"http:\/\/www.korhanyilmaz.com\/index.php?rest_route=\/wp\/v2\/posts"}],"about":[{"href":"http:\/\/www.korhanyilmaz.com\/index.php?rest_route=\/wp\/v2\/types\/post"}],"author":[{"embeddable":true,"href":"http:\/\/www.korhanyilmaz.com\/index.php?rest_route=\/wp\/v2\/users\/1"}],"replies":[{"embeddable":true,"href":"http:\/\/www.korhanyilmaz.com\/index.php?rest_route=%2Fwp%2Fv2%2Fcomments&post=10269"}],"version-history":[{"count":0,"href":"http:\/\/www.korhanyilmaz.com\/index.php?rest_route=\/wp\/v2\/posts\/10269\/revisions"}],"wp:attachment":[{"href":"http:\/\/www.korhanyilmaz.com\/index.php?rest_route=%2Fwp%2Fv2%2Fmedia&parent=10269"}],"wp:term":[{"taxonomy":"category","embeddable":true,"href":"http:\/\/www.korhanyilmaz.com\/index.php?rest_route=%2Fwp%2Fv2%2Fcategories&post=10269"},{"taxonomy":"post_tag","embeddable":true,"href":"http:\/\/www.korhanyilmaz.com\/index.php?rest_route=%2Fwp%2Fv2%2Ftags&post=10269"}],"curies":[{"name":"wp","href":"https:\/\/api.w.org\/{rel}","templated":true}]}}