{"id":102514,"date":"2025-04-18T13:50:10","date_gmt":"2025-04-18T10:50:10","guid":{"rendered":"http:\/\/www.korhanyilmaz.com\/?p=102514"},"modified":"2025-04-18T13:56:15","modified_gmt":"2025-04-18T10:56:15","slug":"ozgur-ozelden-can-atalay-cikisi-anayasa-mahkemesi-karar-verecek-bir-zibidi-direnecek","status":"publish","type":"post","link":"http:\/\/www.korhanyilmaz.com\/?p=102514","title":{"rendered":"\u00d6zg\u00fcr \u00d6zel&#8217;den Can Atalay \u00e7\u0131k\u0131\u015f\u0131: &#8216;Anayasa Mahkemesi karar verecek bir zibidi direnecek&#8217;"},"content":{"rendered":"<p><a href=\"http:\/\/www.korhanyilmaz.com\/wp-content\/uploads\/2025\/04\/112575.jpg\"  class=\"lightview\"><code><\/code><img loading=\"lazy\" decoding=\"async\" class=\"aligncenter wp-image-102515\" src=\"http:\/\/www.korhanyilmaz.com\/wp-content\/uploads\/2025\/04\/112575.jpg\" alt=\"\" width=\"550\" height=\"275\" \/><\/a><\/p>\n<p style=\"text-align: justify;\">\u00d6zel, Can Atalay&#8217;la ilgili ya\u015fananlara tepki g\u00f6sterdi: &#8220;Hatayl\u0131lar se\u00e7ecek zibidinin bir tanesi orada salmayacak, Anayasa Mahkemesi karar verecek zibidi direnecek. Bu hukuksuzlu\u011fa susan dilsiz \u015feytand\u0131r.&#8221;<br \/>\nK\u0131sa Dalga &#8211; CHP Genel Ba\u015fkan\u0131 \u00d6zg\u00fcr \u00d6zel, Dan\u0131\u015ftay ziyareti sonras\u0131 a\u00e7\u0131klama yapt\u0131. \u00d6zel, T\u0130P\u2019ten milletvekili se\u00e7ilen Gezi davas\u0131ndan h\u00fck\u00fcml\u00fc bulunan Can Atalay\u2019la ilgili son d\u00f6nemde ya\u015fananlara tepki g\u00f6sterdi.<\/p>\n<p style=\"text-align: justify;\">\u00d6zel, Meclis Ba\u015fkan\u0131 Numan Kurtulmu\u015f\u2019un, Anayasa Mahkemesi\u2019nin Can Atalay karar\u0131n\u0131n Meclis\u2019te okunmas\u0131na tepki g\u00f6stermesine de\u011findi.<!--more--><\/p>\n<p style=\"text-align: justify;\">\u00d6zel, \u201cY\u00fcr\u00fctmenin restini g\u00f6rm\u00fc\u015f\u00fcm de yasaman\u0131n ba\u015f\u0131ndaki Numan Kurtulmu\u015f\u2019unkini mi g\u00f6rmeyece\u011fim. Hepimiz akl\u0131m\u0131z\u0131 ba\u015f\u0131m\u0131za toplayaca\u011f\u0131z. T\u00fcrkiye\u2019nin bu tip \u00e7at\u0131\u015fmalara, bu tip gerginliklere ihtiyac\u0131 yok\u201d dedi.<\/p>\n<p style=\"text-align: justify;\"><strong>\u2018Anayasa Mahkemesi karar verecek zibidi direnecek\u2019<\/strong><\/p>\n<p style=\"text-align: justify;\"><span style=\"text-decoration: underline;\">CHP lideri s\u00f6zleri \u015f\u00f6yle s\u00fcrd\u00fcrd\u00fc<\/span>:<\/p>\n<p style=\"text-align: justify;\">\u201cHatayl\u0131lar se\u00e7ecek zibidinin bir tanesi orada salmayacak, Anayasa Mahkemesi karar verecek zibidi direnecek. Anayasa Mahkemesi karar verecek, talimatla bu hukuksuzlu\u011fa herkes susacak. Bu hukuksuzlu\u011fa susan dilsiz \u015feytand\u0131r.<\/p>\n<p style=\"text-align: justify;\">Bu kadar s\u00f6yl\u00fcyorum. Bundan sonra da herkes herkes kendi g\u00f6revini kendi g\u00f6revini yapacak. Hi\u00e7 \u00f6yle panik olmaya falan da gerek yok. Do\u011fru, d\u00fczg\u00fcn, tutarl\u0131, hukuka uygun duran herkesin arkas\u0131nda millet durur Numan Bey. Herkesin arkas\u0131nda durur. Tarihin kritik bir noktas\u0131ndas\u0131n\u0131z ve g\u00f6revinizi hukuk g\u00f6re mi yapacaks\u0131n\u0131z, AK Parti&#8217;nin telkin etti\u011fi hukuka g\u00f6re mi yapacaks\u0131n\u0131z onu g\u00f6rece\u011fiz.\u201d<\/p>\n<blockquote class=\"twitter-tweet\" data-media-max-width=\"560\">\n<p dir=\"ltr\" lang=\"tr\">CHP lideri \u00d6zg\u00fcr \u00d6zel&#8217;den Can Atalay \u00e7\u0131k\u0131\u015f\u0131:<\/p>\n<p style=\"text-align: center;\">&#8220;Hatayl\u0131lar se\u00e7ecek zibidinin bir tanesi orada salmayacak, Anayasa Mahkemesi karar verecek zibidi direnecek. Anayasa Mahkemesi karar verecek, talimatla bu hukuksuzlu\u011fa herkes susacak. Bu hukuksuzlu\u011fa susan dilsiz \u015feytand\u0131r.&#8221;\u2026<\/p>\n<p><center><a href=\"https:\/\/t.co\/jnSZMBd8q7\">pic.twitter.com\/jnSZMBd8q7<\/a>\u2014 K\u0131sa Dalga (@kisadalgamedya) <a href=\"https:\/\/twitter.com\/kisadalgamedya\/status\/1913179507734819176?ref_src=twsrc%5Etfw\">April 18, 2025<\/a><\/center><\/p>\n<p style=\"text-align: center;\">\n<\/blockquote>\n<p><script async src=\"https:\/\/platform.twitter.com\/widgets.js\" charset=\"utf-8\"><\/script><\/p>\n<p>Kaynak : <a href=\"https:\/\/kisadalga.net\/haber\/gundem\/ozgur-ozelden-can-atalay-cikisi-anayasa-mahkemesi-karar-verecek-bir-zibidi-direnecek-124828\" target=\"_blank\" rel=\"noopener\">kisadalga.net<\/a><\/p>\n","protected":false},"excerpt":{"rendered":"<\/p>\n<p style=\"text-align: justify;\">\u00d6zel, Can Atalay&#8217;la ilgili ya\u015fananlara tepki g\u00f6sterdi: &#8220;Hatayl\u0131lar se\u00e7ecek zibidinin bir tanesi orada salmayacak, Anayasa Mahkemesi karar verecek zibidi direnecek. Bu hukuksuzlu\u011fa susan dilsiz \u015feytand\u0131r.&#8221; K\u0131sa Dalga &#8211; CHP Genel Ba\u015fkan\u0131 \u00d6zg\u00fcr \u00d6zel, Dan\u0131\u015ftay ziyareti sonras\u0131 a\u00e7\u0131klama yapt\u0131. \u00d6zel, T\u0130P\u2019ten milletvekili se\u00e7ilen Gezi davas\u0131ndan h\u00fck\u00fcml\u00fc bulunan Can Atalay\u2019la ilgili son d\u00f6nemde ya\u015fananlara <\/p>\n","protected":false},"author":1,"featured_media":0,"comment_status":"closed","ping_status":"closed","sticky":false,"template":"","format":"standard","meta":{"footnotes":""},"categories":[105],"tags":[1031,3155,4005,7015,1030,6346,3348,558,957,3023,7016],"class_list":["post-102514","post","type-post","status-publish","format-standard","hentry","category-gundem","tag-ak-parti","tag-anayasa-mahkemesi-aym","tag-can-atalay","tag-can-atalay-karari","tag-danistay","tag-gezi-davasi","tag-hatay","tag-numan-kurtulmus","tag-ozgur-ozel","tag-tip","tag-zibidi","odd"],"_links":{"self":[{"href":"http:\/\/www.korhanyilmaz.com\/index.php?rest_route=\/wp\/v2\/posts\/102514","targetHints":{"allow":["GET"]}}],"collection":[{"href":"http:\/\/www.korhanyilmaz.com\/index.php?rest_route=\/wp\/v2\/posts"}],"about":[{"href":"http:\/\/www.korhanyilmaz.com\/index.php?rest_route=\/wp\/v2\/types\/post"}],"author":[{"embeddable":true,"href":"http:\/\/www.korhanyilmaz.com\/index.php?rest_route=\/wp\/v2\/users\/1"}],"replies":[{"embeddable":true,"href":"http:\/\/www.korhanyilmaz.com\/index.php?rest_route=%2Fwp%2Fv2%2Fcomments&post=102514"}],"version-history":[{"count":0,"href":"http:\/\/www.korhanyilmaz.com\/index.php?rest_route=\/wp\/v2\/posts\/102514\/revisions"}],"wp:attachment":[{"href":"http:\/\/www.korhanyilmaz.com\/index.php?rest_route=%2Fwp%2Fv2%2Fmedia&parent=102514"}],"wp:term":[{"taxonomy":"category","embeddable":true,"href":"http:\/\/www.korhanyilmaz.com\/index.php?rest_route=%2Fwp%2Fv2%2Fcategories&post=102514"},{"taxonomy":"post_tag","embeddable":true,"href":"http:\/\/www.korhanyilmaz.com\/index.php?rest_route=%2Fwp%2Fv2%2Ftags&post=102514"}],"curies":[{"name":"wp","href":"https:\/\/api.w.org\/{rel}","templated":true}]}}