{"id":10246,"date":"2009-06-15T13:46:22","date_gmt":"2009-06-15T11:46:22","guid":{"rendered":"http:\/\/www.korhanyilmaz.com\/?p=10246"},"modified":"2009-06-15T13:46:22","modified_gmt":"2009-06-15T11:46:22","slug":"%e2%80%9cakp-ve-gulen%e2%80%99i-bitirme-plani%e2%80%9dna-kilicdaroglu-yorumu","status":"publish","type":"post","link":"http:\/\/www.korhanyilmaz.com\/?p=10246","title":{"rendered":"\u201cAKP ve G\u00fclen\u2019i Bitirme Plan\u0131\u201dna K\u0131l\u0131\u00e7daro\u011flu yorumu"},"content":{"rendered":"<p style=\"text-align: center;\"><img loading=\"lazy\" decoding=\"async\" class=\"aligncenter size-full wp-image-10247\" src=\"http:\/\/www.korhanyilmaz.com\/wp-content\/uploads\/2009\/06\/150620091628135936398.jpg\" alt=\"\" width=\"329\" height=\"210\" \/><\/p>\n<p style=\"text-align: justify;\"><strong>&#8216;Belge sahte de olsa do\u011fru da olsa Ba\u015fbakan gere\u011fini yapmak \u00fczere harekete ge\u00e7meli&#8217; <\/strong><\/p>\n<p style=\"text-align: justify;\">CHP Grup Ba\u015fkanvekili Kemal K\u0131l\u0131\u00e7daro\u011flu, Taraf Gazetesi\u2019nde yay\u0131nlanan \u201cAKP ve G\u00fclen\u2019i Bitirme Plan\u0131\u201d ba\u015fl\u0131kl\u0131 haberde yer alan belge sahte de olsa do\u011fru da olsa Ba\u015fbakan\u0131n gere\u011fini yapmak \u00fczere harekete ge\u00e7mesi gerekti\u011fini s\u00f6yledi.<\/p>\n<p style=\"text-align: justify;\">K\u0131l\u0131\u00e7daro\u011flu, \u201cE\u011fer sahte ise Say\u0131n ba\u015fbakan\u0131n \u00e7ok daha aktif bir \u015fekilde bunun gere\u011fini yapmak \u00fczere harekete ge\u00e7mesi gerekiyor. Do\u011fru ise de gere\u011fini yapmak \u00fczere harekete ge\u00e7mesi gerekiyor. \u0130ki halde de Say\u0131n Ba\u015fbakan\u0131n verdi\u011fi s\u00f6z\u00fcn arkas\u0131nda duraca\u011f\u0131n\u0131, umuyoruz ve diliyoruz\u201ddedi.<\/p>\n<p style=\"text-align: justify;\">K\u0131l\u0131\u00e7daro\u011flu, eski Genelkurmay Ba\u015fkan\u0131 Ya\u015far B\u00fcy\u00fckan\u0131t\u2019\u0131n Ba\u015fbakanla Dolmabah\u00e7e\u2019de yapt\u0131\u011f\u0131 g\u00f6r\u00fc\u015fmeye ili\u015fkin s\u00f6zlerini \u201cElbette bir ba\u015fbakanla bir genelkurmay ba\u015fkan\u0131 devlet meselelerini g\u00f6r\u00fc\u015fm\u00fc\u015f olabilirler. Ama bu g\u00f6r\u00fc\u015fmenin izd\u00fc\u015f\u00fcmleri devlet ar\u015fivlerine yans\u0131r\u201d s\u00f6zleriyle de\u011ferlendirdi. <!--more--><\/p>\n<p style=\"text-align: justify;\">CHP Grup Ba\u015fkanvekili Kemal K\u0131l\u0131\u00e7daro\u011flu, Taraf Gazetesi\u2019nde yay\u0131nlanan \u201cAKP ve G\u00fclen\u2019i Bitirme Plan\u0131\u201d ba\u015fl\u0131kl\u0131 haberde yer alan belge sahte de olsa do\u011fru da olsa Ba\u015fbakan\u0131n gere\u011fini yapmak \u00fczere harekete ge\u00e7mesi gerekti\u011fini s\u00f6yledi. K\u0131l\u0131\u00e7daro\u011flu, \u201cE\u011fer sahte ise Say\u0131n Ba\u015fbakan\u0131n \u00e7ok daha aktif bir \u015fekilde bunun gere\u011fini yapmak \u00fczere harekete ge\u00e7mesi gerekiyor. Do\u011fru ise de gere\u011fini yapmak \u00fczere harekete ge\u00e7mesi gerekiyor. \u0130ki halde de Say\u0131n Ba\u015fbakan\u0131n verdi\u011fi s\u00f6z\u00fcn arkas\u0131nda duraca\u011f\u0131n\u0131, umuyoruz ve diliyoruz\u201d dedi. K\u0131l\u0131\u00e7daro\u011flu, eski Genelkurmay Ba\u015fkan\u0131 Ya\u015far B\u00fcy\u00fckan\u0131t\u2019\u0131n Ba\u015fbakanla Dolmabah\u00e7e\u2019de yapt\u0131\u011f\u0131 g\u00f6r\u00fc\u015fmeye ili\u015fkin s\u00f6zlerini \u201cElbette bir ba\u015fbakanla bir genelkurmay ba\u015fkan\u0131 devlet meselelerini g\u00f6r\u00fc\u015fm\u00fc\u015f olabilirler. Ama bu g\u00f6r\u00fc\u015fmenin izd\u00fc\u015f\u00fcmleri devlet ar\u015fivlerine yans\u0131r\u201ds\u00f6zleriyle de\u011ferlendirdi.<\/p>\n<p style=\"text-align: justify;\">K\u0131l\u0131\u00e7daro\u011flu, T\u00fcrkiye Gazeteciler Sendikas\u0131 (TGS) Ba\u015fkan\u0131 Ercan \u0130pek\u00e7i ve Sabah-Atv grevcilerini kabul\u00fcnde gazetecilerin g\u00fcndeme ili\u015fkin sorular\u0131n\u0131 yan\u0131tlad\u0131. Genelkurmay Ba\u015fkanl\u0131\u011f\u0131\u2019ndan, Taraf Gazetesi\u2019nde yer alan \u201cdarbe plan\u0131\u201d belgesiyle ilgili yap\u0131lan a\u00e7\u0131klaman\u0131n hat\u0131rlat\u0131lmas\u0131 \u00fczerine K\u0131l\u0131\u00e7daro\u011flu, bu s\u00fcrecin sa\u011fl\u0131kl\u0131 geli\u015febilmesi i\u00e7in \u00f6ncelikle bas\u0131na uygulanan sans\u00fcr\u00fcn kald\u0131r\u0131lmas\u0131 gerekti\u011fini s\u00f6yledi. K\u0131l\u0131\u00e7daro\u011flu, \u201cMadem ki \u00f6zg\u00fcrce tart\u0131\u015faca\u011f\u0131z, o zaman bu s\u00fcre\u00e7te bu yasak kald\u0131r\u0131lacak ve insanlar \u00f6zg\u00fcrce tart\u0131\u015facaklar. Bu s\u00fcre\u00e7 a\u00e7\u0131lmal\u0131. Belgenin sahte olup olmad\u0131\u011f\u0131, belgenin birileri taraf\u0131ndan oraya konulup konulmad\u0131\u011f\u0131, bu sa\u011fl\u0131kl\u0131 tart\u0131\u015fma s\u00fcrecinde ancak ortaya \u00e7\u0131kabilir. Bu s\u00fcreci laboratuarlarda yap\u0131lan \u00e7al\u0131\u015fmalar, deneyler, kriminal \u00e7al\u0131\u015fmalar destekleyebilir. Ama bu yasa\u011f\u0131n ivedilikle kalkmas\u0131 gerekir diye d\u00fc\u015f\u00fcn\u00fcyorum.\u201ddedi. K\u0131l\u0131\u00e7daro\u011flu, \u201cBa\u015fbakan belgeyle ilgili gere\u011fini yapaca\u011f\u0131m diyor, gere\u011fi ne olabilir, Genelkurmay Ba\u015fkan\u0131n\u0131 m\u0131 g\u00f6revden alacak?\u201d \u015feklindeki bir soruya ise \u201cSay\u0131n Ba\u015fbakan bu tart\u0131\u015fma s\u00fcreci sonunda e\u011fer ger\u00e7ekten birileri taraf\u0131ndan bu belge, sahte olarak \u00fcretilsin ya da do\u011fru olsun. \u0130ki halde de gere\u011fi yap\u0131lmal\u0131. E\u011fer sahte ise Say\u0131n ba\u015fbakan\u0131n \u00e7ok daha aktif bir \u015fekilde bunun gere\u011fini yapmak \u00fczere harekete ge\u00e7mesi gerekiyor. Do\u011fru ise de gere\u011fini yapmak \u00fczere harekete ge\u00e7mesi gerekiyor. \u0130ki halde de Say\u0131n Ba\u015fbakan\u0131n verdi\u011fi s\u00f6z\u00fcn arkas\u0131nda duraca\u011f\u0131n\u0131, umuyoruz ve diliyoruz.\u201dkar\u015f\u0131l\u0131\u011f\u0131n\u0131 verdi.<\/p>\n<p style=\"text-align: justify;\"><strong>\u201cDOLMABAH\u00c7E G\u00d6R\u00dc\u015eMES\u0130 DEVLET AR\u015e\u0130VLER\u0130NDE OLMALI\u201d <\/strong><\/p>\n<p style=\"text-align: justify;\">K\u0131l\u0131\u00e7daro\u011flu, Ba\u015fbakan Erdo\u011fan ile Dolmabah\u00e7e\u2019de yapt\u0131\u011f\u0131 g\u00f6r\u00fc\u015fmeyi \u201cDolmabah\u00e7e devlet i\u015fidir\u201d diyen eski Genelkurmay Ba\u015fkan\u0131 Ya\u015far B\u00fcy\u00fckan\u0131t\u2019\u0131n s\u00f6zlerini de de\u011ferlendirdi. Bir ba\u015fbakanla bir genelkurmay ba\u015fkan\u0131n\u0131n elbette devlet meselelerini g\u00f6r\u00fc\u015fm\u00fc\u015f olabilece\u011fini kaydeden K\u0131l\u0131\u00e7daro\u011flu, \u201cAma bu g\u00f6r\u00fc\u015fmenin izd\u00fc\u015f\u00fcmleri devlet ar\u015fivlerine yans\u0131r. Ki\u015filere \u00f6zg\u00fc, \u00f6l\u00fcnceye kadar, a\u00e7\u0131klanmayacakt\u0131r diye bir kavram sa\u011fl\u0131kl\u0131 \u00e7al\u0131\u015fan bir devlet y\u00f6netimlerinde olmaz. En az\u0131ndan Say\u0131n B\u00fcy\u00fckan\u0131t\u2019\u0131n kendisinden sonra gelen genelkurmay ba\u015fkan\u0131na bu g\u00f6r\u00fc\u015fmelerin i\u00e7eri\u011fini ve ayr\u0131nt\u0131lar\u0131n\u0131 anlatmas\u0131 gerekir. Madem devlette devaml\u0131l\u0131k dedi\u011fimiz bir kavram vard\u0131r, devlet ki\u015filere \u00f6zg\u00fc olarak b\u00fcy\u00fcmez ve k\u00fc\u00e7\u00fclmez, ki\u015filere \u00f6zg\u00fc olarak bilgilenir ya da bilgilenmez diye bir kavram yoktur. Devletin b\u00fct\u00fcn kurumlar\u0131n\u0131n \u00e7al\u0131\u015fma tarzlar\u0131, belgeleri devletin ar\u015fivlerinde olur. Devletin b\u00fcrokrasisi ta\u015f\u0131r. Devletin haf\u0131zas\u0131, devletin b\u00fcrokrasisinde olur. Ki\u015filerin haf\u0131zalar\u0131, devletin haf\u0131zalar\u0131 demek de\u011fildir. Bu g\u00f6r\u00fc\u015fleri a\u00e7\u0131klamayabilirler. Ama o zaman bu g\u00f6r\u00fc\u015fmelerin ayr\u0131nt\u0131lar\u0131n\u0131n devletin ar\u015fivlerinde yer almas\u0131n\u0131 sa\u011flarlar\u201ddiye konu\u015ftu.<\/p>\n<p style=\"text-align: justify;\"><strong>\u201cM\u0130ZAH UNSURU OLARAK KABUL ED\u0130YORUM\u201d<\/strong><\/p>\n<p style=\"text-align: justify;\">K\u0131l\u0131\u00e7daro\u011flu, Ba\u015fbakan Erdo\u011fan\u2019a y\u00f6nelik \u201cBelgeleri aln\u0131na \u00e7ivilerim\u201d s\u00f6z\u00fc nedeniyle kendisi hakk\u0131nda dava a\u00e7\u0131ld\u0131\u011f\u0131n\u0131n ve bir AKP milletvekilinin de bu s\u00f6zleri tehdit unsuru olarak g\u00f6rd\u00fc\u011f\u00fcn\u00fcn hat\u0131rlat\u0131lmas\u0131 \u00fczerine de \u201cBunu bir mizah unsuru olarak kabul ediyorum. Herhalde ilgili AKP milletvekili de mizah yapm\u0131\u015ft\u0131r. Bu mizah\u0131n cumhuriyet savc\u0131lar\u0131 taraf\u0131ndan ciddiye al\u0131nmas\u0131n\u0131 da anlam\u0131\u015f de\u011filim\u201d dedi.<\/p>\n<p style=\"text-align: justify;\"><span style=\"color: #888888;\">Kaynak : Vatan<\/span><\/p>\n","protected":false},"excerpt":{"rendered":"<p style=\"text-align: center;\">\n<p style=\"text-align: justify;\">&#8216;Belge sahte de olsa do\u011fru da olsa Ba\u015fbakan gere\u011fini yapmak \u00fczere harekete ge\u00e7meli&#8217; <\/p>\n<p style=\"text-align: justify;\">CHP Grup Ba\u015fkanvekili Kemal K\u0131l\u0131\u00e7daro\u011flu, Taraf Gazetesi\u2019nde yay\u0131nlanan \u201cAKP ve G\u00fclen\u2019i Bitirme Plan\u0131\u201d ba\u015fl\u0131kl\u0131 haberde yer alan belge sahte de olsa do\u011fru da olsa Ba\u015fbakan\u0131n gere\u011fini yapmak \u00fczere harekete ge\u00e7mesi gerekti\u011fini s\u00f6yledi.<\/p>\n<p style=\"text-align:  \n\n","protected":false},"author":1,"featured_media":0,"comment_status":"open","ping_status":"closed","sticky":false,"template":"","format":"standard","meta":{"footnotes":""},"categories":[105],"tags":[],"class_list":["post-10246","post","type-post","status-publish","format-standard","hentry","category-gundem","odd"],"_links":{"self":[{"href":"http:\/\/www.korhanyilmaz.com\/index.php?rest_route=\/wp\/v2\/posts\/10246","targetHints":{"allow":["GET"]}}],"collection":[{"href":"http:\/\/www.korhanyilmaz.com\/index.php?rest_route=\/wp\/v2\/posts"}],"about":[{"href":"http:\/\/www.korhanyilmaz.com\/index.php?rest_route=\/wp\/v2\/types\/post"}],"author":[{"embeddable":true,"href":"http:\/\/www.korhanyilmaz.com\/index.php?rest_route=\/wp\/v2\/users\/1"}],"replies":[{"embeddable":true,"href":"http:\/\/www.korhanyilmaz.com\/index.php?rest_route=%2Fwp%2Fv2%2Fcomments&post=10246"}],"version-history":[{"count":0,"href":"http:\/\/www.korhanyilmaz.com\/index.php?rest_route=\/wp\/v2\/posts\/10246\/revisions"}],"wp:attachment":[{"href":"http:\/\/www.korhanyilmaz.com\/index.php?rest_route=%2Fwp%2Fv2%2Fmedia&parent=10246"}],"wp:term":[{"taxonomy":"category","embeddable":true,"href":"http:\/\/www.korhanyilmaz.com\/index.php?rest_route=%2Fwp%2Fv2%2Fcategories&post=10246"},{"taxonomy":"post_tag","embeddable":true,"href":"http:\/\/www.korhanyilmaz.com\/index.php?rest_route=%2Fwp%2Fv2%2Ftags&post=10246"}],"curies":[{"name":"wp","href":"https:\/\/api.w.org\/{rel}","templated":true}]}}