{"id":10234,"date":"2009-06-15T11:05:00","date_gmt":"2009-06-15T08:05:00","guid":{"rendered":"http:\/\/www.korhanyilmaz.com\/?p=10234"},"modified":"2009-06-15T11:05:00","modified_gmt":"2009-06-15T08:05:00","slug":"kart-borclari-yeniden-yapilandirilacak","status":"publish","type":"post","link":"http:\/\/www.korhanyilmaz.com\/?p=10234","title":{"rendered":"Kart bor\u00e7lar\u0131 yeniden yap\u0131land\u0131r\u0131lacak"},"content":{"rendered":"<p style=\"text-align: center;\"><a href=\"http:\/\/www.korhanyilmaz.com\/wp-content\/uploads\/2009\/06\/ali-babacan.jpg\"  class=\"lightview\"><img loading=\"lazy\" decoding=\"async\" class=\"aligncenter size-full wp-image-10235\" src=\"http:\/\/www.korhanyilmaz.com\/wp-content\/uploads\/2009\/06\/ali-babacan.jpg\" alt=\"\" width=\"315\" height=\"208\" \/><\/a><\/p>\n<p style=\"text-align: justify;\">Devlet Bakan\u0131 ve Ba\u015fbakan Yard\u0131mc\u0131s\u0131 Ali Babacan, 31 May\u0131s 2009 tarihi itibariyle \u00f6deme ihtar\u0131 \u00e7ekilmi\u015f, icra takibi ba\u015flat\u0131lm\u0131\u015f ya da bankalarca takibe al\u0131nm\u0131\u015f kredi kart\u0131 bor\u00e7lar\u0131 i\u00e7in yeni bir \u00f6deme plan\u0131n\u0131n uygulamaya konulaca\u011f\u0131n\u0131 bildirdi.<\/p>\n<p style=\"text-align: justify;\">Babacan, d\u00fczenledi\u011fi bas\u0131n toplant\u0131s\u0131nda, kredi kart\u0131n\u0131n bir nakit kullan\u0131m ve \u00f6deme arac\u0131 oldu\u011funu, bu kartlar\u0131n borcu bor\u00e7la \u00e7evirme ve borcu \u00f6teleme arac\u0131 olmad\u0131\u011f\u0131n\u0131 belirtti.<\/p>\n<p style=\"text-align: justify;\">Kredi kart\u0131 kullan\u0131m\u0131n\u0131n daha da yayg\u0131nla\u015fmas\u0131n\u0131n genel ekonomik \u00e7er\u00e7evede uygun olaca\u011f\u0131n\u0131 ve bu do\u011frultuda kart kullan\u0131m\u0131n\u0131 te\u015fvik ettiklerini kaydeden Babacan, &#8221;Kredi kartlar\u0131n\u0131n daha rasyonel kullan\u0131m\u0131n\u0131 sa\u011flayacak uygulamalar\u0131 hayata ge\u00e7irmek ve takipteki kredi kart\u0131 sorununa \u00e7\u00f6z\u00fcm getirmek i\u00e7in yeni d\u00fczenlemelere ihtiya\u00e7 var&#8221; dedi.<!--more--><\/p>\n<p style=\"text-align: justify;\">Bu \u00e7er\u00e7evede yeni bir d\u00fczenlemeye gidilece\u011fini ifade eden Babacan, kredi kart\u0131 bor\u00e7lar\u0131na yeni bir \u00f6deme plan\u0131 getiren d\u00fczenlemeden 874 bin 657 vatanda\u015f\u0131n yararlanaca\u011f\u0131n\u0131 s\u00f6yledi. Babacan, 30 Nisan 2009 itibariyle 874 bin 657 ki\u015finin kulland\u0131\u011f\u0131 1 milyon 301 bin 302 kredi kart\u0131nda tahsili gecikmi\u015f ve takibe al\u0131nm\u0131\u015f kredi miktar\u0131n\u0131n 3 milyar 107 milyon lira olarak belirlendi\u011fini vurgulad\u0131.<\/p>\n<p style=\"text-align: justify;\"><strong>&#8221;YEN\u0130 D\u00dcZENLEMEYLE D\u00d6V\u0130Z GEL\u0130R\u0130 OLMAYAN F\u0130RMALAR DA D\u00d6V\u0130Z KRED\u0130S\u0130 KULLANAB\u0130LECEK&#8221;<\/strong><\/p>\n<p style=\"text-align: justify;\">Devlet Bakan\u0131 ve Ba\u015fbakan Yard\u0131mc\u0131s\u0131 Ali Babacan, d\u00f6viz cinsi ve d\u00f6vize endeksli kredi kullan\u0131m\u0131na ili\u015fkin d\u00fczenlemeyle ihtiyatl\u0131, risk y\u00f6netimini \u00f6n planda tutan, firmalar\u0131n ve bankalar\u0131n risklerini art\u0131rmayacak yeni bir sisteme ge\u00e7ilece\u011fini belirterek, &#8221;Yeni d\u00fczenlemeyle getirilen en \u00f6nemli husus, d\u00f6viz geliri olmayan firmalar da belli limitler \u00e7er\u00e7evesinde d\u00f6viz kredisi kullanabilecek&#8221; dedi.<\/p>\n<p style=\"text-align: justify;\">Babacan, d\u00fczenledi\u011fi bas\u0131n toplant\u0131s\u0131nda, bug\u00fcn mali sekt\u00f6rle ilgili iki \u00e7al\u0131\u015fmay\u0131 kamuoyuyla payla\u015facaklar\u0131n\u0131, bunlardan ilkinin d\u00f6viz cinsi ve d\u00f6vize endeksli kredi kullan\u0131m\u0131na ili\u015fkin esaslarda \u00f6ng\u00f6r\u00fclen de\u011fi\u015fiklik, ikincinin ise kredi kartlar\u0131na ve kredi kartlar\u0131 bor\u00e7lar\u0131na ili\u015fkin d\u00fczenlemeler oldu\u011funu belirtti.<\/p>\n<p style=\"text-align: justify;\">Yurt i\u00e7i d\u00f6viz cinsi ve d\u00f6vize endeksli kredi kullan\u0131m\u0131na ili\u015fkin y\u00fcr\u00fcrl\u00fckte bulunan yasan\u0131n firma ve ger\u00e7ek ki\u015filer bak\u0131m\u0131ndan 3 farkl\u0131 uygulamay\u0131 \u00f6ng\u00f6rd\u00fc\u011f\u00fcn\u00fc ifade eden Babacan, bu mevcut d\u00fczenlemede d\u00f6viz geliri olan firmalar\u0131n yurt i\u00e7i bankac\u0131l\u0131k sisteminden d\u00f6viz cinsi ve d\u00f6vize endeksli kredi kullanabildi\u011fini kaydetti.<\/p>\n<p style=\"text-align: justify;\">Babacan, d\u00f6viz geliri olmayan firmalar\u0131n yurt i\u00e7i bankac\u0131l\u0131k sisteminden d\u00f6viz cinsi kredi kullanamad\u0131\u011f\u0131n\u0131, ancak d\u00f6vize endeksli kredi kullanabildiklerine i\u015faret etti.<\/p>\n<p style=\"text-align: justify;\">T\u00fcketicilerin ise yurt i\u00e7i bankac\u0131l\u0131k sisteminde d\u00f6viz cinsi kredi kullanamad\u0131\u011f\u0131n\u0131, ancak d\u00f6vize endeksli kredi kullanabildi\u011fini anlatan Babacan, \u015f\u00f6yle konu\u015ftu:<\/p>\n<p style=\"text-align: justify;\">&#8221;Yurt i\u00e7inde d\u00f6viz cinsi ve d\u00f6vize endeksli kredi kullan\u0131m\u0131nda baz\u0131 s\u0131n\u0131rlamalar bulunurken d\u00f6viz geliri olsun ya da olmas\u0131n t\u00fcm firmalar yurt d\u0131\u015f\u0131nda her t\u00fcrl\u00fc ticari ve mesleki faaliyetinin finansman\u0131 amac\u0131yla d\u00f6viz cinsinden kredi temin edebilmektedirler. Yurt i\u00e7inde d\u00f6viz cinsi kredi kullanabilmekteki k\u0131s\u0131tlamalar nedeniyle firmalar s\u0131kl\u0131kla T\u00fcrkiye&#8217;de kurulu bankalar\u0131m\u0131z\u0131n yurt d\u0131\u015f\u0131 \u015fubelerinden d\u00f6viz kredisi kullanma y\u00f6ntemine ba\u015fvurmaktad\u0131rlar. Nitekim 2009 y\u0131l\u0131 Mart sonu itibariyle reel sekt\u00f6r firmalar\u0131m\u0131z\u0131n yabanc\u0131 para cinsinden sa\u011flad\u0131\u011f\u0131 139 milyar dolarl\u0131k kredinin 35 milyar dolarl\u0131k k\u0131sm\u0131 T\u00fcrkiye&#8217;de kurulu bankalar\u0131m\u0131z\u0131n yurt d\u0131\u015f\u0131 \u015fube ve i\u015ftiraklerinden kullan\u0131lm\u0131\u015ft\u0131r. Bu durum s\u00f6z konusu d\u00f6viz kredilerinin T\u00fcrkiye&#8217;nin d\u0131\u015f borcu olarak istatistiklere girmesi nedeniyle T\u00fcrkiye&#8217;nin bor\u00e7luluk g\u00f6stergelerini olumsuz y\u00f6nden etkilemektedir.<\/p>\n<p style=\"text-align: justify;\">Ayr\u0131ca firmalar\u0131m\u0131z yurt d\u0131\u015f\u0131nda daha kolay kredi temin etmek amac\u0131yla yurt d\u0131\u015f\u0131 bankalar nezdinde teminat olarak d\u00f6viz bulundurmaktad\u0131r. Bu da tasarruflar\u0131n yurt i\u00e7inde de\u011ferlendirilememesine sebep olmaktad\u0131r.&#8221;<\/p>\n<p style=\"text-align: justify;\">Babacan, 2008 y\u0131l\u0131 sonu itibariyle \u00f6zel sekt\u00f6r\u00fcn yurt d\u0131\u015f\u0131 bankalar ve T\u00fcrkiye&#8217;de kurulu bankalar\u0131n yurt d\u0131\u015f\u0131 \u015fubelerinde tuttu\u011fu mevduat toplam\u0131n\u0131n 33 milyar dolar seviyesinde oldu\u011funu kaydetti.<br \/>\n\u00d6te yandan t\u00fcketicilerin d\u00f6vize endeksli kredi kullanabilmeleri nedeniyle \u015fu anda kur riskine a\u00e7\u0131k oldu\u011funu belirten Babacan, bunun da hem t\u00fcketici baz\u0131nda hem de makro d\u00fczeyde kur riskinin izlenememesi ve y\u00f6netilememesi sonucunu beraberinde getirdi\u011fini s\u00f6yledi.\n<\/p>\n<p style=\"text-align: justify;\"><strong>D\u00d6V\u0130Z C\u0130NS\u0130 KRED\u0130 KULLANIMI<\/strong><\/p>\n<p style=\"text-align: justify;\">D\u00f6viz cinsi ve d\u00f6vize endeksli kredi kullan\u0131m\u0131na ili\u015fkin d\u00fczenlemeyle ihtiyatl\u0131, risk y\u00f6netimini \u00f6n planda tutan, firmalar\u0131n ve bankalar\u0131n risklerini art\u0131rmayacak yeni bir sisteme ge\u00e7ilece\u011fini ifade eden Babacan \u015f\u00f6yle devam etti:<\/p>\n<p style=\"text-align: justify;\">&#8221;Yeni sistemde d\u00f6viz geliri olan firmalar eskiden oldu\u011fu gibi yurt i\u00e7i bankac\u0131l\u0131k sisteminden d\u00f6viz cinsinden kredi kullanmaya devam edecekler. Bu t\u00fcr krediler i\u00e7in daha \u00f6nce 18 ay olan vade s\u0131n\u0131r\u0131n\u0131 kald\u0131r\u0131yoruz. Yeni d\u00fczenlemeyle getirilen en \u00f6nemli hususun d\u00f6viz geliri olmayan firmalar\u0131n da belli limitler \u00e7er\u00e7evesinde d\u00f6viz kredisi kullanmas\u0131na imkan sa\u011flanmas\u0131d\u0131r. Bu ba\u011flamda d\u00f6viz geliri olmayan firmalar bu d\u00fczenlemeyle bundan sonra vadesi 1 y\u0131ldan fazla ve tutar\u0131 5 milyon dolardan daha y\u00fcksek olmak \u00fczere yurt i\u00e7ine yerle\u015fik bankalardan d\u00f6viz kredisi kullanabilecektir. Bu 1989 y\u0131l\u0131nda y\u00fcr\u00fcrl\u00fc\u011fe giren 32 say\u0131l\u0131 kararnamenin y\u00fcr\u00fcrl\u00fc\u011fe girmesinden bug\u00fcne kadar belki son 20 y\u0131ld\u0131r at\u0131lan en \u00f6nemli ad\u0131md\u0131r. D\u00f6viz cinsinden bor\u00e7lanmaya bir alt s\u0131n\u0131r konulmas\u0131n\u0131n nedeni de b\u00fcy\u00fck miktarl\u0131 d\u00f6viz kredisi talep eden firmalar\u0131m\u0131z\u0131n kur riskine ili\u015fkin de\u011ferlendirmeyi ve bankalar\u0131m\u0131z\u0131n da s\u00f6z konusu firmalarla ilgili risk kontrol\u00fcn\u00fc daha iyi yapabilecek olmas\u0131d\u0131r.<\/p>\n<p style=\"text-align: justify;\">Ayr\u0131ca d\u00f6viz geliri bulunmayan firmalar\u0131m\u0131z, T\u00fcrkiye&#8217;deki bankalarda bulunduracaklar\u0131 d\u00f6viz veya belli niteliklere sahip yabanc\u0131 para menkul k\u0131ymetleri, teminat g\u00f6stermek suretiyle teminat tutar\u0131 kadar vade s\u0131n\u0131r\u0131 olmaks\u0131z\u0131n ticari ve mesleki ama\u00e7l\u0131 d\u00f6viz kredisi kullanabilecektir. &#8221;<\/p>\n<p style=\"text-align: justify;\">T\u00fcrkiye&#8217;deki t\u00fcketicilerin d\u00f6viz cinsinden bor\u00e7lar\u0131yla ilgili g\u00f6stergelerin, di\u011fer pek \u00e7ok geli\u015fmekte olan \u00fclkelerin g\u00f6stergeleriyle k\u0131yasland\u0131\u011f\u0131nda konumunun \u00e7ok daha iyi bir noktada oldu\u011funu ifade eden Babacan, &#8221;T\u00fcrkiye&#8217;de d\u00f6vize endeksli t\u00fcketici kredilerinin toplam t\u00fcketici kredilerine oran\u0131 y\u00fczde 4,4 civar\u0131ndad\u0131r. Pek \u00e7ok do\u011fu Avrupa \u00fclkesinde bu oran y\u00fczde 60-70 gibi rakamlarda oldu\u011funu g\u00f6r\u00fcyoruz.&#8221; diye konu\u015ftu.<\/p>\n<p style=\"text-align: justify;\">Yeni d\u00fczenlemeyle t\u00fcketicilerin yurt i\u00e7i ve yurt d\u0131\u015f\u0131ndan sadece d\u00f6viz cinsinden de\u011fil, d\u00f6vize endeksli kredi kullanmalar\u0131n\u0131n da \u00f6n\u00fcne ge\u00e7ildi\u011fini ifade eden Babacan, \u015funlar\u0131 kaydetti:<br \/>\n&#8221;Bu yeni d\u00fczenlemeyle t\u00fcketicilerin kar\u015f\u0131 kar\u015f\u0131ya kald\u0131\u011f\u0131 kur riskini tamamen ortadan kald\u0131rmay\u0131 ve bu g\u00fc\u00e7l\u00fc y\u00f6n\u00fcm\u00fcz\u00fc daha da sa\u011flam hale getirmeyi ama\u00e7l\u0131yoruz.\n<\/p>\n<p style=\"text-align: justify;\">Yap\u0131lan bu d\u00fczenlemelerle d\u00f6viz tasarruflar\u0131m\u0131z\u0131n yurt i\u00e7i bankac\u0131l\u0131k sisteminde kalmas\u0131 sa\u011flanarak reel sekt\u00f6r\u00fcn finansman ihtiyac\u0131 daha rahat kar\u015f\u0131lanabilecektir. Firmalar\u0131n kur riskinin izlenmesi ve y\u00f6netilmesi kolayla\u015facak, t\u00fcketicilerin kur riski \u00fcstlenmelerinin de tamamen \u00f6n\u00fcne ge\u00e7ilecektir. Ayr\u0131ca yurt i\u00e7inde kurulu bankalar\u0131m\u0131z\u0131n yurt d\u0131\u015f\u0131 \u015fubelerinden kulland\u0131klar\u0131 oysa ger\u00e7ekte d\u0131\u015f bor\u00e7 niteli\u011finde olmayan kredilerin d\u0131\u015f bor\u00e7 stok rakamlar\u0131ndan d\u00fc\u015fmesi sonucunda T\u00fcrkiye&#8217;nin d\u0131\u015f bor\u00e7luluk g\u00f6stergelerinde olumlu tabloyu da g\u00f6rece\u011fiz.<\/p>\n<p style=\"text-align: justify;\">Biz yapm\u0131\u015f oldu\u011fumuz bu d\u00fczenlemeleri gerek bankac\u0131l\u0131k sekt\u00f6r\u00fcm\u00fcz\u00fcn gerek reel sekt\u00f6r\u00fcn risk y\u00f6netiminde son y\u0131llarda g\u00f6stermi\u015f oldu\u011fu \u00f6nemli ilerlemeleri dikkate alarak ger\u00e7ekle\u015ftiriyoruz. Bundan sonra da bu alandaki geli\u015fmeleri \u00e7ok yak\u0131ndan izleyece\u011fiz, ihtiya\u00e7 duyulabilecek ad\u0131mlar\u0131 da zaman\u0131 geldik\u00e7e atmaya devam edece\u011fiz.&#8221;<\/p>\n<p style=\"text-align: justify;\"><span style=\"color: #888888;\">Kaynak : Sabah<\/span><\/p>\n","protected":false},"excerpt":{"rendered":"<p style=\"text-align: center;\">\n<p style=\"text-align: justify;\">Devlet Bakan\u0131 ve Ba\u015fbakan Yard\u0131mc\u0131s\u0131 Ali Babacan, 31 May\u0131s 2009 tarihi itibariyle \u00f6deme ihtar\u0131 \u00e7ekilmi\u015f, icra takibi ba\u015flat\u0131lm\u0131\u015f ya da bankalarca takibe al\u0131nm\u0131\u015f kredi kart\u0131 bor\u00e7lar\u0131 i\u00e7in yeni bir \u00f6deme plan\u0131n\u0131n uygulamaya konulaca\u011f\u0131n\u0131 bildirdi.<\/p>\n<p style=\"text-align: justify;\">Babacan, d\u00fczenledi\u011fi bas\u0131n toplant\u0131s\u0131nda, kredi kart\u0131n\u0131n bir nakit kullan\u0131m ve \u00f6deme arac\u0131 oldu\u011funu, bu <\/p>\n","protected":false},"author":1,"featured_media":0,"comment_status":"open","ping_status":"closed","sticky":false,"template":"","format":"standard","meta":{"footnotes":""},"categories":[7],"tags":[],"class_list":["post-10234","post","type-post","status-publish","format-standard","hentry","category-ekonomi","odd"],"_links":{"self":[{"href":"http:\/\/www.korhanyilmaz.com\/index.php?rest_route=\/wp\/v2\/posts\/10234","targetHints":{"allow":["GET"]}}],"collection":[{"href":"http:\/\/www.korhanyilmaz.com\/index.php?rest_route=\/wp\/v2\/posts"}],"about":[{"href":"http:\/\/www.korhanyilmaz.com\/index.php?rest_route=\/wp\/v2\/types\/post"}],"author":[{"embeddable":true,"href":"http:\/\/www.korhanyilmaz.com\/index.php?rest_route=\/wp\/v2\/users\/1"}],"replies":[{"embeddable":true,"href":"http:\/\/www.korhanyilmaz.com\/index.php?rest_route=%2Fwp%2Fv2%2Fcomments&post=10234"}],"version-history":[{"count":0,"href":"http:\/\/www.korhanyilmaz.com\/index.php?rest_route=\/wp\/v2\/posts\/10234\/revisions"}],"wp:attachment":[{"href":"http:\/\/www.korhanyilmaz.com\/index.php?rest_route=%2Fwp%2Fv2%2Fmedia&parent=10234"}],"wp:term":[{"taxonomy":"category","embeddable":true,"href":"http:\/\/www.korhanyilmaz.com\/index.php?rest_route=%2Fwp%2Fv2%2Fcategories&post=10234"},{"taxonomy":"post_tag","embeddable":true,"href":"http:\/\/www.korhanyilmaz.com\/index.php?rest_route=%2Fwp%2Fv2%2Ftags&post=10234"}],"curies":[{"name":"wp","href":"https:\/\/api.w.org\/{rel}","templated":true}]}}