{"id":10229,"date":"2009-06-15T11:05:18","date_gmt":"2009-06-15T08:05:18","guid":{"rendered":"http:\/\/www.korhanyilmaz.com\/?p=10229"},"modified":"2009-06-15T11:05:18","modified_gmt":"2009-06-15T08:05:18","slug":"plan-genelkurmayda-hazirlanmadi","status":"publish","type":"post","link":"http:\/\/www.korhanyilmaz.com\/?p=10229","title":{"rendered":"&quot;Plan Genelkurmay&#039;da haz\u0131rlanmad\u0131&quot;"},"content":{"rendered":"<p style=\"text-align: center;\"><img loading=\"lazy\" decoding=\"async\" class=\"aligncenter size-full wp-image-10230\" src=\"http:\/\/www.korhanyilmaz.com\/wp-content\/uploads\/2009\/06\/387693696250.jpg\" alt=\"\" width=\"333\" height=\"175\" \/><\/p>\n<p style=\"text-align: justify;\">Genelkurmay Ba\u015fkanl\u0131\u011f\u0131 Askeri Savc\u0131l\u0131\u011f\u0131, Taraf gazetesinde yay\u0131mlanan belgeyle ilgili olarak yap\u0131lan soru\u015fturmada, &#8221;\u015fu ana kadar elde edilen deliller de\u011ferlendirildi\u011finde, ele ge\u00e7irildi\u011fi iddia edilen belgenin, Genelkurmay Ba\u015fkanl\u0131\u011f\u0131n\u0131n herhangi bir biriminde haz\u0131rlanmad\u0131\u011f\u0131na ili\u015fkin bir kanaate var\u0131ld\u0131\u011f\u0131n\u0131&#8221; bildirdi.<\/p>\n<p style=\"text-align: justify;\"><strong>Genelkurmay Ba\u015fkanl\u0131\u011f\u0131 Askeri Savc\u0131l\u0131\u011f\u0131&#8217;nca yap\u0131lan &#8221;bas\u0131n a\u00e7\u0131klamas\u0131&#8221; \u015f\u00f6yle:<\/strong><br \/>\n&#8221;Taraf Gazetesinin 12 Haziran 2009 tarihli say\u0131s\u0131nda, &#8216;AKP ve G\u00fclen&#8217;i Bitirme Plan\u0131&#8217; ba\u015fl\u0131kl\u0131 haberde \u0130stanbul Cumhuriyet Ba\u015fsavc\u0131l\u0131\u011f\u0131nca (CMK 250. madde ile yetkili b\u00f6l\u00fcm\u00fc) y\u00fcr\u00fct\u00fclen soru\u015fturma kapsam\u0131nda bir \u015f\u00fcphelinin ofisinde yap\u0131lan aramada ele ge\u00e7irildi\u011fi iddia edilen bir belgeye istinaden Genelkurmay Harekat Ba\u015fkanl\u0131\u011f\u0131 Bilgi Destek Dairesi 3. Bilgi Destek \u015eube M\u00fcd\u00fcrl\u00fc\u011f\u00fcnde &#8216;\u0130rtica ile M\u00fccadele Eylem Plan\u0131&#8217; ad\u0131 alt\u0131nda bir \u00e7al\u0131\u015fma yap\u0131ld\u0131\u011f\u0131, \u00e7al\u0131\u015fmay\u0131 i\u00e7eren belgenin alt\u0131nda 3. Bilgi Destek \u015eube M\u00fcd\u00fcr\u00fc Deniz Kurmay Albay Dursun \u00c7i\u00e7ek&#8217;in paraf ve imzas\u0131n\u0131n bulundu\u011fu iddia edilmi\u015f ve belgeye ait fotokopiler yer alm\u0131\u015ft\u0131r.<!--more--><\/p>\n<p style=\"text-align: justify;\">Taraf gazetesinde yay\u0131mlanan haber \u00fczerine Genelkurmay Ba\u015fkanl\u0131\u011f\u0131nca derhal soru\u015fturma emri verilmi\u015f ve ayn\u0131 g\u00fcn saat 09.00&#8217;da Askeri Savc\u0131l\u0131\u011f\u0131m\u0131zca olayla ilgili soru\u015fturmaya ba\u015flan\u0131lm\u0131\u015ft\u0131r.<br \/>\nSoru\u015fturma olay\u0131n b\u00fct\u00fcn y\u00f6nleriyle ayd\u0131nlat\u0131lmas\u0131 kapsam\u0131nda belgenin ger\u00e7ek olup olmad\u0131\u011f\u0131, ger\u00e7ekse kim veya kimlerin emriyle ne zaman nerede ve kim taraf\u0131ndan haz\u0131rland\u0131\u011f\u0131, belgenin \u015f\u00fcpheliye kim veya kimler taraf\u0131ndan verildi\u011fi hususlar\u0131n\u0131 da i\u00e7erecek \u015fekilde s\u00fcratle icra edilmektedir.<br \/>\nAn\u0131lan gazetede yay\u0131mlanan haberde bir \u015f\u00fcphelinin ofisinde yap\u0131lan aramada ele ge\u00e7irildi\u011fi iddia edilen belgenin, milli g\u00fcvenlik, kamu d\u00fczeni ve kamu g\u00fcvenli\u011fi bak\u0131m\u0131ndan \u00f6nem arz eden bilgiler i\u00e7erdi\u011finde ku\u015fku bulunmamaktad\u0131r.\n<\/p>\n<p style=\"text-align: justify;\">Bu nedenle Askeri Savc\u0131l\u0131\u011f\u0131m\u0131zca olayla ilgili olarak ba\u015flat\u0131lan soru\u015fturman\u0131n gere\u011fine uygun olarak yerine getirilmesi amac\u0131yla talebimiz \u00fczerine Genelkurmay Ba\u015fkanl\u0131\u011f\u0131 Askeri Mahkemesince ayn\u0131 g\u00fcn belgenin i\u00e7eri\u011fiyle ilgili &#8216;yay\u0131m yasa\u011f\u0131&#8217; konulmas\u0131na karar verilmi\u015f ve karar t\u00fcm bas\u0131n ve yay\u0131n organlar\u0131na ula\u015ft\u0131r\u0131lm\u0131\u015ft\u0131r.<\/p>\n<p style=\"text-align: justify;\">Haberin yay\u0131mland\u0131\u011f\u0131 g\u00fcn ve onu takip eden 13, 14 ve 15 Haziran 2009 tarihli bas\u0131n ve yay\u0131n organlar\u0131nda, haberde belirtilen belgenin ger\u00e7ek oldu\u011fu varsay\u0131m\u0131yla haberler yap\u0131ld\u0131\u011f\u0131, yorum ve de\u011ferlendirmelerde bulunuldu\u011fu g\u00f6r\u00fclm\u00fc\u015ft\u00fcr. Bu geli\u015fme Genelkurmay Askeri Mahkemesince al\u0131nan yay\u0131n yasa\u011f\u0131 karar\u0131n\u0131n yasal ve hakl\u0131 gerek\u00e7esini g\u00f6stermektedir.<\/p>\n<p style=\"text-align: justify;\">5271 say\u0131l\u0131 CMK&#8217;n\u0131n 157. maddesi gere\u011fince &#8216;Soru\u015fturma evresindeki usuli i\u015flemler gizli&#8217; olmakla birlikte, haberde yer alan iddialar\u0131n hassasiyeti, baz\u0131 bas\u0131n ve yay\u0131n organlar\u0131nda ele al\u0131n\u0131\u015f ve kamuoyuna sunulu\u015f \u015fekli, yap\u0131lan yorum ve de\u011ferlendirmeler kar\u015f\u0131s\u0131nda Askeri Savc\u0131l\u0131\u011f\u0131m\u0131zca soru\u015fturman\u0131n gizlili\u011fine halel gelmeyecek \u015fekilde a\u015fa\u011f\u0131daki a\u00e7\u0131klaman\u0131n yap\u0131lmas\u0131 zorunlu g\u00f6r\u00fclm\u00fc\u015ft\u00fcr:<br \/>\nAskeri Savc\u0131l\u0131\u011f\u0131m\u0131zca olayla ilgili olarak yap\u0131lan soru\u015fturmada \u015fu ana kadar elde edilen deliller de\u011ferlendirildi\u011finde, ele ge\u00e7irildi\u011fi iddia edilen belgenin Genelkurmay Ba\u015fkanl\u0131\u011f\u0131n\u0131n herhangi bir biriminde haz\u0131rlanmad\u0131\u011f\u0131na ili\u015fkin bir kanaate var\u0131lm\u0131\u015ft\u0131r. Bununla birlikte, \u00fczerinde gerekli ve zorunlu kriminal incelemelerin yap\u0131lmas\u0131 amac\u0131yla habere konu belge 12 Haziran 2009 tarihinde, ele ge\u00e7irildi\u011fi \u015fekliyle \u0130stanbul Cumhuriyet Ba\u015fsavc\u0131l\u0131\u011f\u0131ndan ve ula\u015ft\u0131r\u0131ld\u0131\u011f\u0131 \u015fekliyle Taraf gazetesinden istenmi\u015f, ancak belge hen\u00fcz Askeri Savc\u0131l\u0131\u011f\u0131m\u0131za ula\u015fmam\u0131\u015ft\u0131r. En k\u0131sa s\u00fcrede Askeri Savc\u0131l\u0131\u011f\u0131m\u0131za g\u00f6nderilmesi beklenen belge \u00fczerinde yap\u0131lacak kriminal inceleme sonucunda, belgenin sahte veya ger\u00e7ek oldu\u011funa ili\u015fkin kesin bir kanaate var\u0131lmas\u0131n\u0131n m\u00fcmk\u00fcn olaca\u011f\u0131 de\u011ferlendirilmektedir.<br \/>\nDi\u011fer yandan, Taraf gazetesindeki haberde \u0130stanbul Cumhuriyet Ba\u015fsavc\u0131l\u0131\u011f\u0131nca (CMK 250. Madde ile Yetkili B\u00f6l\u00fcm\u00fc) y\u00fcr\u00fct\u00fclmekte olan soru\u015fturmada, bir \u015f\u00fcphelinin ofisinde ele ge\u00e7irildi\u011fi belirtilen ve yaln\u0131zca soru\u015fturma makamlar\u0131nda bulunmas\u0131 gereken belgenin, an\u0131lan gazeteye ne \u015fekilde ula\u015ft\u0131r\u0131ld\u0131\u011f\u0131n\u0131n ve yay\u0131mlanmas\u0131n\u0131n T\u00fcrk Ceza Kanunu&#8217;nun ilgili maddelerindeki su\u00e7lar\u0131 olu\u015fturdu\u011fu dikkate al\u0131nd\u0131\u011f\u0131nda, adli yarg\u0131 makamlar\u0131nca sorumlular hakk\u0131nda gerekli adli i\u015flemlerin ba\u015flat\u0131laca\u011f\u0131 d\u00fc\u015f\u00fcn\u00fclmektedir.Kamuoyuna sayg\u0131yla duyurulur.&#8221;\n<\/p>\n<p style=\"text-align: justify;\"><span style=\"color: #888888;\">Kaynak : Sabah<\/span><\/p>\n","protected":false},"excerpt":{"rendered":"<p style=\"text-align: center;\">\n<p style=\"text-align: justify;\">Genelkurmay Ba\u015fkanl\u0131\u011f\u0131 Askeri Savc\u0131l\u0131\u011f\u0131, Taraf gazetesinde yay\u0131mlanan belgeyle ilgili olarak yap\u0131lan soru\u015fturmada, &#8221;\u015fu ana kadar elde edilen deliller de\u011ferlendirildi\u011finde, ele ge\u00e7irildi\u011fi iddia edilen belgenin, Genelkurmay Ba\u015fkanl\u0131\u011f\u0131n\u0131n herhangi bir biriminde haz\u0131rlanmad\u0131\u011f\u0131na ili\u015fkin bir kanaate var\u0131ld\u0131\u011f\u0131n\u0131&#8221; bildirdi.<\/p>\n<p style=\"text-align: justify;\">Genelkurmay Ba\u015fkanl\u0131\u011f\u0131 Askeri Savc\u0131l\u0131\u011f\u0131&#8217;nca yap\u0131lan &#8221;bas\u0131n a\u00e7\u0131klamas\u0131&#8221; \u015f\u00f6yle: &#8221;Taraf Gazetesinin 12 Haziran 2009 <\/p>\n","protected":false},"author":1,"featured_media":0,"comment_status":"open","ping_status":"closed","sticky":false,"template":"","format":"standard","meta":{"footnotes":""},"categories":[105],"tags":[],"class_list":["post-10229","post","type-post","status-publish","format-standard","hentry","category-gundem","odd"],"_links":{"self":[{"href":"http:\/\/www.korhanyilmaz.com\/index.php?rest_route=\/wp\/v2\/posts\/10229","targetHints":{"allow":["GET"]}}],"collection":[{"href":"http:\/\/www.korhanyilmaz.com\/index.php?rest_route=\/wp\/v2\/posts"}],"about":[{"href":"http:\/\/www.korhanyilmaz.com\/index.php?rest_route=\/wp\/v2\/types\/post"}],"author":[{"embeddable":true,"href":"http:\/\/www.korhanyilmaz.com\/index.php?rest_route=\/wp\/v2\/users\/1"}],"replies":[{"embeddable":true,"href":"http:\/\/www.korhanyilmaz.com\/index.php?rest_route=%2Fwp%2Fv2%2Fcomments&post=10229"}],"version-history":[{"count":0,"href":"http:\/\/www.korhanyilmaz.com\/index.php?rest_route=\/wp\/v2\/posts\/10229\/revisions"}],"wp:attachment":[{"href":"http:\/\/www.korhanyilmaz.com\/index.php?rest_route=%2Fwp%2Fv2%2Fmedia&parent=10229"}],"wp:term":[{"taxonomy":"category","embeddable":true,"href":"http:\/\/www.korhanyilmaz.com\/index.php?rest_route=%2Fwp%2Fv2%2Fcategories&post=10229"},{"taxonomy":"post_tag","embeddable":true,"href":"http:\/\/www.korhanyilmaz.com\/index.php?rest_route=%2Fwp%2Fv2%2Ftags&post=10229"}],"curies":[{"name":"wp","href":"https:\/\/api.w.org\/{rel}","templated":true}]}}