{"id":10218,"date":"2009-06-15T08:56:14","date_gmt":"2009-06-15T05:56:14","guid":{"rendered":"http:\/\/www.korhanyilmaz.com\/?p=10218"},"modified":"2009-06-15T08:56:14","modified_gmt":"2009-06-15T05:56:14","slug":"ahmedinecad-once-bolgeyi-sonra-kendi-halkini-boldu","status":"publish","type":"post","link":"http:\/\/www.korhanyilmaz.com\/?p=10218","title":{"rendered":"Ahmedinecad \u00f6nce b\u00f6lgeyi, sonra kendi halk\u0131n\u0131 b\u00f6ld\u00fc"},"content":{"rendered":"<p style=\"text-align: center;\"><a href=\"http:\/\/www.korhanyilmaz.com\/wp-content\/uploads\/2009\/06\/fft28_mf190393.Jpeg\"  class=\"lightview\"><img loading=\"lazy\" decoding=\"async\" class=\"aligncenter size-full wp-image-10219\" src=\"http:\/\/www.korhanyilmaz.com\/wp-content\/uploads\/2009\/06\/fft28_mf190393.Jpeg\" alt=\"\" width=\"306\" height=\"204\" \/><\/a><\/p>\n<p style=\"text-align: justify;\"><strong>L\u00fcbnan&#8217;dan Irak ve Filistin&#8217;e dek kutupla\u015fma yaratan \u0130ran cumhurba\u015fkan\u0131 \u015fimdi de \u0130ranl\u0131lar\u0131 b\u00f6l\u00fcyor. \u00dcstelik, \u0130ran se\u00e7imi sava\u015f ihtimalini de yine g\u00fcndeme soktu.<\/strong><\/p>\n<p style=\"text-align: justify;\">\u0130ran Cumhurba\u015fkan\u0131 Mahmud Ahmedinecad\u2019a aferin. L\u00fcbnan\u2019a m\u00fcdahale edip bu \u00fclkeyi gruplara ay\u0131rd\u0131. G\u00f6lgesi Irak\u2019\u0131n \u00fczerinde ve Irakl\u0131lar uzla\u015f\u0131 ararken inliyor. Filistin sorununa destek verdi\u011fini iddia etti ve i\u015fgal alt\u0131ndaki halk\u0131 b\u00f6ld\u00fc. Ayn\u0131 \u015feyi K\u00f6rfez\u2019de ve Yemen\u2019de yapt\u0131. Bug\u00fcn s\u0131ra \u0130ran\u2019a geldi. \u0130ranl\u0131lar kendilerini b\u00f6ld\u00fc. Sebepse yine Ahmedinecad ve temsil etti\u011fi politikalar. Se\u00e7imi kazanmas\u0131 \u0130ran projesinin ne kadar tehlikeli oldu\u011funun kan\u0131t\u0131. \u0130ranl\u0131lar\u0131n g\u00fcvenilirli\u011finden \u015f\u00fcphe duydu\u011fu se\u00e7im sonu\u00e7lar\u0131n\u0131n ilan edili\u015findeki ilgin\u00e7 nokta \u015fu: Sonu\u00e7lar\u0131, i\u00e7i\u015fleri bakanl\u0131\u011f\u0131 a\u00e7\u0131klad\u0131 ki, eski i\u00e7i\u015fleri bakan\u0131 Britanya\u2019daki bir \u00fcniversiteden ald\u0131\u011f\u0131n\u0131 s\u00f6yledi\u011fi fahri doktora belgesi sahte \u00e7\u0131km\u0131\u015ft\u0131.<!--more--><\/p>\n<p style=\"text-align: justify;\">Kat\u0131l\u0131m\u0131n y\u00fcksek olmas\u0131n\u0131n iki anlam\u0131 vard\u0131r: De\u011fi\u015fim e\u011filimi veya \u00f6fke. \u0130ran se\u00e7im sonu\u00e7lar\u0131 halk\u0131n \u00f6fkesinin devam etti\u011fini g\u00f6steriyor. Bu nedenle dini rehber Ali Hamaney adaylardan ve halktan sonu\u00e7lar\u0131 kabul etmelerini istedi; Devrim Muhaf\u0131zlar\u0131 haz\u0131r bekletildi, sonucun de\u011fi\u015ftirilmesine \u00f6fkelenenlerden duyulan korku nedeniyle baz\u0131 \u00fcniversite s\u0131navlar\u0131 ertelendi. \u0130ran\u2019da ya\u015fananlar, halk aras\u0131ndaki b\u00f6l\u00fcnmenin ve Ahmedinecad\u2019\u0131n temsil etti\u011fi politikalar\u0131n ba\u015far\u0131s\u0131zl\u0131\u011f\u0131n\u0131n g\u00f6stergesi.<\/p>\n<p style=\"text-align: justify;\">Ahmedinecad\u2019\u0131n \u015f\u00fcpheli \u015fekilde b\u00f6yle bir yolla ikinci kez se\u00e7ilmesi \u0130ran\u2019da ve b\u00f6lgede ciddi yans\u0131malar yaratacak. Bu se\u00e7imde, Bat\u0131 ve \u00f6zellikle de ABD Ahmedinecad\u2019\u0131n halk aras\u0131nda desteklenmedi\u011fini g\u00f6rm\u00fc\u015f oldu. B\u00f6lgede esen de\u011fi\u015fim r\u00fczgarlar\u0131 ABD Ba\u015fkan\u0131 Barack Obama\u2019n\u0131n d\u00fc\u015f\u00fcnd\u00fc\u011f\u00fcn\u00fcn aksine \u0130ran\u2019da kum f\u0131rt\u0131nas\u0131na d\u00f6n\u00fc\u015ft\u00fc. Obama \u0130ran\u2019da da de\u011fi\u015fim g\u00f6rd\u00fc\u011f\u00fcn\u00fc a\u00e7\u0131klam\u0131\u015ft\u0131&#8230;<\/p>\n<p style=\"text-align: justify;\">Bu durum, uluslararas\u0131 toplumun ba\u015fta n\u00fckleer dosya olmak \u00fczere ask\u0131daki di\u011fer sorunlarda \u0130ran\u2019a kar\u015f\u0131 kat\u0131 bir tutum almas\u0131na yol a\u00e7acak. Zira se\u00e7im sonu\u00e7lar\u0131yla ve se\u00e7menlerin e\u011filimleriyle oynamakta teredd\u00fct etmeyen bu rejim uluslararas\u0131 s\u00f6zle\u015fmelere de kesinlikle sayg\u0131 g\u00f6stermez. Dolay\u0131s\u0131yla \u0130ran\u2019la m\u00fczakere tavizsiz olacak ve bu rejimin halk deste\u011finden beslenmedi\u011fini dikkate alacakt\u0131r.<\/p>\n<p style=\"text-align: justify;\">Ahmedinecad ve politikalar\u0131 b\u00f6lgeyi b\u00f6lmekle kalmad\u0131, bug\u00fcn \u0130ran\u2019\u0131 da b\u00f6l\u00fcyor. Yapt\u0131r\u0131m ve sava\u015flar gibi k\u00f6t\u00fc ihtimaller g\u00fcndeme geri d\u00f6nd\u00fc. Ahmedinecad\u2019\u0131n bu yolla se\u00e7ilmesi i\u00e7eride ve d\u0131\u015far\u0131da \u0130ran\u2019a zarar verir.<\/p>\n<p style=\"text-align: justify;\"><span style=\"color: #808080;\">TARIK EL HUMEY\u0130D &#8211; (Londra\u2019da Arap\u00e7a yay\u0131mlanan \u015eark \u00fcl Evsat gazetesi, genel yay\u0131n y\u00f6netmeni, 14 Haziran 2009)<\/span><\/p>\n<p style=\"text-align: justify;\"><span style=\"color: #888888;\">Kaynak : Radikal<br \/>\n<\/span><\/p>\n","protected":false},"excerpt":{"rendered":"<p style=\"text-align: center;\">\n<p style=\"text-align: justify;\">L\u00fcbnan&#8217;dan Irak ve Filistin&#8217;e dek kutupla\u015fma yaratan \u0130ran cumhurba\u015fkan\u0131 \u015fimdi de \u0130ranl\u0131lar\u0131 b\u00f6l\u00fcyor. \u00dcstelik, \u0130ran se\u00e7imi sava\u015f ihtimalini de yine g\u00fcndeme soktu.<\/p>\n<p style=\"text-align: justify;\">\u0130ran Cumhurba\u015fkan\u0131 Mahmud Ahmedinecad\u2019a aferin. L\u00fcbnan\u2019a m\u00fcdahale edip bu \u00fclkeyi gruplara ay\u0131rd\u0131. G\u00f6lgesi Irak\u2019\u0131n \u00fczerinde ve Irakl\u0131lar uzla\u015f\u0131 ararken inliyor. Filistin sorununa destek verdi\u011fini iddia etti <\/p>\n","protected":false},"author":1,"featured_media":0,"comment_status":"open","ping_status":"closed","sticky":false,"template":"","format":"standard","meta":{"footnotes":""},"categories":[105],"tags":[],"class_list":["post-10218","post","type-post","status-publish","format-standard","hentry","category-gundem","odd"],"_links":{"self":[{"href":"http:\/\/www.korhanyilmaz.com\/index.php?rest_route=\/wp\/v2\/posts\/10218","targetHints":{"allow":["GET"]}}],"collection":[{"href":"http:\/\/www.korhanyilmaz.com\/index.php?rest_route=\/wp\/v2\/posts"}],"about":[{"href":"http:\/\/www.korhanyilmaz.com\/index.php?rest_route=\/wp\/v2\/types\/post"}],"author":[{"embeddable":true,"href":"http:\/\/www.korhanyilmaz.com\/index.php?rest_route=\/wp\/v2\/users\/1"}],"replies":[{"embeddable":true,"href":"http:\/\/www.korhanyilmaz.com\/index.php?rest_route=%2Fwp%2Fv2%2Fcomments&post=10218"}],"version-history":[{"count":0,"href":"http:\/\/www.korhanyilmaz.com\/index.php?rest_route=\/wp\/v2\/posts\/10218\/revisions"}],"wp:attachment":[{"href":"http:\/\/www.korhanyilmaz.com\/index.php?rest_route=%2Fwp%2Fv2%2Fmedia&parent=10218"}],"wp:term":[{"taxonomy":"category","embeddable":true,"href":"http:\/\/www.korhanyilmaz.com\/index.php?rest_route=%2Fwp%2Fv2%2Fcategories&post=10218"},{"taxonomy":"post_tag","embeddable":true,"href":"http:\/\/www.korhanyilmaz.com\/index.php?rest_route=%2Fwp%2Fv2%2Ftags&post=10218"}],"curies":[{"name":"wp","href":"https:\/\/api.w.org\/{rel}","templated":true}]}}