{"id":10214,"date":"2009-06-15T08:14:51","date_gmt":"2009-06-15T05:14:51","guid":{"rendered":"http:\/\/www.korhanyilmaz.com\/?p=10214"},"modified":"2009-06-15T08:14:51","modified_gmt":"2009-06-15T05:14:51","slug":"dolmabahce-devlet-isidir","status":"publish","type":"post","link":"http:\/\/www.korhanyilmaz.com\/?p=10214","title":{"rendered":"Dolmabah\u00e7e devlet i\u015fidir"},"content":{"rendered":"<p><img loading=\"lazy\" decoding=\"async\" class=\"aligncenter size-full wp-image-10215\" src=\"http:\/\/www.korhanyilmaz.com\/wp-content\/uploads\/2009\/06\/150620090826328676892.jpg\" alt=\"\" width=\"320\" height=\"100\" \/><\/p>\n<p style=\"text-align: justify;\"><strong>Erdo\u011fan&#8217;\u0131n \u00e7\u0131k\u0131\u015f\u0131yla yeniden g\u00fcndeme oturan Dolmabah\u00e7e g\u00f6r\u00fc\u015fmesi i\u00e7in B\u00fcy\u00fckan\u0131t Pa\u015fa son kez konu\u015ftu. <\/strong><\/p>\n<p style=\"text-align: justify;\">Dolmabah\u00e7e konusunda \u201cilk ve son kez\u201d konu\u015ftu\u011funu vurgulayan B\u00fcy\u00fckan\u0131t Pa\u015fa, \u201cBen bulundu\u011fum g\u00f6revler itibariyle d\u00f6nemin ba\u015fbakanlar\u0131 rahmetli B\u00fclent Ecevit ile de Mesut Y\u0131lmaz ile de bu t\u00fcr g\u00f6r\u00fc\u015fmeler yapt\u0131m. Bunlar devlet i\u015fidir. Dolmabah\u00e7e g\u00f6r\u00fc\u015fmesi de \u00f6yledir\u201d dedi.<\/p>\n<p style=\"text-align: justify;\">Ba\u015fbakan Recep Tayyip Erdo\u011fan\u2019\u0131n NTV\u2019de, soru \u00fczerine, 2007 y\u0131l\u0131nda d\u00f6nemin Genelkurmay Ba\u015fkan\u0131 Ya\u015far B\u00fcy\u00fckan\u0131t ile Dolmabah\u00e7e\u2019de yapt\u0131\u011f\u0131 g\u00f6r\u00fc\u015fmenin kendisiyle mezara gidece\u011fini a\u00e7\u0131klamas\u0131, konuyu yeniden g\u00fcndemin \u00fcst s\u0131ralar\u0131na ta\u015f\u0131m\u0131\u015ft\u0131.<\/p>\n<p style=\"text-align: justify;\">Erdo\u011fan\u2019\u0131n, \u201cB\u00fcy\u00fckan\u0131t a\u00e7\u0131klarsa ben de a\u00e7\u0131klar\u0131m\u201d s\u00f6zleri \u00fczerine, CHP lideri Deniz Baykal\u2019\u0131n, B\u00fcy\u00fckan\u0131t\u2019\u0131 a\u00e7\u0131klamaya davet etmesi, bu konudaki merak\u0131 art\u0131rd\u0131. G\u00f6zler bir \u00f6nceki Genelkurmay Ba\u015fkan\u0131 emekli Orgeneral Ya\u015far B\u00fcy\u00fckan\u0131t\u2019a \u00e7evrildi. <!--more--><\/p>\n<p style=\"text-align: justify;\">Milliyet Gazetesi&#8217;nden Fikret Bila&#8217;ya a\u00e7\u0131klamalarda bulunan B\u00fcy\u00fckan\u0131t Pa\u015fa, Dolmabah\u00e7e konusunda \u201cilk ve son kez\u201d konu\u015ftu\u011funu vurgulayarak, d\u00fcnk\u00fc g\u00f6r\u015f\u00fcmemizde konuya a\u00e7\u0131kl\u0131k getirdi.<\/p>\n<p style=\"text-align: justify;\"><strong>\u2018Devlet i\u015fleri konu\u015fuldu\u2019<\/strong><\/p>\n<p style=\"text-align: justify;\">B\u00fcy\u00fckan\u0131t Pa\u015fa, sorum \u00fczerine, g\u00f6r\u00fc\u015fmenin niteli\u011fiyle ilgili olarak \u015fu de\u011ferlendirmeyi yapt\u0131: \u201cMay\u0131s 2007\u2019de bildi\u011finiz gibi Dolmabah\u00e7e\u2019de bir g\u00f6r\u00fc\u015fme oldu. Bu g\u00f6r\u00fc\u015fme sonras\u0131nda bas\u0131nda ger\u00e7e\u011fi yans\u0131tmayan dedikodular yer ald\u0131.<\/p>\n<p style=\"text-align: justify;\">Bu dedikodu ve iddialar \u00f6ylesine ak\u0131l almaz boyutlara ula\u015ft\u0131 ki, hayat\u0131m\u0131zda ilk kez hem ben hem de e\u015fim yarg\u0131ya ba\u015fvurmak zorunda kald\u0131k. Bu iddialar\u0131 g\u00fcndeme getiren k\u00f6\u015fe yazar\u0131 (Fikri Sa\u011flar\u2019\u0131 kastediyor &#8211; FB) hi\u00e7bir kan\u0131t sunamad\u0131. Biz bu davay\u0131 kazand\u0131k. Kazand\u0131\u011f\u0131m\u0131z tazminat davas\u0131yd\u0131. Ceza davas\u0131 halen devam etmektedir. Buna ra\u011fmen bu konunun \u0131srarl\u0131 bi\u00e7imde g\u00fcndeme getirilmesine \u00e7ok \u00fcz\u00fcld\u00fcm.<\/p>\n<p style=\"text-align: justify;\">Ben bulundu\u011fum g\u00f6revler itibariyle d\u00f6nemin ba\u015fbakanlar\u0131 rahmetli B\u00fclent Ecevit ile de Mesut Y\u0131lmaz ile de bu t\u00fcr g\u00f6r\u00fc\u015fmeler yapt\u0131m. Bunlar devlet i\u015fidir. Dolmabah\u00e7e g\u00f6r\u00fc\u015fmesi de \u00f6yledir. Ancak, tekrar bunlar\u0131n g\u00fcndeme gelmesi dikkat \u00e7ekicidir. G\u00f6r\u00fc\u015fmenin \u00fczerinden iki y\u0131l ge\u00e7ti. Buna ra\u011fmen neden g\u00fcndeme getirildi\u011fini anlam\u0131\u015f de\u011filim.\u201d<\/p>\n<p style=\"text-align: justify;\"><strong>\u2018\u00dczerimden siyaset yap\u0131lmas\u0131n\u2019<\/strong><\/p>\n<p style=\"text-align: justify;\">B\u00fcy\u00fckan\u0131t Pa\u015fa, Dolmabah\u00e7e vesilesiyle konunun siyasete \u00e7ekildi\u011fi ve ismi \u00fczerinden siyaset yap\u0131ld\u0131\u011f\u0131n\u0131 d\u00fc\u015f\u00fcn\u00fcyor. Buna \u00fcz\u00fcld\u00fc\u011f\u00fcn\u00fc belirten B\u00fcy\u00fckan\u0131t, bu konuda \u015fu de\u011ferlendirmeyi yapt\u0131: \u201cYar\u0131m as\u0131rd\u0131r devletime ve milletime \u015ferefle hizmet ettim. Ancak, \u015feref ve haysiyetime sald\u0131r\u0131 mahiyetinde kampanyalarla kar\u015f\u0131 kar\u015f\u0131ya kald\u0131m. Bu olay\u0131n de\u011fi\u015fik bir boyutu var. Konu siyasete \u00e7ekildi. \u0130smim \u00fczerinden siyaset yap\u0131lmas\u0131 beni rencide ediyor.\u201d<\/p>\n<p style=\"text-align: justify;\"><strong>\u2018Gizli ve gizemli bir i\u015fim yok\u2019 <\/strong><\/p>\n<p style=\"text-align: justify;\">B\u00fcy\u00fckan\u0131t Pa\u015fa, ya\u015fam\u0131 boyunca gizli ve gizemli hi\u00e7bir hareketin i\u00e7inde olmad\u0131\u011f\u0131n\u0131 vurgulayarak, \u015f\u00f6yle devam etti:<\/p>\n<p style=\"text-align: justify;\">\u201cUzun meslek ya\u015fant\u0131m boyunca hi\u00e7 gizli ve gizemli bir i\u015fin, hareketin i\u00e7inde bulunmad\u0131m. \u015e\u00fcphesiz herkes gibi ben de tenkit edilebilirim. Tenkit edenlerden makul olmalar\u0131n\u0131 beklemiyorum. Ama insafl\u0131 olmalar\u0131n\u0131, \u015feref ve haysiyetimi rencide etmemelerini beklemek san\u0131r\u0131m hakk\u0131md\u0131r.<\/p>\n<p style=\"text-align: justify;\">Size bu konuda yapt\u0131\u011f\u0131m bu a\u00e7\u0131klama, ilk ve son a\u00e7\u0131klamamd\u0131r. Bundan sonra bu kampanya devam ederse, mecbur kal\u0131rsam yarg\u0131 yoluna ba\u015fvurmaktan ba\u015fka \u00e7arem kalmayacakt\u0131r. Bunu yapmaktan da \u00e7ekinmem.\u201d<\/p>\n<p style=\"text-align: justify;\"><strong>Son nokta<\/strong><\/p>\n<p style=\"text-align: justify;\">B\u00fcy\u00fckan\u0131t Pa\u015fa, iki y\u0131ld\u0131r zaman zaman g\u00fcndeme gelen Dolmabah\u00e7e konusuna son noktay\u0131 koymu\u015f oldu. G\u00f6r\u00fc\u015fmenin devlet i\u015fi oldu\u011funu da vurgulayarak, bu konuyu kapatt\u0131.<\/p>\n<p style=\"text-align: justify;\">D\u00fcnk\u00fc yaz\u0131mda da belirtti\u011fim gibi zaten ba\u015fka bir \u015fey olmas\u0131 da beklenemezdi.<\/p>\n<p style=\"text-align: justify;\"><strong>Ne olmu\u015ftu?<\/strong><\/p>\n<p style=\"text-align: justify;\">Ba\u015fbakan Recep Tayyip Erdo\u011fan ile d\u00f6nemin Genelkurmay Ba\u015fkan\u0131 Orgeneral Ya\u015far B\u00fcy\u00fckan\u0131t, 4 May\u0131s 2007\u2019de, Dolmabah\u00e7e Saray\u0131\u2019nda ba\u015fbakanlar\u0131n kullan\u0131m\u0131 i\u00e7in ayr\u0131lan \u00f6zel ofiste g\u00f6r\u00fc\u015fm\u00fc\u015flerdi. Yakla\u015f\u0131k 2.5 saat s\u00fcren g\u00f6r\u00fc\u015fme, cumhurba\u015fkanl\u0131\u011f\u0131 se\u00e7imi s\u00fcrecinde ya\u015fanan geli\u015fmeler ile 27 Nisan e-bildirisinden hemen sonra ger\u00e7ekle\u015fti.<\/p>\n<p style=\"text-align: justify;\">Uzun s\u00fcre kamuoyunun ilgi alan\u0131nda yer alan bu g\u00f6r\u00fc\u015fme, ge\u00e7en hafta, Erdo\u011fan\u2019\u0131n NTV\u2019deki s\u00f6zleri ile yeniden g\u00fcndeme geldi. Erdo\u011fan, soru \u00fczerine g\u00f6r\u00fc\u015fmeyle ilgili olarak, \u201cBenimle mezara gider. \u0130nan\u0131yorum ki, B\u00fcy\u00fckan\u0131t da b\u00f6yle d\u00fc\u015f\u00fcn\u00fcyor. A\u00e7\u0131klamaya kalkarsa, o zaman ben de yapt\u0131\u011f\u0131m\u0131z g\u00f6r\u00fc\u015fmeyle ilgili \u015feyleri a\u00e7\u0131klar\u0131m\u201d dedi.<\/p>\n<p style=\"text-align: justify;\">Erdo\u011fan\u2019\u0131n s\u00f6zleri \u00fczerine CHP Genel Ba\u015fkan\u0131 Deniz Baykal \u015fu de\u011ferlendirmeyi yapt\u0131: \u201cOrada tarihi bir viraj al\u0131nd\u0131\u011f\u0131, tarihi g\u00f6r\u00fc\u015fme ger\u00e7ekle\u015fti\u011fi anla\u015f\u0131l\u0131yor. Bunun devlete yans\u0131t\u0131lmas\u0131 engellenebilir mi? \u2018Aram\u0131zdaki \u00f6zel, ki\u015fisel ili\u015fki&#8230;\u2019 yok \u00f6yle bir \u015fey. 2 sene sonra Ba\u015fbakan, hafif bir rahats\u0131zl\u0131k i\u00e7inde, \u2018s\u00f6ylerse ben de s\u00f6ylerim diye\u2019 meydan okuyorsa, ne yani o zaman?! Bu saklanamaz, ayd\u0131nl\u0131\u011fa kavu\u015fturmak laz\u0131m.\u201d<\/p>\n<p style=\"text-align: justify;\"><span style=\"color: #888888;\">Kaynak : Vatan<\/span><\/p>\n","protected":false},"excerpt":{"rendered":"<\/p>\n<p style=\"text-align: justify;\">Erdo\u011fan&#8217;\u0131n \u00e7\u0131k\u0131\u015f\u0131yla yeniden g\u00fcndeme oturan Dolmabah\u00e7e g\u00f6r\u00fc\u015fmesi i\u00e7in B\u00fcy\u00fckan\u0131t Pa\u015fa son kez konu\u015ftu. <\/p>\n<p style=\"text-align: justify;\">Dolmabah\u00e7e konusunda \u201cilk ve son kez\u201d konu\u015ftu\u011funu vurgulayan B\u00fcy\u00fckan\u0131t Pa\u015fa, \u201cBen bulundu\u011fum g\u00f6revler itibariyle d\u00f6nemin ba\u015fbakanlar\u0131 rahmetli B\u00fclent Ecevit ile de Mesut Y\u0131lmaz ile de bu t\u00fcr g\u00f6r\u00fc\u015fmeler yapt\u0131m. Bunlar devlet i\u015fidir. Dolmabah\u00e7e g\u00f6r\u00fc\u015fmesi de \u00f6yledir\u201d <\/p>\n","protected":false},"author":1,"featured_media":0,"comment_status":"open","ping_status":"closed","sticky":false,"template":"","format":"standard","meta":{"footnotes":""},"categories":[105],"tags":[],"class_list":["post-10214","post","type-post","status-publish","format-standard","hentry","category-gundem","odd"],"_links":{"self":[{"href":"http:\/\/www.korhanyilmaz.com\/index.php?rest_route=\/wp\/v2\/posts\/10214","targetHints":{"allow":["GET"]}}],"collection":[{"href":"http:\/\/www.korhanyilmaz.com\/index.php?rest_route=\/wp\/v2\/posts"}],"about":[{"href":"http:\/\/www.korhanyilmaz.com\/index.php?rest_route=\/wp\/v2\/types\/post"}],"author":[{"embeddable":true,"href":"http:\/\/www.korhanyilmaz.com\/index.php?rest_route=\/wp\/v2\/users\/1"}],"replies":[{"embeddable":true,"href":"http:\/\/www.korhanyilmaz.com\/index.php?rest_route=%2Fwp%2Fv2%2Fcomments&post=10214"}],"version-history":[{"count":0,"href":"http:\/\/www.korhanyilmaz.com\/index.php?rest_route=\/wp\/v2\/posts\/10214\/revisions"}],"wp:attachment":[{"href":"http:\/\/www.korhanyilmaz.com\/index.php?rest_route=%2Fwp%2Fv2%2Fmedia&parent=10214"}],"wp:term":[{"taxonomy":"category","embeddable":true,"href":"http:\/\/www.korhanyilmaz.com\/index.php?rest_route=%2Fwp%2Fv2%2Fcategories&post=10214"},{"taxonomy":"post_tag","embeddable":true,"href":"http:\/\/www.korhanyilmaz.com\/index.php?rest_route=%2Fwp%2Fv2%2Ftags&post=10214"}],"curies":[{"name":"wp","href":"https:\/\/api.w.org\/{rel}","templated":true}]}}