{"id":10210,"date":"2009-06-14T16:59:24","date_gmt":"2009-06-14T13:59:24","guid":{"rendered":"http:\/\/www.korhanyilmaz.com\/?p=10210"},"modified":"2009-06-14T16:59:24","modified_gmt":"2009-06-14T13:59:24","slug":"ak-parti%e2%80%99nin-ak-olmadigini-dusunuyorum","status":"publish","type":"post","link":"http:\/\/www.korhanyilmaz.com\/?p=10210","title":{"rendered":"AK Parti\u2019nin, ak olmad\u0131\u011f\u0131n\u0131 d\u00fc\u015f\u00fcn\u00fcyorum!"},"content":{"rendered":"<p><img loading=\"lazy\" decoding=\"async\" class=\"aligncenter size-full wp-image-10211\" src=\"http:\/\/www.korhanyilmaz.com\/wp-content\/uploads\/2009\/06\/140620091658209823025_2.jpg\" alt=\"\" width=\"198\" height=\"102\" \/><\/p>\n<p style=\"text-align: justify;\">Ekranlar\u0131n en \u00e7ok izlenen haber tart\u0131\u015fma program\u0131 Ruhat Mengi\u2019yle Her A\u00e7\u0131dan g\u00fcndemdeki konular\u0131 tart\u0131\u015fmaya, ak\u0131llardaki soru i\u015faretlerini cevapland\u0131rmaya bu hafta da devam etti.<\/p>\n<p style=\"text-align: justify;\">Program\u0131n bu haftaki konuklar\u0131: T\u00fcrkiye Partisi&#8217;nin Genel Ba\u015fkan\u0131 Abd\u00fcllatif \u015eener, T\u00fcrkiye Barolar Birli\u011fi Ba\u015fkan\u0131 \u00d6zdemir \u00d6zok, H\u00fcrriyet Gazetesi Yazar\u0131 C\u00fcneyt \u00dclsever, Vatan Gazetesi Yazar\u0131 Can Atakl\u0131 Ve Her A\u00e7\u0131dan&#8217;a Telefonla Kat\u0131lan Devlet G\u00fcvenlik Mahkemesi Emekli Cumhuriyet Ba\u015fsavc\u0131s\u0131 \u00d6mer S\u00fcha Aldan oldu. <!--more--><\/p>\n<p style=\"text-align: justify;\"><strong>MAKAMLAR, KAMU KAYNAKLARI D\u0130RSEK TEMASINA G\u00d6RE DA\u011eITILIYOR <\/strong><\/p>\n<p style=\"text-align: justify;\"><strong>T\u00dcRK\u0130YE\u2019DE TEM\u0130Z ELLER OPERASYONU NASIL GER\u00c7EKLE\u015eECEK?<\/strong><\/p>\n<p style=\"text-align: justify;\">Abd\u00fcllatif \u015eener\u2019in Ruhat Mengi\u2019yle Her A\u00e7\u0131dan program\u0131nda yapt\u0131\u011f\u0131 a\u00e7\u0131klamalar yeni g\u00fcndem maddeleri olu\u015fturaca\u011fa benziyor. \u015eener\u2019in programdaki \u00f6nemli bir iddias\u0131, makamlar\u0131n dirsek temas\u0131yla da\u011f\u0131t\u0131ld\u0131\u011f\u0131 y\u00f6n\u00fcndeydi. Abd\u00fcllatif \u015eener \u2018Siyaset rant da\u011f\u0131t\u0131m\u0131 alan\u0131 haline gelmi\u015ftir. Ve makamlar, kamu kaynaklar\u0131 dirsek temas\u0131na g\u00f6re da\u011f\u0131t\u0131l\u0131yor. Belediye se\u00e7imleri zaman\u0131nda denildi ki \u2018\u0130stanbul\u2019da Cumhuriyet tarihinde yap\u0131lmam\u0131\u015f kadar imar de\u011fi\u015fikli\u011fi yap\u0131ld\u0131. 5.000\u2019e yak\u0131n imar de\u011fi\u015fikli\u011fi yap\u0131ld\u0131 ve 250 milyar dolarl\u0131k rant da\u011f\u0131t\u0131m\u0131 anlam\u0131na geliyor\u2019 Ama muhataplar\u0131 buna cevap bile vermedi. Fakat se\u00e7imleri de ald\u0131 g\u00f6t\u00fcrd\u00fcler. D\u00fcnyan\u0131n neresinde her vatanda\u015f\u0131n cebindeki paran\u0131n 3\/1\u2019inin siyasal iktidar taraf\u0131ndan kullan\u0131ld\u0131\u011f\u0131 ve bunun gizlenerek yap\u0131ld\u0131\u011f\u0131 bir y\u00f6netim var? Bunlar\u0131n \u00e7er\u00e7evesinde nas\u0131l temiz eller operasyonu yap\u0131lacak? \u015feklinde konu\u015ftu.<\/p>\n<p style=\"text-align: justify;\"><strong>\u0130KT\u0130DAR MUHALEFET\u0130 SUSTURUYOR MU?<\/strong><\/p>\n<p style=\"text-align: justify;\">\u015eener\u2019in programda dikkat \u00e7eken a\u00e7\u0131klamalar\u0131ndan biri de iktidar\u0131n muhalefeti susturdu\u011fu y\u00f6n\u00fcndeydi.<\/p>\n<p style=\"text-align: justify;\">\u015eener: \u2018T\u00fcrkiye\u2019de demokrasi standard\u0131 geriye gidiyor. G\u00fc\u00e7 olu\u015fturmak demek muhalifleri sindirmek demek oluyor. Mecliste \u00e7o\u011funluk demek, kendinizle ilgili su\u00e7 te\u015fkil edecek unsurlar\u0131, yasayla temizleme imkan\u0131 veriyor. Ve maalesef hukuk devletinde \u00e7\u0131kan yasalar\u0131n denetim yerleri de var\u2019 yorumlar\u0131nda bulunurken, ba\u015fbakan\u0131n herkesi dinledi\u011fini ve her istedi\u011fini Bakanlar Kurulu imzas\u0131na a\u00e7arak ger\u00e7ekle\u015ftirdi\u011fini s\u00f6yledi.<\/p>\n<p style=\"text-align: justify;\"><strong>BA\u015eBAKAN D\u0130NLEMELER\u0130 KONTROL M\u00dc ED\u0130YOR?<br \/>\n<\/strong>\n<\/p>\n<p style=\"text-align: justify;\"><strong>AK PART\u0130, ANAVATAN PART\u0130S\u0130\u2019N\u0130N HAZ\u0130NE YARDIMINI NASIL KEST\u0130?<\/strong><\/p>\n<p style=\"text-align: justify;\">Abd\u00fcllatif \u015eener: \u2018En \u00e7ok dinlemelere hayret etmi\u015fimdir. Bir \u0130leti\u015fim Koordinasyon Kurulu kuruldu. Dinleyenleri de dinleyen bir tim kuruldu. Mit ve Jandarma\u2019n\u0131n dinlemeleri de oradan ge\u00e7iyor. Ve b\u00fct\u00fcn \u00e7al\u0131\u015fanlar, odac\u0131s\u0131na var\u0131ncaya kadar tek tek se\u00e7ilerek yerle\u015ftirildi. Ve kanun anayasa mahkemesine gitti ve anayasa mahkemesi sadece iki maddeyi iptal etti. Kurulunun ba\u015fkan\u0131n\u0131, ba\u015fbakan atayamaz, denetimini de ba\u015fbakan yapamaz diyordu. Bakanlar Kurulu yap\u0131yor zaten. \u015eu ismi getirin imzaya a\u00e7\u0131n, b\u00fct\u00fcn bakanlar imzal\u0131yor. Herkes dinlendi\u011finden \u015f\u00fcpheleniyorsa nas\u0131l temiz eller operasyonu diyece\u011fiz.<\/p>\n<p style=\"text-align: justify;\">Her vatanda\u015f\u0131n cebindeki paran\u0131n 3\/1\u2019i iktidar\u0131n ve nereye harcand\u0131\u011f\u0131 da belirsizdir. Yap\u0131lan ihaleler, da\u011f\u0131t\u0131lan yerler \u015feffaf de\u011fil. Mesela d\u00fcnyan\u0131n hi\u00e7bir yerinde bir iktidar meclis \u00e7o\u011funlu\u011funa g\u00fcvenerek, muhalefeti susturamaz. Ama biz de susturuluyor. Kamu g\u00fcc\u00fcn\u00fc siyasi ama\u00e7larla kullan\u0131yor. Meclis \u00e7o\u011funlu\u011funa g\u00fcvenerek ge\u00e7en d\u00f6nem bir h\u00fck\u00fcmet tasar\u0131s\u0131 \u015feklinde gitmemi\u015ftir, kanun tasar\u0131s\u0131 \u015feklinde gitmi\u015f ve \u00e7\u0131kar\u0131lm\u0131\u015ft\u0131r. Bir muhalefet partisinin kendisine ele\u015ftirisinden ho\u015flanmad\u0131\u011f\u0131 ve muhalefet yap\u0131\u015f tarz\u0131n\u0131 be\u011fenmedi\u011fi i\u00e7in, onu susturmak amac\u0131yla yasalara g\u00f6re ald\u0131\u011f\u0131 hazine yard\u0131m\u0131, iktidar \u00e7o\u011funlu\u011fuyla kanunu de\u011fi\u015ftirerek kesilmi\u015ftir. Ve o parti se\u00e7ime giremez hale gelmi\u015ftir.<\/p>\n<p style=\"text-align: justify;\"><strong>C\u00fcneyt \u00dclsever:<\/strong> \u2018Anavatan\u2019\u0131 s\u00f6yl\u00fcyorsunuz?<\/p>\n<p style=\"text-align: justify;\"><strong>Abd\u00fcllatif \u015eener:<\/strong> \u2018Evet\u2019\u2026<\/p>\n<p style=\"text-align: justify;\"><strong>AK PART\u0130\u2019N\u0130N, AK OLMADI\u011eINI D\u00dc\u015e\u00dcN\u00dcYORUM<\/strong><\/p>\n<p style=\"text-align: justify;\">Ba\u015fbakan\u0131n \u2018Akp diyenler edepsizdir\u2019 s\u00f6z\u00fc, iki haftad\u0131r g\u00fcndemin en \u00e7ok tart\u0131\u015f\u0131lan konular\u0131ndan biri oldu. Gazeteciler, k\u00f6\u015fe yazarlar\u0131, sokaktaki vatanda\u015f ve muhalefet, ba\u015fbakan\u0131n sarf etti\u011fi c\u00fcmlelerin ard\u0131ndan olumlu-olumsuz ele\u015ftirilerde bulundu. \u0130ktidardan ayr\u0131lan ve yoluna tek ba\u015f\u0131na devam etme karar\u0131 alan Abd\u00fcllatif \u015eener de konuyla ilgili d\u00fc\u015f\u00fcncelerini programda Ruhat Mengi ve izleyicilerle payla\u015ft\u0131. \u015eener: \u2018Partiler kimlik siyaseti yapar, Dtp, Mhp, Ak Parti, Ak Parti diyece\u011fim \u00e7\u00fcnk\u00fc t\u00fcz\u00fckte \u00f6yle yaz\u0131yor. Bizim partimizin ismi de T\u00fcrkiye Partisi, t\u00fcz\u00fckte k\u0131salt\u0131lm\u0131\u015f ad\u0131 da T\u00fcrkiye\u2019dir. Ama gazeteler \u2018TP\u2019 yaz\u0131yor. Bu ifadelere k\u0131zm\u0131yoruz. Bu k\u0131z\u0131lacak bir konu de\u011fil. AKP demek insanlar\u0131n kolay\u0131na geliyor bunu edepsizlikten saymamak laz\u0131m. Ben gelene\u011fi devam ettirdi\u011fim i\u00e7in Ak Parti diyorum ama bu partinin \u2018ak\u2019 oldu\u011fu anlam\u0131nda demiyorum. Hukuki gerek\u00e7elerle Ak Parti diyorum.<\/p>\n<p style=\"text-align: justify;\"><strong>C\u00fcneyt \u00dclsever- H\u00fcrriyet Gazetesi Yazar\u0131:<\/strong> \u2018 Ak Parti\u2019nin, ak olmad\u0131\u011f\u0131n\u0131 m\u0131 d\u00fc\u015f\u00fcn\u00fcyorsunuz?<\/p>\n<p style=\"text-align: justify;\"><strong>T\u00fcrkiye Partisi&#8217;nin Genel Ba\u015fkan\u0131 Abd\u00fcllatif \u015eener: <\/strong>\u2018Evet\u2019<\/p>\n<p style=\"text-align: justify;\"><strong>C\u00fcneyt \u00dclsever- H\u00fcrriyet Gazetesi Yazar\u0131:<\/strong> \u2018Te\u015fekk\u00fcr ederim\u2019<\/p>\n<p style=\"text-align: justify;\"><span style=\"color: #888888;\">Kaynak : Vatan<\/span><\/p>\n","protected":false},"excerpt":{"rendered":"<\/p>\n<p style=\"text-align: justify;\">Ekranlar\u0131n en \u00e7ok izlenen haber tart\u0131\u015fma program\u0131 Ruhat Mengi\u2019yle Her A\u00e7\u0131dan g\u00fcndemdeki konular\u0131 tart\u0131\u015fmaya, ak\u0131llardaki soru i\u015faretlerini cevapland\u0131rmaya bu hafta da devam etti.<\/p>\n<p style=\"text-align: justify;\">Program\u0131n bu haftaki konuklar\u0131: T\u00fcrkiye Partisi&#8217;nin Genel Ba\u015fkan\u0131 Abd\u00fcllatif \u015eener, T\u00fcrkiye Barolar Birli\u011fi Ba\u015fkan\u0131 \u00d6zdemir \u00d6zok, H\u00fcrriyet Gazetesi Yazar\u0131 C\u00fcneyt \u00dclsever, Vatan Gazetesi Yazar\u0131 Can Atakl\u0131 Ve <\/p>\n","protected":false},"author":1,"featured_media":0,"comment_status":"open","ping_status":"closed","sticky":false,"template":"","format":"standard","meta":{"footnotes":""},"categories":[105],"tags":[],"class_list":["post-10210","post","type-post","status-publish","format-standard","hentry","category-gundem","odd"],"_links":{"self":[{"href":"http:\/\/www.korhanyilmaz.com\/index.php?rest_route=\/wp\/v2\/posts\/10210","targetHints":{"allow":["GET"]}}],"collection":[{"href":"http:\/\/www.korhanyilmaz.com\/index.php?rest_route=\/wp\/v2\/posts"}],"about":[{"href":"http:\/\/www.korhanyilmaz.com\/index.php?rest_route=\/wp\/v2\/types\/post"}],"author":[{"embeddable":true,"href":"http:\/\/www.korhanyilmaz.com\/index.php?rest_route=\/wp\/v2\/users\/1"}],"replies":[{"embeddable":true,"href":"http:\/\/www.korhanyilmaz.com\/index.php?rest_route=%2Fwp%2Fv2%2Fcomments&post=10210"}],"version-history":[{"count":0,"href":"http:\/\/www.korhanyilmaz.com\/index.php?rest_route=\/wp\/v2\/posts\/10210\/revisions"}],"wp:attachment":[{"href":"http:\/\/www.korhanyilmaz.com\/index.php?rest_route=%2Fwp%2Fv2%2Fmedia&parent=10210"}],"wp:term":[{"taxonomy":"category","embeddable":true,"href":"http:\/\/www.korhanyilmaz.com\/index.php?rest_route=%2Fwp%2Fv2%2Fcategories&post=10210"},{"taxonomy":"post_tag","embeddable":true,"href":"http:\/\/www.korhanyilmaz.com\/index.php?rest_route=%2Fwp%2Fv2%2Ftags&post=10210"}],"curies":[{"name":"wp","href":"https:\/\/api.w.org\/{rel}","templated":true}]}}