{"id":10195,"date":"2009-06-14T16:53:14","date_gmt":"2009-06-14T13:53:14","guid":{"rendered":"http:\/\/www.korhanyilmaz.com\/?p=10195"},"modified":"2009-06-14T16:53:14","modified_gmt":"2009-06-14T13:53:14","slug":"maganda-kursunu-uykuda-yakaladi","status":"publish","type":"post","link":"http:\/\/www.korhanyilmaz.com\/?p=10195","title":{"rendered":"Maganda kur\u015funu uykuda yakalad\u0131"},"content":{"rendered":"<p style=\"text-align: center;\"><img loading=\"lazy\" decoding=\"async\" class=\"aligncenter size-full wp-image-10196\" src=\"http:\/\/www.korhanyilmaz.com\/wp-content\/uploads\/2009\/06\/fft5_mf189997.Jpeg\" alt=\"\" width=\"270\" height=\"179\" \/><\/p>\n<p style=\"text-align: justify;\"><strong>Samsun&#8217;da evinde uyuyan 15 ya\u015f\u0131ndaki \u00e7ocuk, mahalledeki d\u00fc\u011f\u00fcnde a\u00e7\u0131lan ate\u015f y\u00fcz\u00fcnden \u00f6l\u00fcmden d\u00f6nd\u00fc.<\/strong><\/p>\n<p style=\"text-align: justify;\">SAMSUN&#8217;da iki katl\u0131 evlerindeki kanepede uyuyan 15 ya\u015f\u0131ndaki G\u00f6khan Kaplan, mahalledeki d\u00fc\u011f\u00fcnden tabancayla at\u0131lan merminin a\u00e7\u0131k kap\u0131dan girip v\u00fccuduna isabet etmesi sonucu yaraland\u0131. Hastaneye kald\u0131r\u0131lan Kaplan yap\u0131lan m\u00fcdahale ard\u0131ndan taburcu edildi.<\/p>\n<p style=\"text-align: justify;\">Olay d\u00fcn gece Atakum \u0130l\u00e7esi Mevlana Mahallesi&#8217;nde meydana geldi. Seyfi Demirsoy \u0130lk\u00f6\u011fretim Okulu 8&#8217;inci s\u0131n\u0131f \u00f6\u011frencisi G\u00f6khan Kaplan, 2 katl\u0131 bah\u00e7eli m\u00fcstakil evlerinin giri\u015f kap\u0131s\u0131n\u0131n yan\u0131nda bulunan kanepede uyudu. Havan\u0131n s\u0131cak olmas\u0131 nedeniyle annesi 32 ya\u015f\u0131ndaki Ay\u015fe Kaplan evin giri\u015f kap\u0131s\u0131n\u0131 a\u00e7arak uyumaya gitti. Bu s\u0131rada kom\u015fu Bala\u00e7 Mahallesi&#8217;ndeki d\u00fc\u011f\u00fcnden at\u0131ld\u0131\u011f\u0131 \u00f6ne s\u00fcr\u00fclen bir mermi uyuyan \u00e7ocu\u011fun g\u00f6\u011fs\u00fcne isabet etti. Ba\u011f\u0131rarak uyanan Kaplan, babas\u0131 35 ya\u015f\u0131ndaki Orhan Kaplan taraf\u0131ndan hemen hastaneye g\u00f6t\u00fcr\u00fcld\u00fc.<!--nextpage--> G\u00f6\u011fs\u00fcn\u00fc s\u0131y\u0131ran mermi nedeniyle yaralanan G\u00f6khan Kaplan tedavisinin ard\u0131ndan evine g\u00f6nderildi. Polis evde yapt\u0131\u011f\u0131 aramada Kaplan&#8217;a isabet eden mermi \u00e7ekirde\u011fini buldu. G\u00f6khan Kaplan, \u201cAnnem hava s\u0131cak diye kap\u0131y\u0131 a\u00e7t\u0131. O anda silah sesi geldi. Ac\u0131yla aya\u011fa f\u0131rlad\u0131m. Vuruldu\u011fumu anlad\u0131m. Babam\u0131 \u00e7a\u011f\u0131rd\u0131k. Beni hastaneye kald\u0131rd\u0131. Bala\u00e7 Mahallesi&#8217;nde d\u00fc\u011f\u00fcnden rasgele ate\u015f edildi\u011fini d\u00fc\u015f\u00fcn\u00fcyoruz\u201d dedi. Baba Orhan Kaplan ise, merminin o\u011flunun g\u00f6\u011fs\u00fcn\u00fc s\u0131y\u0131r\u0131p ge\u00e7ti\u011fini anlat\u0131rken faillerin bulunmas\u0131n\u0131 istedi.<\/p>\n<p style=\"text-align: justify;\"><span style=\"color: #888888;\">DHA<\/span><\/p>\n","protected":false},"excerpt":{"rendered":"<p style=\"text-align: center;\">\n<p style=\"text-align: justify;\">Samsun&#8217;da evinde uyuyan 15 ya\u015f\u0131ndaki \u00e7ocuk, mahalledeki d\u00fc\u011f\u00fcnde a\u00e7\u0131lan ate\u015f y\u00fcz\u00fcnden \u00f6l\u00fcmden d\u00f6nd\u00fc.<\/p>\n<p style=\"text-align: justify;\">SAMSUN&#8217;da iki katl\u0131 evlerindeki kanepede uyuyan 15 ya\u015f\u0131ndaki G\u00f6khan Kaplan, mahalledeki d\u00fc\u011f\u00fcnden tabancayla at\u0131lan merminin a\u00e7\u0131k kap\u0131dan girip v\u00fccuduna isabet etmesi sonucu yaraland\u0131. Hastaneye kald\u0131r\u0131lan Kaplan yap\u0131lan m\u00fcdahale ard\u0131ndan taburcu edildi.<\/p>\n<p style=\"text-align: justify;\">Olay d\u00fcn <\/p>\n","protected":false},"author":1,"featured_media":0,"comment_status":"open","ping_status":"closed","sticky":false,"template":"","format":"standard","meta":{"footnotes":""},"categories":[105],"tags":[],"class_list":["post-10195","post","type-post","status-publish","format-standard","hentry","category-gundem","odd"],"_links":{"self":[{"href":"http:\/\/www.korhanyilmaz.com\/index.php?rest_route=\/wp\/v2\/posts\/10195","targetHints":{"allow":["GET"]}}],"collection":[{"href":"http:\/\/www.korhanyilmaz.com\/index.php?rest_route=\/wp\/v2\/posts"}],"about":[{"href":"http:\/\/www.korhanyilmaz.com\/index.php?rest_route=\/wp\/v2\/types\/post"}],"author":[{"embeddable":true,"href":"http:\/\/www.korhanyilmaz.com\/index.php?rest_route=\/wp\/v2\/users\/1"}],"replies":[{"embeddable":true,"href":"http:\/\/www.korhanyilmaz.com\/index.php?rest_route=%2Fwp%2Fv2%2Fcomments&post=10195"}],"version-history":[{"count":0,"href":"http:\/\/www.korhanyilmaz.com\/index.php?rest_route=\/wp\/v2\/posts\/10195\/revisions"}],"wp:attachment":[{"href":"http:\/\/www.korhanyilmaz.com\/index.php?rest_route=%2Fwp%2Fv2%2Fmedia&parent=10195"}],"wp:term":[{"taxonomy":"category","embeddable":true,"href":"http:\/\/www.korhanyilmaz.com\/index.php?rest_route=%2Fwp%2Fv2%2Fcategories&post=10195"},{"taxonomy":"post_tag","embeddable":true,"href":"http:\/\/www.korhanyilmaz.com\/index.php?rest_route=%2Fwp%2Fv2%2Ftags&post=10195"}],"curies":[{"name":"wp","href":"https:\/\/api.w.org\/{rel}","templated":true}]}}