{"id":10166,"date":"2009-06-14T17:25:10","date_gmt":"2009-06-14T14:25:10","guid":{"rendered":"http:\/\/www.korhanyilmaz.com\/?p=10166"},"modified":"2009-06-14T17:25:10","modified_gmt":"2009-06-14T14:25:10","slug":"hakkaride-bir-asker-sehit","status":"publish","type":"post","link":"http:\/\/www.korhanyilmaz.com\/?p=10166","title":{"rendered":"Hakkari&#039;de bir asker \u015fehit"},"content":{"rendered":"<p style=\"text-align: center;\"><img loading=\"lazy\" decoding=\"async\" class=\"aligncenter size-full wp-image-10167\" src=\"http:\/\/www.korhanyilmaz.com\/wp-content\/uploads\/2009\/06\/fft5_mf189929.Jpeg\" alt=\"\" width=\"270\" height=\"202\" \/><\/p>\n<p style=\"text-align: justify;\">Hakkari&#8217;nin Y\u00fcksekova \u0130l\u00e7esi&#8217;nin k\u0131rsal kesiminde s\u00fcrd\u00fcr\u00fclen operasyonda \u00e7\u0131kan \u00e7at\u0131\u015fmada Jandarma Uzman \u00c7avu\u015f Mete Han \u015fehit olurken 1 ter\u00f6rist \u00f6l\u00fc ele ge\u00e7irildi. Kuzey Irak&#8217;taki bir grup ter\u00f6rist \u015eemdinli \u0130l\u00e7esi&#8217;nin s\u0131n\u0131r kesimindeki timlere ate\u015f a\u00e7arken 1 g\u00fcvenlik g\u00f6revlisi yaraland\u0131.<\/p>\n<p style=\"text-align: justify;\">Hakkari ili Y\u00fcksekova \u0130l\u00e7esi&#8217;nin da\u011fl\u0131k arazi kesiminde arazi arama- tarama operasyonu s\u00fcrd\u00fcr\u00fcl\u00fcrken bir grup PKK&#8217;l\u0131 ter\u00f6rist ile kar\u015f\u0131la\u015f\u0131ld\u0131. Ter\u00f6ristlerin a\u00e7t\u0131\u011f\u0131 ilk ate\u015f s\u0131ras\u0131nda Jandarma Uzman \u00c7avu\u015f Mete Han \u015fehit oldu. \u00c7\u0131kan \u00e7at\u0131\u015fmada 1 ter\u00f6rist Kala\u015fnikof marka t\u00fcfe\u011fi, 1 telsizi ile birlikte \u00f6l\u00fc ele ge\u00e7irildi. B\u00f6lgede operasyona devam ediliyor. <!--more--><\/p>\n<p style=\"text-align: justify;\"><strong>\u015eEH\u0130T EV\u0130NDE YAS<\/strong><\/p>\n<p style=\"text-align: justify;\">Ter\u00f6ristlerin a\u00e7t\u0131\u011f\u0131 ate\u015fle \u015fehit d\u00fc\u015fen Jandarma Uzman \u00c7avu\u015f Mete Han&#8217;\u0131n Manisa Soma\u2019daki ailesinin evine ate\u015f d\u00fc\u015ft\u00fc. Y\u00fcksekova\u2019da PKK&#8217;l\u0131 ter\u00f6ristlerle girilen \u00e7at\u0131\u015fmada \u015fehit d\u00fc\u015fen Hakkari Jandarma \u00d6zel Harekat Taburu\u2019nda g\u00f6revli Jandarma Uzman \u00c7avu\u015f Mete Han&#8217;\u0131n Manisa&#8217;n\u0131n Soma \u0130l\u00e7esi\u2019nde oturan ailesi gece yar\u0131s\u0131 ald\u0131klar\u0131 ac\u0131 haberle sars\u0131ld\u0131.<\/p>\n<p style=\"text-align: justify;\">\u0130l\u00e7e Jandarma Komutanl\u0131\u011f\u0131&#8217;ndan gelen telefonla 2 \u00e7ocu\u011fundan birinin \u015fehit d\u00fc\u015ft\u00fc\u011f\u00fcn\u00fc \u00f6\u011frenen anne Akife Han sinir krizi ge\u00e7irirken, metanetini koruyan babas\u0131 Osman Han, \u201cT\u00fcrkiye i\u00e7in bu \u015fehit ilk de\u011fil. Benim gibi bir\u00e7ok baba evlad\u0131n\u0131 yitirdi. Biz evlatlar\u0131m\u0131z\u0131 asker yapmak i\u00e7in yeti\u015ftiriyoruz. Ac\u0131m\u0131z ne kadar b\u00fcy\u00fck de olsa evlad\u0131m\u0131z\u0131n vatan topra\u011f\u0131n\u0131 korumak i\u00e7in \u015fehit d\u00fc\u015fm\u00fc\u015f olmas\u0131 teselli veriyor\u201d diye konu\u015ftu.<\/p>\n<p style=\"text-align: justify;\">Aslen Bal\u0131kesir&#8217;in \u0130vrindi \u0130l\u00e7esi&#8217;nden olan Han Ailesi, \u0130stasyon Mahallesi\u2019ndeki evlerinde taziyeleri kabul etti. Bayg\u0131nl\u0131k ge\u00e7iren Akife Han\u2019\u0131 kom\u015fular\u0131 teskin etmeye \u00e7al\u0131\u015ft\u0131. Bekar olan \u015fehit Jandarma Uzman \u00c7avu\u015f Mete Han\u2019\u0131n cenazesinin, bug\u00fcn Parkaalt\u0131 Camii\u2019nde k\u0131l\u0131nacak namaz\u0131n ard\u0131ndan Soma Belediye \u015eehitli\u011fi&#8217;nde topra\u011fa verilece\u011fi bildirildi. Mete Han\u2019\u0131n 3.5 y\u0131ll\u0131k uzman \u00e7avu\u015f oldu\u011fu bildirildi.<\/p>\n<p style=\"text-align: justify;\"><strong>IRAK SINIRINDAN ATE\u015e A\u00c7ILDI: 1 YARALI<\/strong><\/p>\n<p style=\"text-align: justify;\">Hakkari&#8217;nin \u015eemdinli \u0130l\u00e7esi&#8217;nin Irak s\u0131n\u0131r\u0131 b\u00f6lgesinde g\u00f6rev yapan g\u00fcvenlik g\u00fc\u00e7lerine d\u00fcn gece bir grup ter\u00f6rist taraf\u0131ndan taciz ate\u015fi a\u00e7\u0131ld\u0131. Taciz ate\u015fi a\u00e7\u0131lan b\u00f6lge an\u0131nda destek silahlar\u0131yla ate\u015f alt\u0131na al\u0131nd\u0131. Ter\u00f6ristlerin a\u00e7t\u0131\u011f\u0131 ilk ate\u015f sonucu 1 g\u00fcvenlik g\u00f6revlisi yaraland\u0131. Bing\u00f6l ili Karl\u0131ova il\u00e7esi da\u011fl\u0131k arazi kesiminde, b\u00f6l\u00fcc\u00fc ter\u00f6r \u00f6rg\u00fct mensuplar\u0131na ait 215 kilo g\u0131da maddesi ve muhtelif ya\u015fam malzemesi ele ge\u00e7irildi.<\/p>\n<p style=\"text-align: justify;\"><span style=\"color: #888888;\">Kaynak : Radikal<\/span><\/p>\n","protected":false},"excerpt":{"rendered":"<p style=\"text-align: center;\">\n<p style=\"text-align: justify;\">Hakkari&#8217;nin Y\u00fcksekova \u0130l\u00e7esi&#8217;nin k\u0131rsal kesiminde s\u00fcrd\u00fcr\u00fclen operasyonda \u00e7\u0131kan \u00e7at\u0131\u015fmada Jandarma Uzman \u00c7avu\u015f Mete Han \u015fehit olurken 1 ter\u00f6rist \u00f6l\u00fc ele ge\u00e7irildi. Kuzey Irak&#8217;taki bir grup ter\u00f6rist \u015eemdinli \u0130l\u00e7esi&#8217;nin s\u0131n\u0131r kesimindeki timlere ate\u015f a\u00e7arken 1 g\u00fcvenlik g\u00f6revlisi yaraland\u0131.<\/p>\n<p style=\"text-align: justify;\">Hakkari ili Y\u00fcksekova \u0130l\u00e7esi&#8217;nin da\u011fl\u0131k arazi kesiminde arazi arama- tarama operasyonu <\/p>\n","protected":false},"author":1,"featured_media":0,"comment_status":"open","ping_status":"closed","sticky":false,"template":"","format":"standard","meta":{"footnotes":""},"categories":[105],"tags":[],"class_list":["post-10166","post","type-post","status-publish","format-standard","hentry","category-gundem","odd"],"_links":{"self":[{"href":"http:\/\/www.korhanyilmaz.com\/index.php?rest_route=\/wp\/v2\/posts\/10166","targetHints":{"allow":["GET"]}}],"collection":[{"href":"http:\/\/www.korhanyilmaz.com\/index.php?rest_route=\/wp\/v2\/posts"}],"about":[{"href":"http:\/\/www.korhanyilmaz.com\/index.php?rest_route=\/wp\/v2\/types\/post"}],"author":[{"embeddable":true,"href":"http:\/\/www.korhanyilmaz.com\/index.php?rest_route=\/wp\/v2\/users\/1"}],"replies":[{"embeddable":true,"href":"http:\/\/www.korhanyilmaz.com\/index.php?rest_route=%2Fwp%2Fv2%2Fcomments&post=10166"}],"version-history":[{"count":0,"href":"http:\/\/www.korhanyilmaz.com\/index.php?rest_route=\/wp\/v2\/posts\/10166\/revisions"}],"wp:attachment":[{"href":"http:\/\/www.korhanyilmaz.com\/index.php?rest_route=%2Fwp%2Fv2%2Fmedia&parent=10166"}],"wp:term":[{"taxonomy":"category","embeddable":true,"href":"http:\/\/www.korhanyilmaz.com\/index.php?rest_route=%2Fwp%2Fv2%2Fcategories&post=10166"},{"taxonomy":"post_tag","embeddable":true,"href":"http:\/\/www.korhanyilmaz.com\/index.php?rest_route=%2Fwp%2Fv2%2Ftags&post=10166"}],"curies":[{"name":"wp","href":"https:\/\/api.w.org\/{rel}","templated":true}]}}