{"id":10162,"date":"2009-06-14T17:36:12","date_gmt":"2009-06-14T14:36:12","guid":{"rendered":"http:\/\/www.korhanyilmaz.com\/?p=10162"},"modified":"2009-06-14T17:36:12","modified_gmt":"2009-06-14T14:36:12","slug":"dayakci-koca-tum-ilceden-el-ilaniyla-ozur-diledi","status":"publish","type":"post","link":"http:\/\/www.korhanyilmaz.com\/?p=10162","title":{"rendered":"Dayak\u00e7\u0131 koca t\u00fcm il\u00e7eden el ilan\u0131yla \u00f6z\u00fcr diledi"},"content":{"rendered":"<p style=\"text-align: center;\"><img loading=\"lazy\" decoding=\"async\" class=\"aligncenter size-full wp-image-10163\" src=\"http:\/\/www.korhanyilmaz.com\/wp-content\/uploads\/2009\/06\/fft28_mf189970.Jpeg\" alt=\"\" width=\"306\" height=\"204\" \/><\/p>\n<address style=\"text-align: center;\"><span style=\"color: #888888;\">El ilan\u0131 da\u011f\u0131tarak cezas\u0131n\u0131 \u00e7eken Mustafa Kad\u0131nc\u0131 &#8216;e\u015fimle asla kavga etmeyece\u011fim&#8217; dedi.<\/span><\/address>\n<p style=\"text-align: center;\">\n<p style=\"text-align: justify;\">Dayak\u00e7\u0131 koca &#8216;e\u015fime vurdu\u011fum i\u00e7in e\u015fimden ve t\u00fcm Ara\u00e7 halk\u0131ndan \u00f6z\u00fcr diliyorum&#8217; yaz\u0131l\u0131 el ilan\u0131 da\u011f\u0131tarak cezas\u0131n\u0131 \u00e7ekti.<\/p>\n<p style=\"text-align: justify;\">KASTAMONU -Ara\u00e7 il\u00e7esinde, &#8220;e\u015fe kar\u015f\u0131 basit yaralama ve h\u00fcrriyetten yoksun b\u0131rakma&#8221; su\u00e7undan yarg\u0131lanan ki\u015fiye denetimli serbestlik uygulamas\u0131 kapsam\u0131nda ilgin\u00e7 ceza verildi.<\/p>\n<p style=\"text-align: justify;\">Mahkeme karar\u0131yla 1000 adet &#8220;e\u015fime vurdu\u011fum i\u00e7in e\u015fimden ve t\u00fcm Ara\u00e7 halk\u0131ndan \u00f6z\u00fcr diliyorum&#8221; yaz\u0131l\u0131 el ilan\u0131 bast\u0131r\u0131p bunu il\u00e7e halk\u0131na da\u011f\u0131tan vatanda\u015f, ayr\u0131ca 50 fidan dikerek bunlar\u0131n 6 ay bak\u0131m\u0131n\u0131 yapacak. <!--more--><\/p>\n<p style=\"text-align: justify;\">AA muhabirinin ald\u0131\u011f\u0131 bilgiye g\u00f6re, \u015eiring\u00fcney k\u00f6y\u00fcnde \u00e7ift\u00e7ilik yapan Mustafa Kad\u0131nc\u0131 (32), annesinin evine gitmesi nedeniyle tart\u0131\u015ft\u0131\u011f\u0131 e\u015fi \u0130pek Kad\u0131nc\u0131\u2019y\u0131 (23) kendisine k\u00fcfretti\u011fi iddias\u0131yla darbederek, eve kitleyip bir g\u00fcn s\u00fcreyle d\u0131\u015far\u0131 \u00e7\u0131kmas\u0131na engel oldu.<\/p>\n<p style=\"text-align: justify;\">Olay\u0131n karakola intikal etmesi nedeniyle Ara\u00e7 Asliye Ceza Mahkemesince a\u00e7\u0131lan davan\u0131n karar duru\u015fmas\u0131nda, kad\u0131n hakim, \u0130pek Kad\u0131nc\u0131\u2019ya &#8220;e\u015fe kar\u015f\u0131 basit yaralama&#8221; su\u00e7undan 6 ay, &#8220;ki\u015fiyi h\u00fcrriyetten yoksun k\u0131lma&#8221; su\u00e7undan da 1 y\u0131l 4 ay hapis cezas\u0131 verdi.<\/p>\n<p style=\"text-align: justify;\">Hakim, Kad\u0131nc\u0131\u2019n\u0131n e\u015finin \u015fikayet\u00e7i olmamas\u0131 ve san\u0131\u011f\u0131n bir daha su\u00e7 i\u015flemeyece\u011fi konusunda mahkemede olumlu kanaat olu\u015fmas\u0131 nedeniyle h\u00fckm\u00fcn a\u00e7\u0131klanmas\u0131n\u0131n geri b\u0131rak\u0131lmas\u0131n\u0131 ve denetimli serbestli tedbiri uygulanmas\u0131n\u0131 kararla\u015ft\u0131rd\u0131.<\/p>\n<p style=\"text-align: justify;\"><strong>&#8220;E\u015e\u0130ME VURDU\u011eUM \u0130\u00c7\u0130N \u00d6Z\u00dcR D\u0130L\u0130YORUM&#8221; <\/strong><\/p>\n<p style=\"text-align: justify;\">Mahkeme, Mustafa Kad\u0131nc\u0131\u2019y\u0131, &#8220;\u0130ri puntolarla yaz\u0131lm\u0131\u015f \u2019E\u015fime vurdu\u011fum i\u00e7in e\u015fimden ve t\u00fcm Ara\u00e7 halk\u0131ndan \u00f6z\u00fcr diliyorum. Mustafa Kad\u0131nc\u0131\u2019 ibaresi bulunan bin adet el ilan\u0131n\u0131 tedarik ederek, il\u00e7edeki t\u00fcm kamu kurum ve kurulu\u015flar\u0131 ile sokaktaki vatanda\u015flara birer adet olacak \u015fekilde da\u011f\u0131tmakla ve 50 adet fidan dikerek 6 ay s\u00fcreyle bak\u0131mlar\u0131n\u0131 yapmakla&#8221; cezaland\u0131rd\u0131. Mustafa Kad\u0131nc\u0131, kendisine verilen ceza kapsam\u0131nda Ara\u00e7\u2019taki bir matbaaya giderek bast\u0131rd\u0131\u011f\u0131 1000 adet el ilan\u0131n\u0131 il\u00e7edeki H\u00fck\u00fcmet Kona\u011f\u0131, \u0130l\u00e7e Emniyet M\u00fcd\u00fcrl\u00fc\u011f\u00fc, \u0130l\u00e7e Jandarma Komutanl\u0131\u011f\u0131, Askerlik \u015eubesi, Orman \u0130\u015fletme \u015eefli\u011fi, Belediye Ba\u015fkanl\u0131\u011f\u0131, banka \u015fubeleri, PTT ve Telekom M\u00fcd\u00fcrl\u00fc\u011f\u00fcn\u00fcn birimleri ile Kastamonu Caddesi\u2019nden ge\u00e7en her vatanda\u015fa, yetkililerin g\u00f6zetiminde da\u011f\u0131tt\u0131.<\/p>\n<p style=\"text-align: justify;\">Ara\u00e7 Orman \u0130\u015fletme \u015eefli\u011fince belirlenen alana da 50 adet fidan dikerek 6 ay s\u00fcreyle bak\u0131m\u0131n\u0131 yapacak olan Kad\u0131nc\u0131, 5 y\u0131l s\u00fcreyle denetime tabi tutulacak.<\/p>\n<p style=\"text-align: justify;\">San\u0131\u011f\u0131n, denetim s\u00fcresi i\u00e7inde kasten yeni bir su\u00e7 i\u015flemesi veya denetimli serbestlik tedbirine ili\u015fkin y\u00fck\u00fcml\u00fcl\u00fcklerine ayk\u0131r\u0131 davranmas\u0131 durumunda hapis cezas\u0131 y\u00fcr\u00fcrl\u00fc\u011fe girecek.<\/p>\n<p style=\"text-align: justify;\"><strong>&#8220;\u0130LG\u0130N\u00c7 CEZA ALDIM&#8221;<\/strong><\/p>\n<p style=\"text-align: justify;\">Mustafa Kad\u0131nc\u0131,  hakimin kad\u0131n olmas\u0131ndan dolay\u0131 b\u00f6yle bir ceza ald\u0131\u011f\u0131n\u0131 savunarak, \u015f\u00f6yle konu\u015ftu:<\/p>\n<p style=\"text-align: justify;\">&#8220;E\u015fimle aramda bir sebepten dolay\u0131 tart\u0131\u015fma \u00e7\u0131kt\u0131. E\u015fime k\u00fcfretmesi nedeniyle sinirlenerek iki tokat att\u0131m. Olay mahkemeye intikal etti. Kad\u0131n Hakim bana ilgin\u00e7 cezalar verdi. Matbaaya giderek e\u015fimden ve Ara\u00e7 halk\u0131ndan \u00f6z\u00fcr dilerim yaz\u0131l\u0131 bin adet el ilan\u0131 bast\u0131r\u0131p da\u011f\u0131tt\u0131m. 50 adet de \u00e7am fidan\u0131 dikece\u011fim. Bir daha b\u00f6yle bir olay ya\u015fanmayacak, e\u015fimle asla kavga etmeyece\u011fim. 5 y\u0131l s\u00fcresince bu su\u00e7u tekrar edersem hapis cezas\u0131 alaca\u011f\u0131m.&#8221;<\/p>\n<p style=\"text-align: justify;\"><strong>DAYAK Y\u0130YEN E\u015e CEZADAN HABERS\u0130Z <\/strong><\/p>\n<p style=\"text-align: justify;\">Kad\u0131nc\u0131\u2019n\u0131n 8 y\u0131ll\u0131k e\u015fi ve 3 \u00e7ocuk annesi \u0130pek Kad\u0131nc\u0131 da e\u015finin ald\u0131\u011f\u0131 cezay\u0131 gazetecilerden \u00f6\u011frendi\u011fini iddia ederek, e\u015finin mahkemenin ard\u0131ndan kendisine daha iyi davrand\u0131\u011f\u0131n\u0131 kaydetti. Konuyla ilgili daha fazla konu\u015fmak istemedi\u011fini vurgulayan \u0130pek Kad\u0131nc\u0131, verdi\u011fi ifadede ise olay g\u00fcn\u00fc annesine gitti\u011fini, buna raz\u0131 olmayan e\u015finin sinirlenmesi \u00fczerine tart\u0131\u015ft\u0131klar\u0131n\u0131 belirtti.<\/p>\n<p style=\"text-align: justify;\">Kad\u0131nc\u0131, kendisini darbeden e\u015fine hi\u00e7bir \u015fekilde k\u00fcf\u00fcrl\u00fc konu\u015fmad\u0131\u011f\u0131n\u0131 belirterek, &#8220;E\u015fim beni daha sonra eve kilitledi. Ben de ailemi arayarak jandarmaya haber vermelerini istedim&#8221; dedi.<\/p>\n<p style=\"text-align: justify;\"><span style=\"color: #888888;\">AA<\/span><\/p>\n","protected":false},"excerpt":{"rendered":"<p style=\"text-align: center;\">\n<p> El ilan\u0131 da\u011f\u0131tarak cezas\u0131n\u0131 \u00e7eken Mustafa Kad\u0131nc\u0131 &#8216;e\u015fimle asla kavga etmeyece\u011fim&#8217; dedi. <\/p>\n<p style=\"text-align: center;\">\n<p style=\"text-align: justify;\">Dayak\u00e7\u0131 koca &#8216;e\u015fime vurdu\u011fum i\u00e7in e\u015fimden ve t\u00fcm Ara\u00e7 halk\u0131ndan \u00f6z\u00fcr diliyorum&#8217; yaz\u0131l\u0131 el ilan\u0131 da\u011f\u0131tarak cezas\u0131n\u0131 \u00e7ekti.<\/p>\n<p style=\"text-align: justify;\">KASTAMONU -Ara\u00e7 il\u00e7esinde, &#8220;e\u015fe kar\u015f\u0131 basit yaralama ve h\u00fcrriyetten yoksun b\u0131rakma&#8221; su\u00e7undan yarg\u0131lanan ki\u015fiye denetimli <\/p>\n","protected":false},"author":1,"featured_media":0,"comment_status":"open","ping_status":"closed","sticky":false,"template":"","format":"standard","meta":{"footnotes":""},"categories":[7],"tags":[],"class_list":["post-10162","post","type-post","status-publish","format-standard","hentry","category-ekonomi","odd"],"_links":{"self":[{"href":"http:\/\/www.korhanyilmaz.com\/index.php?rest_route=\/wp\/v2\/posts\/10162","targetHints":{"allow":["GET"]}}],"collection":[{"href":"http:\/\/www.korhanyilmaz.com\/index.php?rest_route=\/wp\/v2\/posts"}],"about":[{"href":"http:\/\/www.korhanyilmaz.com\/index.php?rest_route=\/wp\/v2\/types\/post"}],"author":[{"embeddable":true,"href":"http:\/\/www.korhanyilmaz.com\/index.php?rest_route=\/wp\/v2\/users\/1"}],"replies":[{"embeddable":true,"href":"http:\/\/www.korhanyilmaz.com\/index.php?rest_route=%2Fwp%2Fv2%2Fcomments&post=10162"}],"version-history":[{"count":0,"href":"http:\/\/www.korhanyilmaz.com\/index.php?rest_route=\/wp\/v2\/posts\/10162\/revisions"}],"wp:attachment":[{"href":"http:\/\/www.korhanyilmaz.com\/index.php?rest_route=%2Fwp%2Fv2%2Fmedia&parent=10162"}],"wp:term":[{"taxonomy":"category","embeddable":true,"href":"http:\/\/www.korhanyilmaz.com\/index.php?rest_route=%2Fwp%2Fv2%2Fcategories&post=10162"},{"taxonomy":"post_tag","embeddable":true,"href":"http:\/\/www.korhanyilmaz.com\/index.php?rest_route=%2Fwp%2Fv2%2Ftags&post=10162"}],"curies":[{"name":"wp","href":"https:\/\/api.w.org\/{rel}","templated":true}]}}