{"id":10154,"date":"2009-06-14T18:50:35","date_gmt":"2009-06-14T15:50:35","guid":{"rendered":"http:\/\/www.korhanyilmaz.com\/?p=10154"},"modified":"2009-06-14T18:50:35","modified_gmt":"2009-06-14T15:50:35","slug":"10-gun-once-ruyamda-gordum","status":"publish","type":"post","link":"http:\/\/www.korhanyilmaz.com\/?p=10154","title":{"rendered":"&#039;10 g\u00fcn \u00f6nce r\u00fcyamda g\u00f6rd\u00fcm&#039;"},"content":{"rendered":"<p><img loading=\"lazy\" decoding=\"async\" class=\"aligncenter size-full wp-image-10155\" src=\"http:\/\/www.korhanyilmaz.com\/wp-content\/uploads\/2009\/06\/140620091839399662249.jpg\" alt=\"\" width=\"320\" height=\"100\" \/><\/p>\n<p style=\"text-align: justify;\">SON Valiler Kararnamesi ile merkeze al\u0131nan Sivas Valisi Veysel Dalmaz, bu karar\u0131, 10 g\u00fcn \u00f6nce r\u00fcyas\u0131nda g\u00f6rd\u00fc\u011f\u00fcn\u00fc anlat\u0131rken, &#8220;Birka\u00e7 namerdi iyi biliyorum. Onlar ellerine k\u0131na yaks\u0131n&#8221; dedi.<\/p>\n<p style=\"text-align: justify;\">Valiler kararnamesi ile 3.5 y\u0131ldan bu yana g\u00f6rev yapt\u0131\u011f\u0131 Sivas&#8217;tan al\u0131narak merkez valili\u011fine atanan Vali Veysel Dalmaz, \u0130l \u00d6zel \u0130dare Salonu&#8217;nda bug\u00fcn yap\u0131lan Sivas Hizmet Vakf\u0131&#8217;n\u0131n ola\u011fan genel kurul toplant\u0131s\u0131na kat\u0131ld\u0131. G\u00f6revdan al\u0131nmas\u0131 nedeni ile moralinin bozuk oldu\u011fu g\u00f6zlenen Vali Dalmaz, Sivas ve Sivas insan\u0131na en iyi bi\u00e7imde hizmet etmeye \u00e7al\u0131\u015ft\u0131\u011f\u0131n\u0131 belirterek \u015f\u00f6yle konu\u015ftu:<\/p>\n<p style=\"text-align: justify;\">&#8220;Burada elimizden geldi\u011fi kadar, kabiliyetimiz nispetinde Sivas insan\u0131na, kendi insan\u0131m\u0131z bilerek hizmet etmeye \u00e7al\u0131\u015ft\u0131k. Hi\u00e7bir zaman ayr\u0131m g\u00f6zetmedik. Bo\u015f zaman\u0131m\u0131z da ge\u00e7medi. Bo\u015f zaman\u0131m\u0131z\u0131 yine insan\u0131m\u0131zla birlikte yine onlarla mesai d\u0131\u015f\u0131nda olarak kimisiyle futbol oynam\u0131\u015f\u0131md\u0131r, kimisiyle sohbet etmi\u015f, kimisiyle saz \u00e7alm\u0131\u015f\u0131md\u0131r. <!--more-->Hi\u00e7bir zaman kendi k\u00fclt\u00fcr\u00fcm d\u0131\u015f\u0131nda bir aktivite i\u00e7inde bulunmad\u0131m. Yap\u0131lan i\u015fleri g\u00f6rmeyip, diline belli \u015feyleri dolayan baz\u0131lar\u0131n\u0131 Allah&#8217;a havale ediyorum. Onlarla mah\u015ferde hesapla\u015faca\u011f\u0131z. Allah 1 kap\u0131y\u0131 kapat\u0131r 1000 kap\u0131y\u0131 a\u00e7ar, ona inanc\u0131m\u0131z sonsuz ve ben bunu 10 g\u00fcn \u00f6nce r\u00fcyamda g\u00f6rm\u00fc\u015ft\u00fcm. R\u00fcyamda `Seninle ilgili bir tasarrufumuz var seni merkeze ald\u0131k&#8217; dediler. `Hay\u0131rl\u0131s\u0131 olsun&#8217; dedim, ayn\u0131 dualar\u0131m\u0131 da tekrar ettim. 10 g\u00fcn sonra yurt d\u0131\u015f\u0131ndayken b\u00f6yle bir haber ald\u0131m. S\u00f6yledi\u011fim hi\u00e7bir \u015fey olmad\u0131. H\u00fck\u00fcmetime k\u0131rg\u0131n de\u011filim. H\u00fck\u00fcmet, benim h\u00fck\u00fcmetim. \u00d6zellikle say\u0131n ba\u015fbakan\u0131m\u0131za h\u00fck\u00fcmetimize benim g\u00fcvenim var. Sivas&#8217;tan da hi\u00e7bir sebepten rahats\u0131zl\u0131\u011f\u0131m olmad\u0131. \u00d6zellikle yi\u011fit ve mert insanlara benim can\u0131m feda demi\u015ftim ve yine ayn\u0131 \u015feyi s\u00f6yl\u00fcyorum.&#8221;<\/p>\n<p style=\"text-align: justify;\"><strong>&#8220;ELLER\u0130NE KINA YAKSINLAR&#8221;<\/strong><\/p>\n<p style=\"text-align: justify;\">Sivas d\u0131\u015f\u0131nda olsa bile bu kente ve insanlar\u0131na sevgisinin devam edece\u011fini anlatan Vali Veysel Dalmaz, &#8220;Bu kadar mert insan\u0131n i\u00e7erisinde birka\u00e7 namerdi de iyi biliyorum, Onlar gitsin, ellerine k\u0131na yaks\u0131n. Ba\u015fka da bir \u015fey s\u00f6ylemiyorum. \u0130simlerle, insanlarla hi\u00e7bir \u015feyim yok. Bundan sonra yine ben insan\u0131mla kayna\u015fmaya devam edece\u011fim \u00e7ar\u015f\u0131da, pazarda g\u00f6rd\u00fc\u011f\u00fcm insan\u0131mla ki ben samimi oldu\u011fuma inan\u0131yorum. Samimi olmasam kar\u015f\u0131mdaki insandan da bir samimiyet bulmam. Herkesle, her kesimle g\u00f6r\u00fc\u015ferek konu\u015farak Sivas ilinden ayr\u0131lmay\u0131 d\u00fc\u015f\u00fcn\u00fcyorum&#8221; diye konu\u015ftu.<\/p>\n<p style=\"text-align: justify;\">Hi\u00e7 kimseyle darg\u0131nl\u0131\u011f\u0131, ki\u015fisel davas\u0131 olmad\u0131\u011f\u0131n\u0131, ailesi, \u00e7ocuklar\u0131yla birlikte s\u00fcrekli toplumun i\u00e7inde olduklar\u0131n\u0131, \u00e7ocu\u011funun Sivasspor&#8217;un ba\u015far\u0131s\u0131yla \u00f6v\u00fcnd\u00fc\u011f\u00fcn\u00fc anlatan Vali Dalmaz, birka\u00e7 g\u00fcn sonra kentten ayr\u0131laca\u011f\u0131n\u0131 bildirirken \u015f\u00f6yle dedi:<\/p>\n<p style=\"text-align: justify;\">&#8220;Ankara&#8217;ya gidece\u011fim. Ankara&#8217;da kiral\u0131k ev arayaca\u011f\u0131z. Benim kalacak yerim de, e\u015fyam da yok. Ama alaca\u011f\u0131z. Ailemizin k\u0131smi bir ma\u011fduriyeti belki olur. Ama a\u00e7\u0131k\u00e7as\u0131 ba\u015f\u0131m dik. Allah&#8217;a \u015f\u00fck\u00fcr hem bakanl\u0131k \u00e7evremizde hem siyasi \u00e7evrelerle g\u00fczel bir diyalogumuz var. Fakat birka\u00e7 ki\u015finin \u015fahsi gareziyle yap\u0131lan atamay\u0131 da a\u00e7\u0131k\u00e7as\u0131 `Devlette kin ve garezle hareket olmaz&#8217; diye ele\u015ftiriyor, yapanlar\u0131 da Allah&#8217;a havale ediyorum. Ama bizde k\u00fcsmek olmaz. Her yerde g\u00f6reve rahatl\u0131kla gideriz. Allah&#8217;a \u015f\u00fck\u00fcr \u00f6n\u00fcm\u00fczde g\u00fczel ve b\u00fcy\u00fck bir zaman var. Kimin ne zaman ne olaca\u011f\u0131 bilinmez. \u0130n\u015fallah Allah bize g\u00fczel hizmetleri nasip etsin. E\u011fer Sivas&#8217;a bir \u00e7ivi \u00e7akm\u0131\u015f isek bir g\u00fczellikte katk\u0131m\u0131z olmu\u015f ise bundan memnun olurum. Alavere- dalavere ile \u00e7e\u015fitli entrikalarla, siyaseti de kullanarak, buna ra\u011fmen burnu pislikten \u00e7\u0131kmayan insanlar\u0131 da Allah&#8217;a haval ediyorum.&#8221;<\/p>\n<p style=\"text-align: justify;\"><span style=\"color: #888888;\">DHA<\/span><\/p>\n","protected":false},"excerpt":{"rendered":"<\/p>\n<p style=\"text-align: justify;\">SON Valiler Kararnamesi ile merkeze al\u0131nan Sivas Valisi Veysel Dalmaz, bu karar\u0131, 10 g\u00fcn \u00f6nce r\u00fcyas\u0131nda g\u00f6rd\u00fc\u011f\u00fcn\u00fc anlat\u0131rken, &#8220;Birka\u00e7 namerdi iyi biliyorum. Onlar ellerine k\u0131na yaks\u0131n&#8221; dedi.<\/p>\n<p style=\"text-align: justify;\">Valiler kararnamesi ile 3.5 y\u0131ldan bu yana g\u00f6rev yapt\u0131\u011f\u0131 Sivas&#8217;tan al\u0131narak merkez valili\u011fine atanan Vali Veysel Dalmaz, \u0130l \u00d6zel \u0130dare Salonu&#8217;nda bug\u00fcn yap\u0131lan <\/p>\n","protected":false},"author":1,"featured_media":0,"comment_status":"open","ping_status":"closed","sticky":false,"template":"","format":"standard","meta":{"footnotes":""},"categories":[105],"tags":[],"class_list":["post-10154","post","type-post","status-publish","format-standard","hentry","category-gundem","odd"],"_links":{"self":[{"href":"http:\/\/www.korhanyilmaz.com\/index.php?rest_route=\/wp\/v2\/posts\/10154","targetHints":{"allow":["GET"]}}],"collection":[{"href":"http:\/\/www.korhanyilmaz.com\/index.php?rest_route=\/wp\/v2\/posts"}],"about":[{"href":"http:\/\/www.korhanyilmaz.com\/index.php?rest_route=\/wp\/v2\/types\/post"}],"author":[{"embeddable":true,"href":"http:\/\/www.korhanyilmaz.com\/index.php?rest_route=\/wp\/v2\/users\/1"}],"replies":[{"embeddable":true,"href":"http:\/\/www.korhanyilmaz.com\/index.php?rest_route=%2Fwp%2Fv2%2Fcomments&post=10154"}],"version-history":[{"count":0,"href":"http:\/\/www.korhanyilmaz.com\/index.php?rest_route=\/wp\/v2\/posts\/10154\/revisions"}],"wp:attachment":[{"href":"http:\/\/www.korhanyilmaz.com\/index.php?rest_route=%2Fwp%2Fv2%2Fmedia&parent=10154"}],"wp:term":[{"taxonomy":"category","embeddable":true,"href":"http:\/\/www.korhanyilmaz.com\/index.php?rest_route=%2Fwp%2Fv2%2Fcategories&post=10154"},{"taxonomy":"post_tag","embeddable":true,"href":"http:\/\/www.korhanyilmaz.com\/index.php?rest_route=%2Fwp%2Fv2%2Ftags&post=10154"}],"curies":[{"name":"wp","href":"https:\/\/api.w.org\/{rel}","templated":true}]}}