{"id":10141,"date":"2009-06-14T18:35:33","date_gmt":"2009-06-14T16:35:33","guid":{"rendered":"http:\/\/www.korhanyilmaz.com\/?p=10141"},"modified":"2009-06-14T18:35:33","modified_gmt":"2009-06-14T16:35:33","slug":"dava-acacagiz","status":"publish","type":"post","link":"http:\/\/www.korhanyilmaz.com\/?p=10141","title":{"rendered":"Dava a\u00e7aca\u011f\u0131z"},"content":{"rendered":"<p style=\"text-align: center;\"><img loading=\"lazy\" decoding=\"async\" class=\"aligncenter size-full wp-image-10142\" src=\"http:\/\/www.korhanyilmaz.com\/wp-content\/uploads\/2009\/06\/140620091833528353295.jpg\" alt=\"\" width=\"329\" height=\"210\" \/><\/p>\n<p style=\"text-align: justify;\"><strong>\u015eanl\u0131urfa&#8217;da konu\u015fmas\u0131nda `AKP&#8217;yi ve G\u00fclen&#8217;i bitirme plan\u0131&#8217;ndan s\u00f6z etti. <\/strong><\/p>\n<p style=\"text-align: justify;\">BA\u015eBAKAN Recep Tayyip Erdo\u011fan, Genelkurmay Ba\u015fkanl\u0131\u011f\u0131 karargah\u0131nda haz\u0131rland\u0131\u011f\u0131 iddia edilen `AKP iktidar\u0131n\u0131 devirme ve G\u00fclen&#8217;i bitirme plan\u0131&#8217; haberiyle ilgili olarak, bunun sorumlular\u0131 hakk\u0131nda dava a\u00e7acaklar\u0131n\u0131 s\u00f6yledi. Erdo\u011fan, &#8220;Son g\u00fcnlerde \u00fczerimizde oynanan oyunlar\u0131 g\u00f6r\u00fcyorsunuz. Biz de bu konular\u0131 ara\u015ft\u0131r\u0131yoruz. \u0130lgililere gerekli davay\u0131 a\u00e7aca\u011f\u0131z. AK Parti&#8217;ye kar\u015f\u0131 yap\u0131lan gayrihukuki s\u00fcrece seyirci kalamay\u0131z. Ne gerekiyorsa, yapaca\u011f\u0131z&#8221; dedi.<\/p>\n<p style=\"text-align: justify;\">\u015eanl\u0131urfa AKP il kongresine kat\u0131lmak \u00fczere `Ata&#8217; u\u00e7a\u011f\u0131 ile GAP Uluslararas\u0131 Havaalan\u0131&#8217;na gelen Ba\u015fbakan Recep Tayyip Erdo\u011fan&#8217;\u0131 \u015eanl\u0131urfa Valisi Yusuf Yava\u015fcan, kentte bulunan Emniyet Genel M\u00fcd\u00fcr\u00fc O\u011fuz Ka\u011fan K\u00f6ksal, AKP \u015eanl\u0131urfa milletvekilleri ve AKP&#8217;den aday g\u00f6sterilmedi\u011fi i\u00e7in ba\u011f\u0131ms\u0131z se\u00e7ilip ard\u0131ndan SP&#8217;ye ge\u00e7en Belediye Ba\u015fkan\u0131 Ahmet E\u015fref Fak\u0131baba ile partililer kar\u015f\u0131lad\u0131. <!--more-->Kongredeki konu\u015fmas\u0131na d\u00fcn Siverek \u0130l\u00e7esi&#8217;nde \u015fehit d\u00fc\u015fen polis memuru Nihat Karakoca&#8217;ya rahmet dileyerek ba\u015flayan Ba\u015fbakan Erdo\u011fan, \u00f6ncelikle CHP lideri Deniz Baykal&#8217;a y\u00fcklendi. 29 Mart yerel se\u00e7imleri ile 7 Haziran&#8217;da 30 merkezde yenilenen se\u00e7imleri de\u011ferlendiren Erdo\u011fan, sonu\u00e7lar\u0131 masaya yat\u0131r\u0131p, muhasebesini yapt\u0131klar\u0131n\u0131, oy versin, vermesin herkesi kucaklad\u0131klar\u0131n\u0131, partisinin hizmet kervan\u0131 oldu\u011funu vurgulad\u0131. Erdo\u011fan, \u015f\u00f6yle dedi:<\/p>\n<p style=\"text-align: justify;\">&#8220;Biz ba\u015fkalar\u0131 gibi baz\u0131 illerin veya baz\u0131 b\u00f6lgelerin partisi olmad\u0131k. Biz T\u00fcrkiye partisiyiz. Fark\u0131m\u0131z bu. 16 b\u00fcy\u00fck\u015fehirin 10&#8217;unda, vilayetlerin 45&#8217;inde AK Parti var. En son 7 Haziran&#8217;da 30 yerde yenilenen se\u00e7imlerde y\u00fczde 43 oy al\u0131p, rakiplerimize b\u00fcy\u00fck fark att\u0131k. Baykal, 29 mart sonras\u0131 sonu\u00e7lara bak\u0131p, `H\u00fck\u00fcmetin yar\u0131s\u0131 gitti&#8217; dedi. Sonra da `Gelecek se\u00e7imlerde tamam\u0131 gidecek&#8217; dedi. 7 Haziranda halk\u0131m\u0131z say\u0131n Baykal&#8217;a gereken cevab\u0131 verdi.&#8221;<\/p>\n<p style=\"text-align: justify;\">Bu s\u0131rada salondaki partililer, `Vur vur inlesin Deniz Baykal dinlesin&#8217; slogan\u0131 at\u0131p, yuhalad\u0131. Bunun \u00fczerine Erdo\u011fan, &#8220;Aman aman dursun yerinde, b\u00f6yle muhalefete can kurban&#8221; kar\u015f\u0131l\u0131\u011f\u0131n\u0131 verdi. Baykal&#8217;\u0131 ele\u015ftirmeyi s\u00fcrd\u00fcren Erdo\u011fan, &#8220;Biz 29 Mart&#8217;ta da en yak\u0131n rakibimize 16 puan fark atmam\u0131za ra\u011fmen, bunun muhasebesini yapt\u0131k. Baykal ise yapmad\u0131. Halk\u0131n verdi\u011fi mesaj\u0131 alg\u0131lamaya \u00e7al\u0131\u015fmad\u0131. Biz bu millete efendi, ha\u015fa imparator de\u011filiz. Biz bu milletin hizmetkar\u0131y\u0131z&#8221; diye konu\u015ftu.<\/p>\n<p style=\"text-align: justify;\"><strong>&#8220;MECL\u0130S&#8217;\u0130 TAT\u0130LE SOKMAYACA\u011eIZ&#8221;<\/strong><\/p>\n<p style=\"text-align: justify;\">Son zamanlarda muhalefet partilerinin Meclis&#8217;i \u00e7al\u0131\u015ft\u0131rmama gayreti i\u00e7inde oldu\u011funu, yalan ve iftiralarla AKP&#8217;ye \u00e7amur atma yar\u0131\u015f\u0131 i\u00e7ine girildi\u011fini ileri s\u00fcren Erdo\u011fan, milletin menfatine olan yasalar \u00e7\u0131kana kadar Meclis&#8217;i tatile sokmayaca\u011f\u0131n\u0131 s\u00f6yledi. Erdo\u011fan, bu konuda \u015f\u00f6yle konu\u015ftu:<\/p>\n<p style=\"text-align: justify;\">&#8220;Onlar ne kadar engel \u00e7\u0131kar\u0131rsa \u00e7\u0131kars\u0131n, ne kadar iftira ve \u00e7amur atarsa ats\u0131n, biz yetkiyi milletten ald\u0131k. Milletin menfaatine olan her konuda \u00e7al\u0131\u015faca\u011f\u0131z ve milletin menfaatine olan bu yasalar \u00e7\u0131kana kadar da Meclis&#8217;i tatile sokmayaca\u011f\u0131z. Hizmete varlar ise yaz boyu \u00e7al\u0131\u015fal\u0131m. 1 Temmuz&#8217;da Meclis tatil olmayacak. Durmak yok, yola devam.&#8221;<\/p>\n<p style=\"text-align: justify;\"><strong>MAYINLI ARAZ\u0130LER\u0130 S\u00dcND\u00dcR\u00dcYORLAR<\/strong><\/p>\n<p style=\"text-align: justify;\">Suriye s\u0131n\u0131r\u0131ndaki may\u0131nl\u0131 arazilerin temizlenmesi konusunda da muhalefet partilerine ele\u015ftirilerde bulunan Erdo\u011fan, \u015funlar\u0131 s\u00f6yledi:<\/p>\n<p style=\"text-align: justify;\">&#8220;May\u0131nla ilgili muhalefetin neler yapt\u0131\u011f\u0131n\u0131 hepiniz g\u00f6r\u00fcyorsunuz. Suriye s\u0131n\u0131r\u0131ndaki may\u0131nl\u0131 arizinin y\u00fcz\u00f6l\u00e7\u00fcm\u00fc 216 kilometrekare. Bu 216 kilometrekarenin bir ucundan CHP, bir ucundan MHP, di\u011fer ucundan DTP tuttu. Bunu s\u00fcrd\u00fcre s\u00fcnd\u00fcre, lastik gibi \u00e7eke \u00e7eke, iki K\u0131br\u0131s b\u00fcy\u00fckl\u00fc\u011f\u00fcne getirdiler. El insaf! Yahu iki K\u0131br\u0131s 19 bin 502 kilometrekare. Buras\u0131 ise 216 kilometrekare. \u0130nsaf yani.Bunlar ne hesap biliyor, ne de k\u0131lavuzlar\u0131 do\u011fru y\u00f6nlendiriyor. K\u0131lavuzu karga olan\u0131n&#8230; Biliyorsunuz gerisini ben s\u00f6ylemeyeyim. Bunlar ka\u00e7 kez Urfa&#8217;ya gelmi\u015f, Urfa&#8217;n\u0131n hangi k\u00f6y\u00fcne gitmi\u015ftir? Bunlar Ankara&#8217;n\u0131n d\u0131\u015f\u0131na ba\u015flar\u0131n\u0131 uzatmaz. Ancak se\u00e7imde Anadolu&#8217;nun baz\u0131 \u015fehirlerine \u00e7\u0131kar, boy g\u00f6sterir, ondan sonra yine s\u0131rra kadem basarlar. Bak\u0131n biz bu i\u015fi en ucuz bedelle temizlemenin \u00e7abas\u0131nday\u0131z. \u0130hale \u015fartnamesinde \u0130srail diye bir \u015fey var m\u0131? Olmayan bir \u015fey \u00e7\u0131kar\u0131yorlar. \u00c7\u00f6z\u00fcm soruyorsunuz. \u00c7\u00f6z\u00fcmleri de yok. Neymi\u015f, b\u00f6lgede petrol ve madenleri \u0130srail \u00e7\u0131karacakm\u0131\u015f.. Ay\u0131pt\u0131r. Burada 1993&#8217;ten beri TPAO, yerli ve yabanc\u0131 firmalar ara\u015ft\u0131r\u0131yor.&#8221;<\/p>\n<p style=\"text-align: justify;\">Muhalefet partileri CHP, MHP ve DTP&#8217;nin \u00fclkeye hizmette ve T\u00fcrkiye sevgisinde kendileriyle yar\u0131\u015famayaca\u011f\u0131n\u0131 iddia eden Erdo\u011fan, &#8220;\u0130ddialar\u0131n\u0131n tamam\u0131 yaland\u0131r. Arazinin yabanc\u0131lara pe\u015fke\u015f \u00e7ekilece\u011fi \u015feklindeki iddialar h\u0131r\u00e7\u0131nl\u0131\u011f\u0131n, kaybetmenin ve paniklemenin yaratt\u0131\u011f\u0131 etkiden kaynaklan\u0131yor. Unutmay\u0131n, Gazze&#8217;ye bomba ya\u011farken, t\u00fcm d\u00fcnya susarken, ben susmad\u0131m. Herkes sus pus, k\u00f6r sa\u011f\u0131r olurken, ben korkmadan aziz milletin sesi olup, gerekeni s\u00f6yledim. \u015eimdi bunlar kalkm\u0131\u015f bana \u0130srail diyor&#8221; diye konu\u015ftu.<\/p>\n<p style=\"text-align: justify;\"><strong>&#8220;BAYKAL, CHP&#8217;YE VER\u0130LEN PARAYI NEREYE HARCADIN&#8221;<\/strong><\/p>\n<p style=\"text-align: justify;\">Deniz Feneri davas\u0131 konusunda CHP lideri Deniz Baykal&#8217;\u0131n su\u00e7lamalar\u0131n\u0131 da yalanlayan Erdo\u011fan, AKP&#8217;nin kasas\u0131na gayriresmi bir kuru\u015f dahi girmedi\u011fini savundu. Erdo\u011fan, &#8220;Son g\u00fcnlerde Baykal bizi, Deniz Feneri ile ili\u015fkilendirmeye \u00e7al\u0131\u015f\u0131yor. Bizim kasam\u0131za bug\u00fcne kadar gayriresmi bir kuru\u015f girmedi. Ne Deniz Feneri&#8217;nden ne de onun y\u00f6neticilerinden&#8230; Biz kasa mevcudumuzu da her g\u00fcn halk\u0131m\u0131z g\u00f6rs\u00fcn diye internet sitesinde yay\u0131nl\u0131yoruz. Baykal, CHP&#8217;ye verilen paray\u0131 nereye harcad\u0131n? Denetimlerde 1 trilyona yak\u0131n usuls\u00fczl\u00fck bulundu. Bunun hesab\u0131n\u0131 ver. Naylon faturalar ile milletin paras\u0131n\u0131 nereye harcad\u0131n. Sen Anayasa Mahkemesi taraf\u0131ndan tescillisin. \u00d6nce onun hesab\u0131n\u0131 ver&#8221; dedi.<\/p>\n<p style=\"text-align: justify;\">Ba\u015fbakan&#8217;\u0131n salondan \u00e7\u0131k\u0131\u015f\u0131 s\u0131ras\u0131nda `5 k\u00f6ye hizmet istiyoruz&#8217; ve `Toprak Reformu istiyoruz&#8217; yaz\u0131l\u0131 pankartlar a\u00e7\u0131ld\u0131. Koruma g\u00f6revlileri pankartlar\u0131 toplatt\u0131, k\u00f6yl\u00fcleri uzakla\u015ft\u0131rd\u0131.<\/p>\n<p style=\"text-align: justify;\">Erdo\u011fan, konu\u015fmas\u0131n\u0131n sonunda partililere karanfiller at\u0131p, salondan ayr\u0131ld\u0131. Erdo\u011fan, partisinin \u015eanl\u0131urfa&#8217;da se\u00e7im kazand\u0131\u011f\u0131 tek il\u00e7e olan Bozova&#8217;y\u0131 programda olmamas\u0131na kar\u015f\u0131n ziyaret etti.<\/p>\n<p style=\"text-align: justify;\"><strong>KONVOYDA KAZA<\/strong><\/p>\n<p style=\"text-align: justify;\">Ba\u015fbakan Erdo\u011fan, hava alan\u0131ndan 35 kilometre uzakl\u0131ktaki kent merkezine ge\u00e7erken, konvoyundaki iki otomobilin \u00e7arp\u0131\u015ft\u0131.<\/p>\n<p style=\"text-align: justify;\">Erdo\u011fan&#8217;\u0131n i\u00e7inde bulundu\u011fu otob\u00fcs\u00fcn ge\u00e7i\u015finden sonra konvoydaki 2 otomobil, Karak\u00f6pr\u00fc Beldesi yak\u0131nlar\u0131nda kar\u015f\u0131dan gelen ba\u015fka bir otomobille \u00e7arp\u0131\u015ft\u0131. Ara\u00e7larda maddi hasar\u0131n olu\u015ftu\u011fu kazada bir ki\u015fi de aya\u011f\u0131ndan hafif \u015fekilde yaraland\u0131.<\/p>\n<p style=\"text-align: justify;\">Ba\u015fbakan Erdo\u011fan, yine Karak\u00f6pr\u00fc Beldesi&#8217;nden ge\u00e7erken otob\u00fcs\u00fc durdurup yol kenar\u0131nda bekleyen \u00e7ocuklara oyuncak da\u011f\u0131tt\u0131. Bu s\u0131rada b\u00fcy\u00fckler de \u00e7ocuklar\u0131n aras\u0131na girince izdiham oldu\u0131. \u00c7ok say\u0131da \u00e7ocuk ezilme tehlikesi ge\u00e7irip, zor durumda kald\u0131.<\/p>\n<p style=\"text-align: justify;\"><span style=\"color: #888888;\">Kaynak : Vatan<\/span><\/p>\n","protected":false},"excerpt":{"rendered":"<p style=\"text-align: center;\">\n<p style=\"text-align: justify;\">\u015eanl\u0131urfa&#8217;da konu\u015fmas\u0131nda `AKP&#8217;yi ve G\u00fclen&#8217;i bitirme plan\u0131&#8217;ndan s\u00f6z etti. <\/p>\n<p style=\"text-align: justify;\">BA\u015eBAKAN Recep Tayyip Erdo\u011fan, Genelkurmay Ba\u015fkanl\u0131\u011f\u0131 karargah\u0131nda haz\u0131rland\u0131\u011f\u0131 iddia edilen `AKP iktidar\u0131n\u0131 devirme ve G\u00fclen&#8217;i bitirme plan\u0131&#8217; haberiyle ilgili olarak, bunun sorumlular\u0131 hakk\u0131nda dava a\u00e7acaklar\u0131n\u0131 s\u00f6yledi. Erdo\u011fan, &#8220;Son g\u00fcnlerde \u00fczerimizde oynanan oyunlar\u0131 g\u00f6r\u00fcyorsunuz. Biz de bu konular\u0131 ara\u015ft\u0131r\u0131yoruz. <\/p>\n","protected":false},"author":1,"featured_media":0,"comment_status":"open","ping_status":"closed","sticky":false,"template":"","format":"standard","meta":{"footnotes":""},"categories":[105],"tags":[],"class_list":["post-10141","post","type-post","status-publish","format-standard","hentry","category-gundem","odd"],"_links":{"self":[{"href":"http:\/\/www.korhanyilmaz.com\/index.php?rest_route=\/wp\/v2\/posts\/10141","targetHints":{"allow":["GET"]}}],"collection":[{"href":"http:\/\/www.korhanyilmaz.com\/index.php?rest_route=\/wp\/v2\/posts"}],"about":[{"href":"http:\/\/www.korhanyilmaz.com\/index.php?rest_route=\/wp\/v2\/types\/post"}],"author":[{"embeddable":true,"href":"http:\/\/www.korhanyilmaz.com\/index.php?rest_route=\/wp\/v2\/users\/1"}],"replies":[{"embeddable":true,"href":"http:\/\/www.korhanyilmaz.com\/index.php?rest_route=%2Fwp%2Fv2%2Fcomments&post=10141"}],"version-history":[{"count":0,"href":"http:\/\/www.korhanyilmaz.com\/index.php?rest_route=\/wp\/v2\/posts\/10141\/revisions"}],"wp:attachment":[{"href":"http:\/\/www.korhanyilmaz.com\/index.php?rest_route=%2Fwp%2Fv2%2Fmedia&parent=10141"}],"wp:term":[{"taxonomy":"category","embeddable":true,"href":"http:\/\/www.korhanyilmaz.com\/index.php?rest_route=%2Fwp%2Fv2%2Fcategories&post=10141"},{"taxonomy":"post_tag","embeddable":true,"href":"http:\/\/www.korhanyilmaz.com\/index.php?rest_route=%2Fwp%2Fv2%2Ftags&post=10141"}],"curies":[{"name":"wp","href":"https:\/\/api.w.org\/{rel}","templated":true}]}}