{"id":10128,"date":"2009-06-14T11:53:26","date_gmt":"2009-06-14T09:53:26","guid":{"rendered":"http:\/\/www.korhanyilmaz.com\/?p=10128"},"modified":"2009-06-14T11:53:26","modified_gmt":"2009-06-14T09:53:26","slug":"gokcekten-chpye-korsan-suclamasi","status":"publish","type":"post","link":"http:\/\/www.korhanyilmaz.com\/?p=10128","title":{"rendered":"G\u00f6k\u00e7ek&#039;ten CHP&#039;ye &#039;korsan&#039; su\u00e7lamas\u0131"},"content":{"rendered":"<p><img loading=\"lazy\" decoding=\"async\" class=\"aligncenter size-full wp-image-10129\" src=\"http:\/\/www.korhanyilmaz.com\/wp-content\/uploads\/2009\/06\/140620091204373153647.jpg\" alt=\"\" width=\"320\" height=\"100\" \/><\/p>\n<p style=\"text-align: justify;\">Ankara B\u00fcy\u00fck\u015fehir Belediye Ba\u015fkan\u0131 Mehil G\u00f6k\u00e7ek, CHP \u0130l Gen\u00e7lik Kollar\u0131n\u0131n Ankara B\u00fcy\u00fck\u015fehir Belediyesi otob\u00fcs duraklar\u0131na yap\u0131\u015ft\u0131rd\u0131\u011f\u0131 &#8220;korsan&#8221; afi\u015flerle ilgili dava a\u00e7acaklar\u0131n\u0131 belirtti. G\u00f6k\u00e7ek, yapt\u0131\u011f\u0131 yaz\u0131l\u0131 a\u00e7\u0131klamada, &#8220;Korsan afi\u015fleri notere tespit ettirdik ve zarar\u0131n tazmin edilmesi i\u00e7in dava a\u00e7aca\u011f\u0131z.&#8221; dedi.<\/p>\n<p style=\"text-align: justify;\">CHP \u0130l Gen\u00e7lik Kollar\u0131&#8217;n\u0131n yar\u0131n Lozan Park&#8217;ta d\u00fczenleyece\u011fi etkinli\u011fin afi\u015flerini, ba\u015fta \u00c7ankaya b\u00f6lgesi olmak \u00fczere kentin \u00e7e\u015fitli b\u00f6lgelerindeki cam otob\u00fcs duraklar\u0131na yap\u0131\u015ft\u0131rmas\u0131na B\u00fcy\u00fck\u015fehir Belediye Ba\u015fkan\u0131 G\u00f6k\u00e7ek sert tepki g\u00f6sterdi. <!--more--><\/p>\n<p style=\"text-align: justify;\">G\u00f6k\u00e7ek, yap\u0131lan\u0131n kente kar\u015f\u0131 su\u00e7 oldu\u011funa dikkat \u00e7ekerek, toplumun ortak kullan\u0131m alan\u0131 olan otob\u00fcs duraklar\u0131nda yap\u0131lan tahribat\u0131n tanzimi i\u00e7in Ankaral\u0131 ad\u0131na kanuni takip ba\u015flatacaklar\u0131n\u0131 s\u00f6yledi. Ba\u015fkan G\u00f6k\u00e7ek, korsan afi\u015fleri notere tespit ettirdiklerini, zarar\u0131n tazmini i\u00e7in dava a\u00e7acaklar\u0131n\u0131 kaydetti.<\/p>\n<p style=\"text-align: justify;\"><span style=\"color: #888888;\">Kaynak : Vatan<\/span><\/p>\n","protected":false},"excerpt":{"rendered":"<\/p>\n<p style=\"text-align: justify;\">Ankara B\u00fcy\u00fck\u015fehir Belediye Ba\u015fkan\u0131 Mehil G\u00f6k\u00e7ek, CHP \u0130l Gen\u00e7lik Kollar\u0131n\u0131n Ankara B\u00fcy\u00fck\u015fehir Belediyesi otob\u00fcs duraklar\u0131na yap\u0131\u015ft\u0131rd\u0131\u011f\u0131 &#8220;korsan&#8221; afi\u015flerle ilgili dava a\u00e7acaklar\u0131n\u0131 belirtti. G\u00f6k\u00e7ek, yapt\u0131\u011f\u0131 yaz\u0131l\u0131 a\u00e7\u0131klamada, &#8220;Korsan afi\u015fleri notere tespit ettirdik ve zarar\u0131n tazmin edilmesi i\u00e7in dava a\u00e7aca\u011f\u0131z.&#8221; dedi.<\/p>\n<p style=\"text-align: justify;\">CHP \u0130l Gen\u00e7lik Kollar\u0131&#8217;n\u0131n yar\u0131n Lozan Park&#8217;ta d\u00fczenleyece\u011fi etkinli\u011fin afi\u015flerini, ba\u015fta <\/p>\n","protected":false},"author":1,"featured_media":0,"comment_status":"open","ping_status":"closed","sticky":false,"template":"","format":"standard","meta":{"footnotes":""},"categories":[105],"tags":[],"class_list":["post-10128","post","type-post","status-publish","format-standard","hentry","category-gundem","odd"],"_links":{"self":[{"href":"http:\/\/www.korhanyilmaz.com\/index.php?rest_route=\/wp\/v2\/posts\/10128","targetHints":{"allow":["GET"]}}],"collection":[{"href":"http:\/\/www.korhanyilmaz.com\/index.php?rest_route=\/wp\/v2\/posts"}],"about":[{"href":"http:\/\/www.korhanyilmaz.com\/index.php?rest_route=\/wp\/v2\/types\/post"}],"author":[{"embeddable":true,"href":"http:\/\/www.korhanyilmaz.com\/index.php?rest_route=\/wp\/v2\/users\/1"}],"replies":[{"embeddable":true,"href":"http:\/\/www.korhanyilmaz.com\/index.php?rest_route=%2Fwp%2Fv2%2Fcomments&post=10128"}],"version-history":[{"count":0,"href":"http:\/\/www.korhanyilmaz.com\/index.php?rest_route=\/wp\/v2\/posts\/10128\/revisions"}],"wp:attachment":[{"href":"http:\/\/www.korhanyilmaz.com\/index.php?rest_route=%2Fwp%2Fv2%2Fmedia&parent=10128"}],"wp:term":[{"taxonomy":"category","embeddable":true,"href":"http:\/\/www.korhanyilmaz.com\/index.php?rest_route=%2Fwp%2Fv2%2Fcategories&post=10128"},{"taxonomy":"post_tag","embeddable":true,"href":"http:\/\/www.korhanyilmaz.com\/index.php?rest_route=%2Fwp%2Fv2%2Ftags&post=10128"}],"curies":[{"name":"wp","href":"https:\/\/api.w.org\/{rel}","templated":true}]}}