{"id":10121,"date":"2009-06-13T19:34:04","date_gmt":"2009-06-13T17:34:04","guid":{"rendered":"http:\/\/www.korhanyilmaz.com\/?p=10121"},"modified":"2009-06-13T19:34:04","modified_gmt":"2009-06-13T17:34:04","slug":"dtpden-basbakana-biz-molotof-atmayiz","status":"publish","type":"post","link":"http:\/\/www.korhanyilmaz.com\/?p=10121","title":{"rendered":"DTP&#039;den Ba\u015fbakan&#039;a: Biz molotof atmay\u0131z"},"content":{"rendered":"<p style=\"text-align: center;\"><img loading=\"lazy\" decoding=\"async\" class=\"aligncenter size-full wp-image-10122\" src=\"http:\/\/www.korhanyilmaz.com\/wp-content\/uploads\/2009\/06\/fft28_mf189257.Jpeg\" alt=\"\" width=\"306\" height=\"204\" \/><\/p>\n<p style=\"text-align: justify;\">ANKARA &#8211; Ba\u015fbakan Recep Tayyip Erdo\u011fan\u2019\u0131n DTP Genel Ba\u015fkan\u0131 Ahmet T\u00fcrk ile g\u00f6r\u00fc\u015fmesini \u2018PKK\u2019n\u0131n ter\u00f6r \u00f6rg\u00fct\u00fc ilan edilmesi\u2019 \u015fart\u0131na ba\u011flayarak, \u201c\u00f6rg\u00fct\u00fcn avukatl\u0131\u011f\u0131na soyundular\u201d demesi, DTP\u2019lileri k\u0131zd\u0131rd\u0131. DTP\u2019liler Ba\u015fbakan Erdo\u011fan\u2019\u0131n bu yakla\u015f\u0131m\u0131n\u0131 \u2018K\u00fcrt sorununu \u00e7\u00f6zmek istememe yakla\u015f\u0131m\u0131\u2019 olarak de\u011ferlendirdi.<\/p>\n<p style=\"text-align: justify;\">DTP Grup Ba\u015fkanvekili Fatma Kurtulan: Bizim randevu talebimiz \u00e7ok anlaml\u0131yd\u0131. \u00c7\u00f6z\u00fcme dair neler yap\u0131labilece\u011fini konu\u015fmak istemi\u015ftik. Buna kar\u015f\u0131n Ba\u015fbakan me\u015frulu\u011fumuzu tart\u0131\u015ft\u0131racak s\u00f6ylemler kulland\u0131.Biz molotof atmad\u0131k, atmay\u0131z da. Ba\u015fbakan\u2019\u0131n bu s\u00f6zleri, K\u00fcrt sorununu \u00e7\u00f6zmek istemedi\u011finin ifadesi. <!--more--><\/p>\n<p style=\"text-align: justify;\">DTP\u2019li \u0130dare Amiri S\u0131rr\u0131 Sak\u0131k: DTP olarak ilk g\u00fcnden beri bar\u0131\u015fa katk\u0131 sa\u011flamak ve bu do\u011frultuda herkesle g\u00f6r\u00fc\u015fmek istiyoruz. Say\u0131n Ba\u015fbakan sorumluluklar\u0131n\u0131 yerine getirmeli. (PKK\u2019y\u0131 ter\u00f6r \u00f6rg\u00fct\u00fc ilan etme konusunda) 20 y\u0131ld\u0131r buraday\u0131z. 61 parti var. 60\u2019\u0131 ayn\u0131 \u015feyi s\u00f6yl\u00fcyor. Bu arg\u00fcman\u0131 art\u0131k b\u0131rakmak zorumday\u0131z.<\/p>\n<p style=\"text-align: justify;\">DTP \u015eanl\u0131urfa Milletvekili \u0130brahim Binici: Bu may\u0131nlar\u0131 DTP mi patlat\u0131yor? Bu a\u00e7\u0131klamalar Ba\u015fbakan\u2019a yak\u0131\u015fmaz. Kendi seviyesini de d\u00fc\u015f\u00fcr\u00fcyor.<\/p>\n<p style=\"text-align: justify;\">DTP \u015e\u0131rnak Milletvekili Hasip Kaplan: Meclis\u2019teki partiler aras\u0131nda g\u00f6r\u00fc\u015fmeler \u015farta ba\u011flanmadan yap\u0131lmal\u0131. Ne yaz\u0131k ki Meclis iki y\u0131ld\u0131r liderler aras\u0131nda diyalog kopuklu\u011fuyla sorunlar\u0131 erteliyor. Bar\u0131\u015f elimizi molotofkokteyliyle kar\u0131\u015ft\u0131rmak do\u011fru de\u011fil. Ahmet T\u00fcrk elinde molotofkokteyliyle mi geziyor? Bu eylemlerden haberi mi var? Bu t\u00fcr basit gerek\u00e7elere s\u0131\u011f\u0131nmak do\u011fru de\u011fil. Do\u011fru olan bir an \u00f6nce herkesin g\u00f6revini yapmas\u0131.<\/p>\n<p style=\"text-align: justify;\"><span style=\"color: #888888;\">Kaynak : Rifat Ba\u015faran &#8211; Radikal<\/span><\/p>\n","protected":false},"excerpt":{"rendered":"<p style=\"text-align: center;\">\n<p style=\"text-align: justify;\">ANKARA &#8211; Ba\u015fbakan Recep Tayyip Erdo\u011fan\u2019\u0131n DTP Genel Ba\u015fkan\u0131 Ahmet T\u00fcrk ile g\u00f6r\u00fc\u015fmesini \u2018PKK\u2019n\u0131n ter\u00f6r \u00f6rg\u00fct\u00fc ilan edilmesi\u2019 \u015fart\u0131na ba\u011flayarak, \u201c\u00f6rg\u00fct\u00fcn avukatl\u0131\u011f\u0131na soyundular\u201d demesi, DTP\u2019lileri k\u0131zd\u0131rd\u0131. DTP\u2019liler Ba\u015fbakan Erdo\u011fan\u2019\u0131n bu yakla\u015f\u0131m\u0131n\u0131 \u2018K\u00fcrt sorununu \u00e7\u00f6zmek istememe yakla\u015f\u0131m\u0131\u2019 olarak de\u011ferlendirdi.<\/p>\n<p style=\"text-align: justify;\">DTP Grup Ba\u015fkanvekili Fatma Kurtulan: Bizim randevu talebimiz \u00e7ok anlaml\u0131yd\u0131. <\/p>\n","protected":false},"author":1,"featured_media":0,"comment_status":"open","ping_status":"closed","sticky":false,"template":"","format":"standard","meta":{"footnotes":""},"categories":[105],"tags":[],"class_list":["post-10121","post","type-post","status-publish","format-standard","hentry","category-gundem","odd"],"_links":{"self":[{"href":"http:\/\/www.korhanyilmaz.com\/index.php?rest_route=\/wp\/v2\/posts\/10121","targetHints":{"allow":["GET"]}}],"collection":[{"href":"http:\/\/www.korhanyilmaz.com\/index.php?rest_route=\/wp\/v2\/posts"}],"about":[{"href":"http:\/\/www.korhanyilmaz.com\/index.php?rest_route=\/wp\/v2\/types\/post"}],"author":[{"embeddable":true,"href":"http:\/\/www.korhanyilmaz.com\/index.php?rest_route=\/wp\/v2\/users\/1"}],"replies":[{"embeddable":true,"href":"http:\/\/www.korhanyilmaz.com\/index.php?rest_route=%2Fwp%2Fv2%2Fcomments&post=10121"}],"version-history":[{"count":0,"href":"http:\/\/www.korhanyilmaz.com\/index.php?rest_route=\/wp\/v2\/posts\/10121\/revisions"}],"wp:attachment":[{"href":"http:\/\/www.korhanyilmaz.com\/index.php?rest_route=%2Fwp%2Fv2%2Fmedia&parent=10121"}],"wp:term":[{"taxonomy":"category","embeddable":true,"href":"http:\/\/www.korhanyilmaz.com\/index.php?rest_route=%2Fwp%2Fv2%2Fcategories&post=10121"},{"taxonomy":"post_tag","embeddable":true,"href":"http:\/\/www.korhanyilmaz.com\/index.php?rest_route=%2Fwp%2Fv2%2Ftags&post=10121"}],"curies":[{"name":"wp","href":"https:\/\/api.w.org\/{rel}","templated":true}]}}