{"id":10111,"date":"2009-06-13T19:49:55","date_gmt":"2009-06-13T16:49:55","guid":{"rendered":"http:\/\/www.korhanyilmaz.com\/?p=10111"},"modified":"2009-06-13T19:49:55","modified_gmt":"2009-06-13T16:49:55","slug":"tahran-alev-alev","status":"publish","type":"post","link":"http:\/\/www.korhanyilmaz.com\/?p=10111","title":{"rendered":"Tahran alev alev!"},"content":{"rendered":"<p style=\"text-align: center;\"><img loading=\"lazy\" decoding=\"async\" class=\"aligncenter size-full wp-image-10112\" src=\"http:\/\/www.korhanyilmaz.com\/wp-content\/uploads\/2009\/06\/140620090128291407455.jpg\" alt=\"\" width=\"329\" height=\"210\" \/><\/p>\n<p style=\"text-align: justify;\"><span style=\"color: #888888;\">Musavi, \u201cSe\u00e7imde hile yap\u0131ld\u0131. Bu maskaral\u0131\u011fa teslim olmam. Sonu\u00e7lar\u0131 tan\u0131m\u0131yorum\u201d <\/span><\/p>\n<p style=\"text-align: justify;\">\u0130ran\u2019da se\u00e7im sonu\u00e7lar\u0131 Cumhurba\u015fkan\u0131 Ahmedinecad\u2019\u0131n reformcu aday Musavi\u2019ye y\u00fczde 34\u2019e kar\u015f\u0131 63 ile \u00fcst\u00fcnl\u00fck sa\u011flad\u0131\u011f\u0131n\u0131 g\u00f6sterdi. Musavi, \u201cSe\u00e7imde hile yap\u0131ld\u0131. Bu maskaral\u0131\u011fa teslim olmam. Sonu\u00e7lar\u0131 tan\u0131m\u0131yorum\u201d dedi. Tahran\u2018da on binlerce Musavi taraftar\u0131 sokaklara d\u00f6k\u00fcl\u00fcp polisle \u00e7at\u0131\u015ft\u0131.<\/p>\n<p style=\"text-align: justify;\">\u0130slam Devrimi\u2019nden 30 y\u0131l sonra ger\u00e7ekle\u015fen en kritik Cumhurba\u015fkanl\u0131\u011f\u0131 se\u00e7imi \u0130ran\u2019\u0131 kar\u0131\u015ft\u0131rd\u0131. Bir nalbant\u0131n o\u011flu olarak do\u011fduktan sonra \u00f6nce Tahran Belediye Ba\u015fkanl\u0131\u011f\u0131\u2019na daha sonra Cumhurba\u015fkanl\u0131\u011f\u0131\u2019na y\u00fckselen Mahmud Ahmedinecad resmi verilere g\u00f6re y\u00fczde 62.7 oy alarak sadece \u0130ran\u2019da de\u011fil t\u00fcm d\u00fcnyada b\u00fcy\u00fck bir r\u00fczgar\u0131 arkas\u0131na alan reformcu aday H\u00fcseyin Musavi\u2019ye b\u00fcy\u00fck fark att\u0131. Sand\u0131klar\u0131n kapanmas\u0131n\u0131n ard\u0131ndan \u201ckazand\u0131\u011f\u0131n\u0131 ilan eden\u201d Musavi ise y\u00fczde 34 oy ald\u0131\u011f\u0131 a\u00e7\u0131klan\u0131nca tam bir \u015fok ya\u015fad\u0131. Sonucun kesinle\u015fmesiyle birlikte Ahmedinecad taraftarlar\u0131 \u201cYe\u015filler fare deliklerine mi girdi\u201d diye sloganlar atarak zafer turuna \u00e7\u0131kt\u0131. <!--more--><\/p>\n<p style=\"text-align: justify;\"><strong>Diktat\u00f6rl\u00fc\u011fe direnin \u00e7a\u011fr\u0131s\u0131 <\/strong><\/p>\n<p style=\"text-align: justify;\">Ancak Musavi pes etmedi. \u0130\u00e7i\u015fleri Bakanl\u0131\u011f\u0131\u2019n\u0131n bas\u0131n toplant\u0131s\u0131 d\u00fczenlemesine izin vermemesi \u00fczerine \u00e7ok sert bir bildiri yay\u0131nlad\u0131. A\u00e7\u0131klamada, \u201cBu tehlikeli maskaral\u0131\u011fa kar\u015f\u0131 teslim olmayaca\u011f\u0131m. Bu oynanan oyun \u0130slam Cumhuriyeti\u2019nin temellerini sarsacak ve diktat\u00f6rl\u00fc\u011fe yol a\u00e7acak. Bu z\u0131rval\u0131\u011f\u0131n arkas\u0131ndaki s\u0131rlar\u0131 a\u00e7\u0131\u011fa \u00e7\u0131karaca\u011f\u0131m. Sizi uyar\u0131yorum! Resmi yetkililer bu sa\u00e7mal\u0131\u011fa hemen bir son versin, yoksa \u00e7ok ge\u00e7 olacak\u201d ifadesi kullan\u0131ld\u0131. Musavi, internet sitesinden de taraftarlar\u0131na \u00e7a\u011fr\u0131da bulunarak, \u201cDiktat\u00f6rl\u00fc\u011fe ve yalana kar\u015f\u0131 direnin\u201d dedi.<\/p>\n<p style=\"text-align: justify;\"><strong>\u201cGidin bacaklar\u0131n\u0131z\u0131 k\u0131rar\u0131z\u201d<\/strong><\/p>\n<p style=\"text-align: justify;\">Musavi\u2019nin bu \u00e7a\u011fr\u0131s\u0131na yan\u0131t gecikmedi. On binlerce Musavi taraftar\u0131 kendilerine sembol olarak se\u00e7tikleri ye\u015fil atk\u0131, \u015fal ve bayraklarla Tahran\u2019daki meydanlarda toplanmaya ba\u015flad\u0131. \u0130ran\u2019\u0131n \u0130slam Devrimi\u2019nden beri g\u00f6rd\u00fc\u011f\u00fc bu en b\u00fcy\u00fck g\u00f6steriye polisin m\u00fcdahalesi sert oldu. \u201cDans edip \u015fark\u0131 s\u00f6yleme zaman\u0131 bitti. Buray\u0131 terk etmezseniz hepinizin bacaklar\u0131n\u0131 k\u0131rar\u0131z\u201d diyen polis, g\u00f6stericilere coplarla sald\u0131rd\u0131. G\u00f6stericiler, \u201cBuraday\u0131z, gerekirse burada \u00f6l\u00fcr\u00fcz\u201d diye sloganlar att\u0131.<\/p>\n<p style=\"text-align: justify;\"><strong>\u0130nternet yava\u015f, SMS\u2019ler engelleniyor<\/strong><\/p>\n<p style=\"text-align: justify;\">\u0130ran y\u00f6netimi, Musavi taraftarlar\u0131n\u0131n ileti\u015fimini kesmek i\u00e7in SMS servisini \u00fclke genelinde engelliyor. \u0130nternet eri\u015fimi de \u00e7ok yava\u015f. Musavi\u2019yi destekleyen sitelerin hepsi engellendi. Ayr\u0131ca BBC, CNN gibi kanallar\u0131n sitelerine de ula\u015f\u0131lam\u0131yor. Ak\u015fam reformcular\u0131n iki aday\u0131 Musavi ve Kerrubi ile eski cumhurba\u015fkan\u0131 Muhammed Hatemi\u2019nin, eski cumhurba\u015fkan\u0131 Ayetullah Rafsancani\u2019nin evinde strateji belirlemek i\u00e7in acil topland\u0131\u011f\u0131 a\u00e7\u0131kland\u0131.<\/p>\n<p style=\"text-align: justify;\"><strong>Hamaney: Sonucu kabul edin<\/strong><\/p>\n<p style=\"text-align: justify;\">Tahran caddelerinde ya\u015fanan \u00e7at\u0131\u015fmalar\u0131n ard\u0131ndan \u00fclkede her konuda son s\u00f6z\u00fc s\u00f6yleyen dini lider Ali Hamaney bir a\u00e7\u0131klama yaparak, \u201cHerkesin se\u00e7ilmi\u015f Cumhurba\u015fkan\u0131\u2019na sayg\u0131 g\u00f6stermesini\u201d istedi ve provokatif eylemlerden ka\u00e7\u0131n\u0131lmas\u0131 gerekti\u011fini s\u00f6yledi. Hamaney, devlet televizyonundan yay\u0131nlanan yaz\u0131l\u0131 a\u00e7\u0131klamas\u0131nda \u015fu ifadeleri kulland\u0131: \u201cSe\u00e7ilmi\u015f ve sayg\u0131de\u011fer Cumhurba\u015fkan\u0131, herkesin lideridir. Buna d\u00fcnk\u00fc yar\u0131\u015ftaki rakipleri de dahildir. Yenilenler de ona destek vermek ve yard\u0131m etmek zorundad\u0131r&#8230;\u201d<\/p>\n<p style=\"text-align: justify;\"><strong>Sahte sand\u0131kla hile iddias\u0131<\/strong><\/p>\n<p style=\"text-align: justify;\">Musav\u0130, haber ajanslar\u0131na g\u00f6nderdi\u011fi bildiride se\u00e7ime hile kar\u0131\u015ft\u0131r\u0131ld\u0131\u011f\u0131n\u0131 ileri s\u00fcrd\u00fc. Se\u00e7imden \u00f6nce Ahmedinecad\u2019\u0131n \u201cistemesi durumunda\u201d en az 4 milyon oyu emrinde bulunan Besic milisleri ve \u0130\u00e7i\u015fleri Bakanl\u0131\u011f\u0131 sayesinde kendi hanesine yazd\u0131rabilece\u011fi belirtiliyordu. Sonu\u00e7lar a\u00e7\u0131kland\u0131\u011f\u0131nda ise \u0130ran lideri ile Musavi aras\u0131ndaki oy fark\u0131n\u0131n 10 milyondan fazla oldu\u011fu g\u00f6r\u00fcld\u00fc. Buna ra\u011fmen reformcular hile yap\u0131ld\u0131\u011f\u0131n\u0131 ileri s\u00fcrd\u00fc. \u0130ddialar \u015f\u00f6yle:<\/p>\n<p style=\"text-align: justify;\">* \u0130\u00e7i\u015fleri Bakanl\u0131\u011f\u0131, \u201ckopya se\u00e7im sand\u0131klar\u0131\u201d haz\u0131rlatt\u0131. Ahmedinecad\u2019a verilmi\u015f oylarla dolu bu sand\u0131klar, se\u00e7im merkezlerinde as\u0131llar\u0131yla de\u011fi\u015ftirildi.<\/p>\n<p style=\"text-align: justify;\">* Se\u00e7imde oy kullanmak i\u00e7in foto\u011frafl\u0131 kimlik kullan\u0131lmas\u0131 \u015fart\u0131 kald\u0131r\u0131ld\u0131. Katar\u2019da bas\u0131lan binlerce sahte kimlikle Besic milisleri defalarca oy kulland\u0131.<\/p>\n<p style=\"text-align: justify;\">* H\u00fck\u00fcmet \u00f6zel \u201cmobil sand\u0131klar\u201d haz\u0131rlad\u0131. \u0130kamet \u015fart\u0131 olmad\u0131\u011f\u0131ndan bu sand\u0131klarda Ahmedinecad i\u00e7in tekrar tekrar oy kullan\u0131ld\u0131.<\/p>\n<p style=\"text-align: justify;\">Reuters ajans\u0131 ise \u0130ran se\u00e7imini izleyen g\u00f6zlemcilere sonu\u00e7lar\u0131 sordu, yorumlar \u015f\u00f6yle:<\/p>\n<p style=\"text-align: justify;\">* Carnegie D\u00fcnya Bar\u0131\u015f\u0131 Vakf\u0131 uzman\u0131 Kerim Sadjapur: Kimse bu boyutta hile yap\u0131laca\u011f\u0131n\u0131 tahmin edemezdi. Bu bir se\u00e7im de\u011fildi.<\/p>\n<p style=\"text-align: justify;\">* K\u00fcresel siyasi strateji ve d\u00fc\u015f\u00fcnce kurulu\u015fu Rand\u2019dan Alir\u0131za Nadir: Tamam, \u0130ran lideri Ahmedinecad se\u00e7imleri kazanm\u0131\u015f olabilir ama y\u00fczde 63\u2019l\u00fck oy oran\u0131 \u00e7ok \u015fa\u015f\u0131rt\u0131c\u0131.<\/p>\n<p style=\"text-align: justify;\">* Londra\u2019daki Stratejik Ara\u015ft\u0131rmalar Enstit\u00fcs\u00fc uzman\u0131 Mark Fitzpatrick: H\u00fck\u00fcmetin ve se\u00e7im komisyonunun Ahmedinecad\u2019\u0131n ald\u0131\u011f\u0131 oy oran\u0131n\u0131 bu kadar b\u00fcy\u00fck bir farkla a\u00e7\u0131klama cesaretine \u015fa\u015f\u0131rd\u0131m.<\/p>\n<p style=\"text-align: justify;\">* D\u0131\u015f \u0130li\u015fkiler Konseyi \u00fcyesi Elliot Abrams: Hileyi g\u00fcndeme getirmek gerekiyor. Sonu\u00e7 milyonlarca \u0130ranl\u0131ya anormal gelecek.<\/p>\n<p style=\"text-align: justify;\"><strong>\u201cA\u015f\u0131r\u0131 reformcu serseri isyan\u0131\u201d<\/strong><\/p>\n<p style=\"text-align: justify;\">\u0130ran\u2019In yar\u0131 resmi haber ajans\u0131 Fars, ya\u015fanan olaylar\u0131 \u201ca\u015f\u0131r\u0131 reformcu serserilerin \u00e7\u0131kard\u0131\u011f\u0131n\u0131\u201d duyurdu. Haberde \u015fu ifadeler kullan\u0131ld\u0131: \u0130ran\u2019da Ahmedinecad\u2019\u0131n se\u00e7ilmesi \u00fczerine, Musavi\u2019ye \u201citiraz et\u201d bask\u0131s\u0131 yap\u0131ld\u0131\u011f\u0131 \u00f6\u011frenildi. A\u015f\u0131r\u0131c\u0131 reformcular Musavi\u2019ye bildiri yay\u0131nlama, bas\u0131n toplant\u0131s\u0131 d\u00fczenleme tavsiyesinde bulundu. A\u015f\u0131r\u0131c\u0131 reformcular\u0131n toplay\u0131p getirdikleri serseri tipleri huzursuzluk yaratmalar\u0131 i\u00e7in kulland\u0131klar\u0131 \u00f6\u011frenildi.<\/p>\n<p style=\"text-align: justify;\"><strong>\u0130ran\u2019da halk kaybetti<\/strong><\/p>\n<p style=\"text-align: justify;\">13 Haz\u0130ran sabah\u0131, \u0130ran\u2019\u0131n ye\u015file boyanmas\u0131n\u0131 umanlar, sabah se\u00e7im sonu\u00e7lar\u0131na bakt\u0131klar\u0131nda bamba\u015fka bir manzarayla kar\u015f\u0131la\u015ft\u0131. Hayalk\u0131r\u0131kl\u0131\u011f\u0131n\u0131n rehaveti kentin \u00fczerine \u00e7\u00f6kt\u00fc. Sabah bindi\u011fim taksinin \u015fof\u00f6r\u00fc se\u00e7im sonu\u00e7lar\u0131yla ilgili ne d\u00fc\u015f\u00fcnd\u00fc\u011f\u00fcn\u00fc sordu\u011fumda olduk\u00e7a sinirli bir \u015fekilde, \u201cNe olacak biz kaybettik\u201d dedi. Bu se\u00e7imin kaybedeni asl\u0131nda ne Musavi, ne Kerrubi, ne Rizai, \u0130ran halk\u0131n\u0131n ta kendisi. Sonu\u00e7 hi\u00e7 de \u0130ran halk\u0131n\u0131n bekledi\u011fi gibi \u00e7\u0131kmad\u0131. Biny\u0131llardan bu yana bu topraklarda s\u00fcregelen bask\u0131c\u0131 rejimler, \u0130ran halk\u0131n\u0131n her y\u00f6n\u00fcnden \u00e7ok mizah anlay\u0131\u015f\u0131n\u0131 geli\u015ftirdi.<\/p>\n<p style=\"text-align: justify;\">\u0130ran se\u00e7im sonu\u00e7lar\u0131na g\u00fcl\u00fcyor, ama g\u00fcl\u00fcmseyen y\u00fczlerin ka\u015flar\u0131 art\u0131k her an \u00e7at\u0131labilir. \u00c7\u00fcnk\u00fc se\u00e7imlerle ilgili gelen haberler asl\u0131nda komik olmaktan \u00e7ok, trajik. Reformcular \u00f6zellikle Azeri n\u00fcf\u00fcsun yo\u011fun oldu\u011fu kentlerde se\u00e7im merkezinde g\u00f6revlilerin erken saatlerde oy pusulalar\u0131n\u0131n bitti\u011fini ilan etti\u011fini \u00f6ne s\u00fcr\u00fcyor. Tahran abluka alt\u0131nda, caddeler bariyerlerle kapat\u0131ld\u0131. \u00dcniversiteler iki g\u00fcn tatil edildi. Kaybeden halk\u0131n \u00f6fkesi bariyerleri a\u015facak m\u0131? \u0130ran\u2019da bir sonraki soru bu&#8230;<\/p>\n<p style=\"text-align: justify;\"><span style=\"color: #888888;\">Kaynak : Vatan<\/span><\/p>\n","protected":false},"excerpt":{"rendered":"<p style=\"text-align: center;\">\n<p style=\"text-align: justify;\">Musavi, \u201cSe\u00e7imde hile yap\u0131ld\u0131. Bu maskaral\u0131\u011fa teslim olmam. Sonu\u00e7lar\u0131 tan\u0131m\u0131yorum\u201d <\/p>\n<p style=\"text-align: justify;\">\u0130ran\u2019da se\u00e7im sonu\u00e7lar\u0131 Cumhurba\u015fkan\u0131 Ahmedinecad\u2019\u0131n reformcu aday Musavi\u2019ye y\u00fczde 34\u2019e kar\u015f\u0131 63 ile \u00fcst\u00fcnl\u00fck sa\u011flad\u0131\u011f\u0131n\u0131 g\u00f6sterdi. Musavi, \u201cSe\u00e7imde hile yap\u0131ld\u0131. Bu maskaral\u0131\u011fa teslim olmam. Sonu\u00e7lar\u0131 tan\u0131m\u0131yorum\u201d dedi. Tahran\u2018da on binlerce Musavi taraftar\u0131 sokaklara d\u00f6k\u00fcl\u00fcp polisle \u00e7at\u0131\u015ft\u0131.<\/p>\n<p  \n\n","protected":false},"author":1,"featured_media":0,"comment_status":"open","ping_status":"closed","sticky":false,"template":"","format":"standard","meta":{"footnotes":""},"categories":[3],"tags":[],"class_list":["post-10111","post","type-post","status-publish","format-standard","hentry","category-dunya","odd"],"_links":{"self":[{"href":"http:\/\/www.korhanyilmaz.com\/index.php?rest_route=\/wp\/v2\/posts\/10111","targetHints":{"allow":["GET"]}}],"collection":[{"href":"http:\/\/www.korhanyilmaz.com\/index.php?rest_route=\/wp\/v2\/posts"}],"about":[{"href":"http:\/\/www.korhanyilmaz.com\/index.php?rest_route=\/wp\/v2\/types\/post"}],"author":[{"embeddable":true,"href":"http:\/\/www.korhanyilmaz.com\/index.php?rest_route=\/wp\/v2\/users\/1"}],"replies":[{"embeddable":true,"href":"http:\/\/www.korhanyilmaz.com\/index.php?rest_route=%2Fwp%2Fv2%2Fcomments&post=10111"}],"version-history":[{"count":0,"href":"http:\/\/www.korhanyilmaz.com\/index.php?rest_route=\/wp\/v2\/posts\/10111\/revisions"}],"wp:attachment":[{"href":"http:\/\/www.korhanyilmaz.com\/index.php?rest_route=%2Fwp%2Fv2%2Fmedia&parent=10111"}],"wp:term":[{"taxonomy":"category","embeddable":true,"href":"http:\/\/www.korhanyilmaz.com\/index.php?rest_route=%2Fwp%2Fv2%2Fcategories&post=10111"},{"taxonomy":"post_tag","embeddable":true,"href":"http:\/\/www.korhanyilmaz.com\/index.php?rest_route=%2Fwp%2Fv2%2Ftags&post=10111"}],"curies":[{"name":"wp","href":"https:\/\/api.w.org\/{rel}","templated":true}]}}