{"id":10106,"date":"2009-06-13T18:42:56","date_gmt":"2009-06-13T16:42:56","guid":{"rendered":"http:\/\/www.korhanyilmaz.com\/?p=10106"},"modified":"2009-06-13T18:42:56","modified_gmt":"2009-06-13T16:42:56","slug":"arinc%e2%80%99a-istifa-cagrisi","status":"publish","type":"post","link":"http:\/\/www.korhanyilmaz.com\/?p=10106","title":{"rendered":"Ar\u0131n\u00e7\u2019a istifa \u00e7a\u011fr\u0131s\u0131"},"content":{"rendered":"<p style=\"text-align: center;\"><img loading=\"lazy\" decoding=\"async\" class=\"aligncenter size-full wp-image-10107\" src=\"http:\/\/www.korhanyilmaz.com\/wp-content\/uploads\/2009\/06\/bulent_arinc2.jpg\" alt=\"\" width=\"321\" height=\"170\" \/><\/p>\n<p style=\"text-align: justify;\"><strong>CHP\u2019li Ahmet Ersin\u2019den, Ar\u0131n\u00e7\u2019a, soru \u00f6nergesi yoluyla \u201cistifa et\u201d \u00e7a\u011fr\u0131s\u0131<\/strong><\/p>\n<p style=\"text-align: justify;\">ANKARA &#8211; Ba\u015fbakan Erdo\u011fan\u2019\u0131n son a\u00e7\u0131klamalar\u0131yla RT\u00dcK Ba\u015fkan\u0131 Zahid Akman\u2019a arka \u00e7\u0131kmas\u0131n\u0131n ard\u0131ndan, CHP\u2019li Ahmet Ersin\u2019den, Ba\u015fbakan Yard\u0131mc\u0131s\u0131 B\u00fclent Ar\u0131n\u00e7\u2019a, soru \u00f6nergesi yoluyla \u201cistifa et\u201d \u00e7a\u011fr\u0131s\u0131 geldi. Ersin \u00f6nergesinde, Ar\u0131n\u00e7\u2019\u0131n, Almanya\u2019daki Deniz Feneri yolsuzlu\u011funda ad\u0131 ge\u00e7en ve Alman yarg\u0131s\u0131 taraf\u0131ndan doland\u0131r\u0131c\u0131l\u0131\u011f\u0131 meslek haline getirmekle su\u00e7lanan Akman\u2019dan istifa etmesini istedi\u011fini kamuoyuna a\u00e7\u0131klad\u0131\u011f\u0131n\u0131, ard\u0131ndan da defalarca RT\u00dcK Ba\u015fkan\u0131\u2019n\u0131n \u201ckendisine yak\u0131\u015fan\u0131 yapmas\u0131 gerekti\u011fini\u201d vurgulad\u0131\u011f\u0131n\u0131 anlatt\u0131. Ersin \u201cSay\u0131n Ba\u015fbakan\u2019\u0131n gerek Zahid Akman ve gerekse \u015fahs\u0131n\u0131zla ilgili bu s\u00f6zleri ve yakla\u015f\u0131m\u0131ndan sonra, siz kendinize yak\u0131\u015fan\u0131 yapacak m\u0131s\u0131n\u0131z?\u201d diye sordu.<\/p>\n<p style=\"text-align: justify;\"><span style=\"color: #888888;\">Kaynak : Vatan<\/span><\/p>\n","protected":false},"excerpt":{"rendered":"<p style=\"text-align: center;\">\n<p style=\"text-align: justify;\">CHP\u2019li Ahmet Ersin\u2019den, Ar\u0131n\u00e7\u2019a, soru \u00f6nergesi yoluyla \u201cistifa et\u201d \u00e7a\u011fr\u0131s\u0131<\/p>\n<p style=\"text-align: justify;\">ANKARA &#8211; Ba\u015fbakan Erdo\u011fan\u2019\u0131n son a\u00e7\u0131klamalar\u0131yla RT\u00dcK Ba\u015fkan\u0131 Zahid Akman\u2019a arka \u00e7\u0131kmas\u0131n\u0131n ard\u0131ndan, CHP\u2019li Ahmet Ersin\u2019den, Ba\u015fbakan Yard\u0131mc\u0131s\u0131 B\u00fclent Ar\u0131n\u00e7\u2019a, soru \u00f6nergesi yoluyla \u201cistifa et\u201d \u00e7a\u011fr\u0131s\u0131 geldi. Ersin \u00f6nergesinde, Ar\u0131n\u00e7\u2019\u0131n, Almanya\u2019daki Deniz Feneri yolsuzlu\u011funda ad\u0131 ge\u00e7en ve Alman <\/p>\n","protected":false},"author":1,"featured_media":0,"comment_status":"open","ping_status":"closed","sticky":false,"template":"","format":"standard","meta":{"footnotes":""},"categories":[105],"tags":[],"class_list":["post-10106","post","type-post","status-publish","format-standard","hentry","category-gundem","odd"],"_links":{"self":[{"href":"http:\/\/www.korhanyilmaz.com\/index.php?rest_route=\/wp\/v2\/posts\/10106","targetHints":{"allow":["GET"]}}],"collection":[{"href":"http:\/\/www.korhanyilmaz.com\/index.php?rest_route=\/wp\/v2\/posts"}],"about":[{"href":"http:\/\/www.korhanyilmaz.com\/index.php?rest_route=\/wp\/v2\/types\/post"}],"author":[{"embeddable":true,"href":"http:\/\/www.korhanyilmaz.com\/index.php?rest_route=\/wp\/v2\/users\/1"}],"replies":[{"embeddable":true,"href":"http:\/\/www.korhanyilmaz.com\/index.php?rest_route=%2Fwp%2Fv2%2Fcomments&post=10106"}],"version-history":[{"count":0,"href":"http:\/\/www.korhanyilmaz.com\/index.php?rest_route=\/wp\/v2\/posts\/10106\/revisions"}],"wp:attachment":[{"href":"http:\/\/www.korhanyilmaz.com\/index.php?rest_route=%2Fwp%2Fv2%2Fmedia&parent=10106"}],"wp:term":[{"taxonomy":"category","embeddable":true,"href":"http:\/\/www.korhanyilmaz.com\/index.php?rest_route=%2Fwp%2Fv2%2Fcategories&post=10106"},{"taxonomy":"post_tag","embeddable":true,"href":"http:\/\/www.korhanyilmaz.com\/index.php?rest_route=%2Fwp%2Fv2%2Ftags&post=10106"}],"curies":[{"name":"wp","href":"https:\/\/api.w.org\/{rel}","templated":true}]}}