{"id":10101,"date":"2009-06-13T16:09:13","date_gmt":"2009-06-13T13:09:13","guid":{"rendered":"http:\/\/www.korhanyilmaz.com\/?p=10101"},"modified":"2009-06-13T16:09:13","modified_gmt":"2009-06-13T13:09:13","slug":"deniz-fenerinin-partimin-kasasina-girmis-bir-kurusu-yok","status":"publish","type":"post","link":"http:\/\/www.korhanyilmaz.com\/?p=10101","title":{"rendered":"`Deniz Feneri&#039;nin partimin kasas\u0131na girmi\u015f bir kuru\u015fu yok&#039;"},"content":{"rendered":"<p style=\"text-align: center;\"><img loading=\"lazy\" decoding=\"async\" class=\"aligncenter size-full wp-image-10102\" src=\"http:\/\/www.korhanyilmaz.com\/wp-content\/uploads\/2009\/06\/130620091608396103524.jpg\" alt=\"\" width=\"329\" height=\"210\" \/><\/p>\n<p style=\"text-align: justify;\"><strong>Erdo\u011fan, CHP lideri Baykal&#8217;a y\u00fcklendi, `\u0130ddia eden namerttir&#8217; dedi.<\/strong><\/p>\n<p style=\"text-align: justify;\">Ba\u015fbakan, Deniz Feneri\u2019yle AKP aras\u0131nda ili\u015fki oldu\u011funu iddia edenleri namertlikle su\u00e7lad\u0131. Bir ge\u00e7i\u015f d\u00f6nemi ya\u015fad\u0131\u011f\u0131n\u0131 a\u00e7\u0131klayan Erdo\u011fan, etnik sorunlar\u0131n sevgiyle a\u015f\u0131laca\u011f\u0131n\u0131 s\u00f6yledi.<\/p>\n<p style=\"text-align: justify;\">Ba\u015fbakan Erdo\u011fan partisinin Kars kongresinde yapt\u0131\u011f\u0131 konu\u015fmada Deniz Feneri davas\u0131yla ilgili iddialara ve kimlik siyasetine ili\u015fkin a\u00e7\u0131klamala yapt\u0131. Erdo\u011fan \u015f\u00f6yle konu\u015ftu:<\/p>\n<p style=\"text-align: justify;\"><strong>HAYAL\u0130 SENARYOLAR:<\/strong> Baz\u0131 \u00e7evreler \u2019Ne yapal\u0131m da AKP\u2019yi karalayal\u0131m\u2019diye d\u00fc\u015f\u00fcn\u00fcyor. Anamuhalefet partisi ba\u015fta olmak \u00fczere baz\u0131 \u00e7evreler bir kampanya ba\u015flatt\u0131. \u00d6nce \u2019gizli g\u00fcndem\u2019dediler, \u2019rejim tehlikede\u2019dediler, hayali senaryolar \u00fcrettiler. Ama bakt\u0131lar ki AKP\u2019nin T\u00fcrkiye\u2019yi adalet ve kalk\u0131nma \u00fczerinde y\u00fckseltmekten ba\u015fka gayesi yok. Anlad\u0131lar ki AKP suni, sanal g\u00fcndemlerle sanal tehditlerle hayali korkularla ger\u00e7ek g\u00fcndeminden kopmuyor, milletimizin g\u00f6nl\u00fcndeki yerini kaybetmiyor, bu sefer AKP\u2019yi karalama, g\u00f6zden d\u00fc\u015f\u00fcrme gayreti i\u00e7ine girdiler.<!--more--> \u0130\u00e7i bo\u015f dosyalarla AK Parti\u2019lileri su\u00e7lamaya, as\u0131ls\u0131z iftiralarla y\u0131pratmaya \u00e7al\u0131\u015ft\u0131lar.<\/p>\n<p style=\"text-align: justify;\"><strong>DEN\u0130Z FENER\u0130:<\/strong> Efendim ne imi\u015f? Deniz Feneri olay\u0131. AKP\u2019nin kasas\u0131na bir kuru\u015f evvelallah yanl\u0131\u015f para girmemi\u015ftir. Ne Deniz Feneri, ne Deniz Feneri\u2019nin yetkililerinin hi\u00e7birisinin benim partimin kasas\u0131na girmi\u015f bir kuru\u015fu yoktur. Bu kadar a\u00e7\u0131k. Bunu iddia edenler namerttir, namert.<\/p>\n<p style=\"text-align: justify;\"><strong>CHP HESAP VERS\u0130N: <\/strong>Bug\u00fcne kadar biz hazinemizden ald\u0131\u011f\u0131m\u0131z yasal yard\u0131mla partimizin \u00e7al\u0131\u015fmalar\u0131n\u0131 g\u00f6t\u00fcrd\u00fck, g\u00f6t\u00fcr\u00fcyoruz. Partimizin genel merkezini ayn\u0131 \u015fekilde yapt\u0131k, hizmetlerimizi ayn\u0131 \u015fekilde s\u00fcrd\u00fcr\u00fcyoruz. Se\u00e7imler de ayn\u0131 \u015fekilde. Ve aln\u0131m\u0131z burada ak ve pak. Fakat, ben bug\u00fcn burada yine s\u00f6yl\u00fcyorum. Ey CHP, Say\u0131n Baykal, Anayasa Mahkemesi bir trilyona yak\u0131n usuls\u00fcz harcama yapt\u0131n diye seni mahkum etti. Ey Baykal, sen \u00f6nce bu bir trilyonu nerede harcad\u0131n onu ispat et.<\/p>\n<p style=\"text-align: justify;\"><strong>YARADANDAN \u00d6T\u00dcR\u00dc:<\/strong> \u00dclkede kimlik siyaseti yapan bir parti var m\u0131? Var. Nas\u0131l oy toplad\u0131klar\u0131n\u0131 biliyorsunuz. Bak\u0131n G\u00fcneydo\u011fu\u2019da DTP\u2019nin ald\u0131\u011f\u0131 oy y\u00fczde 24. AKP\u2019nin ald\u0131\u011f\u0131 oy y\u00fczde 34. O kadar. Ba\u015fka bir parti var m\u0131? Yok. \u00c7\u00fcnk\u00fc biz hepinizi seviyoruz. Ayr\u0131m yok. Bu ayr\u0131mc\u0131l\u0131k bize yak\u0131\u015fmaz. Biz yaradandan da \u00f6t\u00fcr\u00fc sevece\u011fiz. Siz de \u00f6yle seveceksiniz. Zaten bunu ba\u015fard\u0131\u011f\u0131m\u0131z g\u00fcn T\u00fcrkiye\u2019nin \u00f6n\u00fcn\u00fc kimse t\u0131kayamaz. Bu bir ge\u00e7i\u015f d\u00f6nemi. Herkes birbirine sayg\u0131 duyacak.<\/p>\n<p style=\"text-align: justify;\"><strong>KIZ ALIP VERM\u0130\u015e\u0130Z:<\/strong> \u015eu an benim belediye ba\u015fkan\u0131m, Kars Belediye Ba\u015fkan\u0131m, annesi babas\u0131, birisi T\u00fcrk birisi K\u00fcrt, g\u00fczellik bu. K\u0131z verip alm\u0131\u015flar, b\u00f6yle bir dert var m\u0131? Kim \u00e7\u0131kar\u0131yor bunu? Bunu \u00e7\u0131karanlar bizi b\u00f6lmek isteyenler.<\/p>\n<p style=\"text-align: justify;\"><strong>GE\u00c7\u0130\u015e D\u00d6NEM\u0130:<\/strong> Bunlar\u0131n hepsi evvelallah a\u015f\u0131lacak yeter ki i\u015fi anlayal\u0131m, kavrayal\u0131m ve gereken dersi de bunlara sand\u0131kta verelim. Onun i\u00e7in iyi \u00e7al\u0131\u015faca\u011f\u0131z. Ama \u015funu da s\u00f6yleyeyim, bu \u00fclkede kimse kalk\u0131p da efendim i\u015fte bu T\u00fcrk, at kenara, bu K\u00fcrt, at kenara diyemez. Herkes kendi etnik yap\u0131s\u0131yla \u00f6v\u00fcnebilir. Herkes buna sayg\u0131 duyacak. Ben K\u00fcrt karde\u015fime de sayg\u0131 duyar\u0131m, K\u00fcrt karde\u015fime de sayg\u0131 duyar\u0131m. Laz\u0131na \u00c7erkezine hepsine sayg\u0131 duyar\u0131m. Herkes birbirine sayg\u0131 duyacak. Ama bizi ondan sonra \u00fcst bir \u00e7at\u0131 var birbirine ba\u011flayan. Bizi birbirine ba\u011flayan o \u00e7at\u0131 ne? O \u00e7at\u0131da hepimiz neyiz? T\u00fcrkiye Cumhuriyeti vatanda\u015f\u0131y\u0131z. Bunu da ortaya koyaca\u011f\u0131z. Buna toz kondurmayaca\u011f\u0131z.<\/p>\n<p style=\"text-align: justify;\"><span style=\"color: #888888;\">Kaynak : Vatan<\/span><\/p>\n","protected":false},"excerpt":{"rendered":"<p style=\"text-align: center;\">\n<p style=\"text-align: justify;\">Erdo\u011fan, CHP lideri Baykal&#8217;a y\u00fcklendi, `\u0130ddia eden namerttir&#8217; dedi.<\/p>\n<p style=\"text-align: justify;\">Ba\u015fbakan, Deniz Feneri\u2019yle AKP aras\u0131nda ili\u015fki oldu\u011funu iddia edenleri namertlikle su\u00e7lad\u0131. Bir ge\u00e7i\u015f d\u00f6nemi ya\u015fad\u0131\u011f\u0131n\u0131 a\u00e7\u0131klayan Erdo\u011fan, etnik sorunlar\u0131n sevgiyle a\u015f\u0131laca\u011f\u0131n\u0131 s\u00f6yledi.<\/p>\n<p style=\"text-align: justify;\">Ba\u015fbakan Erdo\u011fan partisinin Kars kongresinde yapt\u0131\u011f\u0131 konu\u015fmada Deniz Feneri davas\u0131yla ilgili iddialara ve kimlik siyasetine <\/p>\n","protected":false},"author":1,"featured_media":0,"comment_status":"open","ping_status":"closed","sticky":false,"template":"","format":"standard","meta":{"footnotes":""},"categories":[105],"tags":[],"class_list":["post-10101","post","type-post","status-publish","format-standard","hentry","category-gundem","odd"],"_links":{"self":[{"href":"http:\/\/www.korhanyilmaz.com\/index.php?rest_route=\/wp\/v2\/posts\/10101","targetHints":{"allow":["GET"]}}],"collection":[{"href":"http:\/\/www.korhanyilmaz.com\/index.php?rest_route=\/wp\/v2\/posts"}],"about":[{"href":"http:\/\/www.korhanyilmaz.com\/index.php?rest_route=\/wp\/v2\/types\/post"}],"author":[{"embeddable":true,"href":"http:\/\/www.korhanyilmaz.com\/index.php?rest_route=\/wp\/v2\/users\/1"}],"replies":[{"embeddable":true,"href":"http:\/\/www.korhanyilmaz.com\/index.php?rest_route=%2Fwp%2Fv2%2Fcomments&post=10101"}],"version-history":[{"count":0,"href":"http:\/\/www.korhanyilmaz.com\/index.php?rest_route=\/wp\/v2\/posts\/10101\/revisions"}],"wp:attachment":[{"href":"http:\/\/www.korhanyilmaz.com\/index.php?rest_route=%2Fwp%2Fv2%2Fmedia&parent=10101"}],"wp:term":[{"taxonomy":"category","embeddable":true,"href":"http:\/\/www.korhanyilmaz.com\/index.php?rest_route=%2Fwp%2Fv2%2Fcategories&post=10101"},{"taxonomy":"post_tag","embeddable":true,"href":"http:\/\/www.korhanyilmaz.com\/index.php?rest_route=%2Fwp%2Fv2%2Ftags&post=10101"}],"curies":[{"name":"wp","href":"https:\/\/api.w.org\/{rel}","templated":true}]}}