{"id":10093,"date":"2009-06-14T08:16:04","date_gmt":"2009-06-14T06:16:04","guid":{"rendered":"http:\/\/www.korhanyilmaz.com\/?p=10093"},"modified":"2009-06-14T08:16:04","modified_gmt":"2009-06-14T06:16:04","slug":"%e2%80%98erdogan%e2%80%99la-konusmuyorum%e2%80%99","status":"publish","type":"post","link":"http:\/\/www.korhanyilmaz.com\/?p=10093","title":{"rendered":"\u2018Erdo\u011fan\u2019la konu\u015fmuyorum\u2019"},"content":{"rendered":"<p style=\"text-align: center;\"><img loading=\"lazy\" decoding=\"async\" class=\"aligncenter size-full wp-image-10094\" src=\"http:\/\/www.korhanyilmaz.com\/wp-content\/uploads\/2009\/06\/140620090132596625489.jpg\" alt=\"\" width=\"329\" height=\"210\" \/><\/p>\n<p style=\"text-align: justify;\"><strong>T\u00fcrkiye Partisi\u2019ni kurarak yeniden siyasete giren Abd\u00fcllatif \u015eener, Die Welt\u2019e konu\u015ftu. <\/strong><\/p>\n<p style=\"text-align: justify;\">Ba\u015fbakan Erdo\u011fan\u2019la ileti\u015fiminin koptu\u011funu s\u00f6yleyen \u015eener, \u201cUzun zamand\u0131r birbirimizle konu\u015fmad\u0131k. Cumhurba\u015fkan\u0131 G\u00fcl\u2019le de \u00f6yle. Onunla da zaman zaman konu\u015fma f\u0131rsat\u0131 bulduk\u201d dedi. Erdo\u011fan i\u00e7in \u201cTak\u0131m oyuncusu de\u011fil\u201d diyen \u015eener, \u201c\u00d6nerileri kabul etmiyor. Her \u015feyi kendi ba\u015f\u0131na yap\u0131yor\u201d ifadesini kulland\u0131. AKP\u2019nin yolsuzlukla an\u0131lmaya ba\u015flad\u0131\u011f\u0131n\u0131 da s\u00f6yleyen \u015eener, \u201cDosyalar\u0131 biliyorum. Ama hepsi dokunulmazl\u0131klar\u0131n arkas\u0131nda. Millletvekillerine kar\u015f\u0131 300 dosya var. Bunlardan 260\u2019\u0131 AKP\u2019yle ilgili\u201d dedi. Welt ise \u015eener\u2019in t\u00fcm s\u0131rlar\u0131 bildi\u011fi i\u00e7in \u2018tehlikeli\u2019 oldu\u011funa dikkat \u00e7ekerek, \u2018Erdo\u011fan\u2019a korkuyu \u00f6\u011freten adam\u2019 ba\u015fl\u0131\u011f\u0131n\u0131 kulland\u0131.<\/p>\n<p style=\"text-align: justify;\"><span style=\"color: #888888;\">Kaynak : Vatan<\/span><\/p>\n","protected":false},"excerpt":{"rendered":"<p style=\"text-align: center;\">\n<p style=\"text-align: justify;\">T\u00fcrkiye Partisi\u2019ni kurarak yeniden siyasete giren Abd\u00fcllatif \u015eener, Die Welt\u2019e konu\u015ftu. <\/p>\n<p style=\"text-align: justify;\">Ba\u015fbakan Erdo\u011fan\u2019la ileti\u015fiminin koptu\u011funu s\u00f6yleyen \u015eener, \u201cUzun zamand\u0131r birbirimizle konu\u015fmad\u0131k. Cumhurba\u015fkan\u0131 G\u00fcl\u2019le de \u00f6yle. Onunla da zaman zaman konu\u015fma f\u0131rsat\u0131 bulduk\u201d dedi. Erdo\u011fan i\u00e7in \u201cTak\u0131m oyuncusu de\u011fil\u201d diyen \u015eener, \u201c\u00d6nerileri kabul etmiyor. Her \u015feyi kendi ba\u015f\u0131na <\/p>\n","protected":false},"author":1,"featured_media":0,"comment_status":"open","ping_status":"closed","sticky":false,"template":"","format":"standard","meta":{"footnotes":""},"categories":[105],"tags":[],"class_list":["post-10093","post","type-post","status-publish","format-standard","hentry","category-gundem","odd"],"_links":{"self":[{"href":"http:\/\/www.korhanyilmaz.com\/index.php?rest_route=\/wp\/v2\/posts\/10093","targetHints":{"allow":["GET"]}}],"collection":[{"href":"http:\/\/www.korhanyilmaz.com\/index.php?rest_route=\/wp\/v2\/posts"}],"about":[{"href":"http:\/\/www.korhanyilmaz.com\/index.php?rest_route=\/wp\/v2\/types\/post"}],"author":[{"embeddable":true,"href":"http:\/\/www.korhanyilmaz.com\/index.php?rest_route=\/wp\/v2\/users\/1"}],"replies":[{"embeddable":true,"href":"http:\/\/www.korhanyilmaz.com\/index.php?rest_route=%2Fwp%2Fv2%2Fcomments&post=10093"}],"version-history":[{"count":0,"href":"http:\/\/www.korhanyilmaz.com\/index.php?rest_route=\/wp\/v2\/posts\/10093\/revisions"}],"wp:attachment":[{"href":"http:\/\/www.korhanyilmaz.com\/index.php?rest_route=%2Fwp%2Fv2%2Fmedia&parent=10093"}],"wp:term":[{"taxonomy":"category","embeddable":true,"href":"http:\/\/www.korhanyilmaz.com\/index.php?rest_route=%2Fwp%2Fv2%2Fcategories&post=10093"},{"taxonomy":"post_tag","embeddable":true,"href":"http:\/\/www.korhanyilmaz.com\/index.php?rest_route=%2Fwp%2Fv2%2Ftags&post=10093"}],"curies":[{"name":"wp","href":"https:\/\/api.w.org\/{rel}","templated":true}]}}