{"id":10080,"date":"2009-06-13T09:46:48","date_gmt":"2009-06-13T06:46:48","guid":{"rendered":"http:\/\/www.korhanyilmaz.com\/?p=10080"},"modified":"2009-06-13T09:46:48","modified_gmt":"2009-06-13T06:46:48","slug":"yargitay%e2%80%99da-da-digor-kriterleri","status":"publish","type":"post","link":"http:\/\/www.korhanyilmaz.com\/?p=10080","title":{"rendered":"Yarg\u0131tay\u2019da da Digor kriterleri"},"content":{"rendered":"<p><img loading=\"lazy\" decoding=\"async\" class=\"aligncenter size-full wp-image-10081\" src=\"http:\/\/www.korhanyilmaz.com\/wp-content\/uploads\/2009\/06\/8189287.gif\" alt=\"\" width=\"286\" height=\"116\" \/><\/p>\n<p style=\"text-align: justify;\"><strong>Digor Cumhuriyet Savc\u0131s\u0131 \u00d6mer T\u00fct\u00fcnc\u00fc\u2019n\u00fcn, tarihi &#8220;K\u00fcrt\u00e7e&#8221; karar\u0131n\u0131n ard\u0131ndan, Yarg\u0131tay Cumhuriyet Ba\u015fsavc\u0131l\u0131\u011f\u0131\u2019n\u0131n da K\u00fcrt\u00e7e propagandan\u0131n Avrupa \u0130nsan Haklar\u0131 S\u00f6zle\u015fmesi\u2019ne (A\u0130HS) g\u00f6re su\u00e7 olmad\u0131\u011f\u0131 ve mahkumiyet kararlar\u0131n\u0131n bozulmas\u0131 y\u00f6n\u00fcnde tebli\u011fname d\u00fczenledi\u011fi ortaya \u00e7\u0131kt\u0131.<\/strong><\/p>\n<p style=\"text-align: justify;\">Hukuki s\u00fcrecin, adli tatilin ba\u015flayaca\u011f\u0131 5 A\u011fustos\u2019tan \u00f6nce tamamlanmas\u0131 ve bu tebli\u011fnamelerdeki hukuki g\u00f6r\u00fc\u015f incelenerek, yeni bir K\u00fcrt\u00e7e i\u00e7tihat\u0131 olu\u015fturulmas\u0131 bekleniyor. Tebli\u011fnamelerde, K\u00fcrt\u00e7e propagandaya cezada iki ana kriter getirildi. Hitap edilen kitlenin T\u00fcrk\u00e7e bilmemesi ve A\u0130HS\u2019in &#8220;ifade \u00f6zg\u00fcrl\u00fc\u011f\u00fc&#8221; ve &#8220;\u00f6rg\u00fctlenme \u00f6zg\u00fcrl\u00fc\u011f\u00fc&#8221; maddeleri \u00e7er\u00e7evesinde &#8220;Az\u0131nl\u0131k yaratma kast\u0131&#8221; olmad\u0131k\u00e7a K\u00fcrt\u00e7e konu\u015fulmas\u0131n\u0131n su\u00e7 olmad\u0131\u011f\u0131 vurguland\u0131. Anayasa\u2019n\u0131n 90. maddesine g\u00f6re Siyasi Partiler Yasas\u0131 (SPY) ve Se\u00e7im Yasas\u0131\u2019ndaki T\u00fcrk\u00e7eden ba\u015fka dille konu\u015fma yasa\u011f\u0131 ve propagada yasa\u011f\u0131 ve \u00e7at\u0131\u015fmas\u0131 nedeniyle uluslararas\u0131 s\u00f6zle\u015fmelerin \u00fcst\u00fcn tutulaca\u011f\u0131 ve &#8220;mutlak bir K\u00fcrt\u00e7e&#8221; yasa\u011f\u0131ndan s\u00f6zedilemeyece\u011fi belirtildi.<!--more--><\/p>\n<p style=\"text-align: justify;\"><strong>1. Dosya: K\u00fcrt\u00e7e \u015fark\u0131ya mahk\u00fbmiyet<\/strong><\/p>\n<p style=\"text-align: justify;\">Yarg\u0131tay Cumhuriyet Savc\u0131s\u0131 \u00d6mer Faruk Emina\u011fao\u011flu\u2019nun d\u00fczenledi\u011fi ilk tebli\u011fnamede, d\u00f6nemin HADEP Varto \u0130l\u00e7e Ba\u015fkan\u0131 olan Beh\u00e7et \u00d6zen, il\u00e7e \u00f6rg\u00fct\u00fc toplant\u0131s\u0131nda K\u00fcrt\u00e7e konu\u015fma yapt\u0131. Toplant\u0131da K\u00fcrt\u00e7e slogan at\u0131l\u0131p, \u015fark\u0131lar s\u00f6ylendi ve tiyatro skeci oynand\u0131. Varto Asliye Ceza Mahkemesi\u2019nde \u00d6zen, SPY 81. maddesi \u00e7er\u00e7evesinde &#8220;Kapal\u0131 salon toplant\u0131s\u0131nda T\u00fcrk\u00e7eden ba\u015fka dil kullanmaktan&#8221; mahkum oldu. Karar\u0131 san\u0131k \u00d6zen temyiz etti. 31 A\u011fustos 2004 tarihli tebli\u011fnamede, mahkumiyetin bozulmas\u0131 istendi ve \u015f\u00f6yle denildi: &#8220;Bir siyasi parti i\u00e7in aslolan faaliyetini T\u00fcrk\u00e7e yapmas\u0131 ise de hitap edilen kitlenin T\u00fcrk\u00e7e bilmeme durumuna g\u00f6re ba\u015fka dille de faaliyetlerini yapabilmeleri, \u0130HAS 10-11. maddelerinin de bir gere\u011fidir. San\u0131\u011f\u0131n kast\u0131 ortaya konulmadan, hitap edilen kitlenin T\u00fcrk\u00e7e bilip bilmedi\u011fi ara\u015ft\u0131r\u0131lmadan \u015feklen olu\u015fan ihlal nedeniyle mahk\u00fcmiyet karar\u0131 kurulmas\u0131 yasaya ayk\u0131r\u0131d\u0131r.&#8221; Dava dosyas\u0131 hen\u00fcz Varto Asliye Ceza Mahkemesi\u2019nden d\u00f6nmedi.<\/p>\n<p style=\"text-align: justify;\"><strong>2. Dosya: K\u00fcrt\u00e7e kelimelere ceza <\/strong><\/p>\n<p style=\"text-align: justify;\">\u00d6zg\u00fcr T\u00fcrkiye Partisi (\u00d6TP) Ad\u0131yaman Merkez \u0130l\u00e7e Ba\u015fkan\u0131 olan \u015eerif Y\u0131lmaz, \u0130l kongresinde K\u00fcrt\u00e7e kelimeler konu\u015fmak K\u00fcrt\u00e7e d\u00f6vize kay\u0131ts\u0131z kalmaktan mahkum oldu. Karar temyiz edildi. Mahkumiyetin bozulmas\u0131 istemli 1 Mart 2006 tarihli tebli\u011fname \u00f6zetle \u015f\u00f6yle: &#8220;Yasa koyucu, Se\u00e7im Yasas\u0131 58.madde ile T\u00fcrk\u00e7e\u2019den ba\u015fka dil ve yaz\u0131 kullan\u0131lmas\u0131n\u0131 yasaklam\u0131\u015ft\u0131r. Buradaki gerek\u00e7e, T\u00fcrk\u00e7e d\u0131\u015f\u0131nda dil kullanan partilerle, bu dili kullanmayan partiler aras\u0131nda &#8220;hedef kitle kar\u015f\u0131s\u0131nda&#8221; propaganda ko\u015fullar\u0131nda e\u015fitli\u011fe ayk\u0131r\u0131 bir durum yaratmama d\u00fc\u015f\u00fcncesidir. Resmi dil d\u0131\u015f\u0131nda \u00fclkede konu\u015fulan baz\u0131 dillerin siyasi partiler ve mensuplar\u0131 taraf\u0131ndan k\u0131smen ya da yer yer konu\u015fulmas\u0131 ise az\u0131nl\u0131k yaratmaz ve madde kapsam\u0131ndaki su\u00e7u olu\u015fturmaz.&#8221; Ad\u0131yaman 1.Asliye Ceza Mahkemesi\u2019nin yeni karar\u0131n\u0131n Yarg\u0131tay\u2019a ula\u015fmas\u0131n\u0131n ard\u0131ndan bu dosya da esastan karara ba\u011flanacak.<\/p>\n<p style=\"text-align: justify;\"><span style=\"color: #888888;\">Kaynak : H\u00fcrriyet<\/span><\/p>\n","protected":false},"excerpt":{"rendered":"<\/p>\n<p style=\"text-align: justify;\">Digor Cumhuriyet Savc\u0131s\u0131 \u00d6mer T\u00fct\u00fcnc\u00fc\u2019n\u00fcn, tarihi &#8220;K\u00fcrt\u00e7e&#8221; karar\u0131n\u0131n ard\u0131ndan, Yarg\u0131tay Cumhuriyet Ba\u015fsavc\u0131l\u0131\u011f\u0131\u2019n\u0131n da K\u00fcrt\u00e7e propagandan\u0131n Avrupa \u0130nsan Haklar\u0131 S\u00f6zle\u015fmesi\u2019ne (A\u0130HS) g\u00f6re su\u00e7 olmad\u0131\u011f\u0131 ve mahkumiyet kararlar\u0131n\u0131n bozulmas\u0131 y\u00f6n\u00fcnde tebli\u011fname d\u00fczenledi\u011fi ortaya \u00e7\u0131kt\u0131.<\/p>\n<p style=\"text-align: justify;\">Hukuki s\u00fcrecin, adli tatilin ba\u015flayaca\u011f\u0131 5 A\u011fustos\u2019tan \u00f6nce tamamlanmas\u0131 ve bu tebli\u011fnamelerdeki hukuki g\u00f6r\u00fc\u015f incelenerek, yeni bir K\u00fcrt\u00e7e <\/p>\n","protected":false},"author":1,"featured_media":0,"comment_status":"open","ping_status":"closed","sticky":false,"template":"","format":"standard","meta":{"footnotes":""},"categories":[105],"tags":[],"class_list":["post-10080","post","type-post","status-publish","format-standard","hentry","category-gundem","odd"],"_links":{"self":[{"href":"http:\/\/www.korhanyilmaz.com\/index.php?rest_route=\/wp\/v2\/posts\/10080","targetHints":{"allow":["GET"]}}],"collection":[{"href":"http:\/\/www.korhanyilmaz.com\/index.php?rest_route=\/wp\/v2\/posts"}],"about":[{"href":"http:\/\/www.korhanyilmaz.com\/index.php?rest_route=\/wp\/v2\/types\/post"}],"author":[{"embeddable":true,"href":"http:\/\/www.korhanyilmaz.com\/index.php?rest_route=\/wp\/v2\/users\/1"}],"replies":[{"embeddable":true,"href":"http:\/\/www.korhanyilmaz.com\/index.php?rest_route=%2Fwp%2Fv2%2Fcomments&post=10080"}],"version-history":[{"count":0,"href":"http:\/\/www.korhanyilmaz.com\/index.php?rest_route=\/wp\/v2\/posts\/10080\/revisions"}],"wp:attachment":[{"href":"http:\/\/www.korhanyilmaz.com\/index.php?rest_route=%2Fwp%2Fv2%2Fmedia&parent=10080"}],"wp:term":[{"taxonomy":"category","embeddable":true,"href":"http:\/\/www.korhanyilmaz.com\/index.php?rest_route=%2Fwp%2Fv2%2Fcategories&post=10080"},{"taxonomy":"post_tag","embeddable":true,"href":"http:\/\/www.korhanyilmaz.com\/index.php?rest_route=%2Fwp%2Fv2%2Ftags&post=10080"}],"curies":[{"name":"wp","href":"https:\/\/api.w.org\/{rel}","templated":true}]}}