{"id":10075,"date":"2009-06-13T09:10:56","date_gmt":"2009-06-13T06:10:56","guid":{"rendered":"http:\/\/www.korhanyilmaz.com\/?p=10075"},"modified":"2009-06-13T09:10:56","modified_gmt":"2009-06-13T06:10:56","slug":"sari-meyve-gozu-koruyor","status":"publish","type":"post","link":"http:\/\/www.korhanyilmaz.com\/?p=10075","title":{"rendered":"Sar\u0131 meyve g\u00f6z\u00fc koruyor"},"content":{"rendered":"<p style=\"text-align: center;\"><a href=\"http:\/\/www.korhanyilmaz.com\/wp-content\/uploads\/2009\/06\/71586.jpg\"  class=\"lightview\"><img loading=\"lazy\" decoding=\"async\" class=\"aligncenter size-full wp-image-10076\" src=\"http:\/\/www.korhanyilmaz.com\/wp-content\/uploads\/2009\/06\/71586.jpg\" alt=\"\" width=\"200\" height=\"235\" \/><\/a><\/p>\n<div id=\"ctl00_ortayer_haberOzet\" style=\"text-align: justify;\"><strong>Ya\u015fa Ba\u011fl\u0131 Makula Dejenerasyonu hastal\u0131\u011f\u0131nda beslenme, uzmanlar taraf\u0131ndan, en \u00f6nemli risk fakt\u00f6r\u00fc olarak nitelendiriliyor.<\/strong><\/div>\n<p style=\"text-align: justify;\">Halk dilinde &#8220;Sar\u0131 Nokta&#8221; olarak da bilinen g\u00f6rme yitisinin azalmas\u0131na neden olan &#8220;Ya\u015fa Ba\u011fl\u0131 Makula Dejenerasyonu&#8221; hastal\u0131\u011f\u0131nda beslenme, uzmanlar taraf\u0131ndan, en \u00f6nemli ve &#8220;de\u011fi\u015ftirilebilir&#8221; tek risk fakt\u00f6r\u00fc olarak nitelendiriliyor.<\/p>\n<p style=\"text-align: justify;\">Beyo\u011flu E\u011fitim ve Ara\u015ft\u0131rma Hastanesi&#8217;nden Do\u00e7. Dr. Ziya Kapran, h\u0131zl\u0131 geli\u015fen ve di\u011fer g\u00f6zde de olu\u015fma ihtimali bulunan makula dejenerasyonunun ilerlemesini durdurulabilece\u011fini s\u00f6yledi. <!--more--><\/p>\n<p style=\"text-align: justify;\">Somon, morina ve ton bal\u0131\u011f\u0131 gibi deniz \u00fcr\u00fcnlerinde bulunan Omega 3 ve \u0131spanak, brokoli, ye\u015fil sebze ve sar\u0131 renkli meyvelerde bulunan Luteinin al\u0131nmas\u0131n\u0131n hastal\u0131\u011f\u0131n ilerlemesini y\u00fczde 30 oran\u0131nda azaltaca\u011f\u0131n\u0131 kaydeden Do\u00e7. Dr. Kapran, &#8220;Bunun yan\u0131 s\u0131ra g\u00fcnl\u00fck olarak yeterli miktarda antioksidan i\u00e7eren sebze, meyve, tah\u0131l ve baklagiller ile t\u00fcketmek de \u00e7ok yararl\u0131d\u0131r&#8221; diye konu\u015ftu.<\/p>\n<p style=\"text-align: justify;\"><strong>K\u00f6r edebilir<br \/>\n<\/strong><br \/>\nMakulan\u0131n, g\u00f6z\u00fcn makula ismi verilen ve keskin g\u00f6rmeden sorumlu b\u00f6l\u00fcm\u00fcn\u00fcn hasarlanmas\u0131 sonucu ortaya \u00e7\u0131kan bir g\u00f6z hastal\u0131\u011f\u0131 oldu\u011funu hat\u0131rlatan Kapran, hastal\u0131\u011f\u0131n genelde 50 ya\u015f ve \u00fczerinde g\u00f6r\u00fcld\u00fc\u011f\u00fcn\u00fc kaydetti. Baz\u0131 hastalarda \u015fikayetler ba\u015flad\u0131ktan hemen sonra h\u0131zl\u0131 bir g\u00f6rme kayb\u0131 meydana gelebilece\u011fini ifade eden Kapran, &#8220;G\u00f6rme kayb\u0131 ya\u015fayan hastalar\u0131n g\u00f6rememe oran\u0131 y\u00fczde 100&#8217;e yakla\u015f\u0131r. Bu hastal\u0131kta erken te\u015fhis \u00e7ok \u00f6nemlidir&#8221; dedi.<\/p>\n","protected":false},"excerpt":{"rendered":"<p style=\"text-align: center;\">\n<p> Ya\u015fa Ba\u011fl\u0131 Makula Dejenerasyonu hastal\u0131\u011f\u0131nda beslenme, uzmanlar taraf\u0131ndan, en \u00f6nemli risk fakt\u00f6r\u00fc olarak nitelendiriliyor. <\/p>\n<p style=\"text-align: justify;\">Halk dilinde &#8220;Sar\u0131 Nokta&#8221; olarak da bilinen g\u00f6rme yitisinin azalmas\u0131na neden olan &#8220;Ya\u015fa Ba\u011fl\u0131 Makula Dejenerasyonu&#8221; hastal\u0131\u011f\u0131nda beslenme, uzmanlar taraf\u0131ndan, en \u00f6nemli ve &#8220;de\u011fi\u015ftirilebilir&#8221; tek risk fakt\u00f6r\u00fc olarak nitelendiriliyor.<\/p>\n<p style=\"text-align: justify;\">Beyo\u011flu E\u011fitim ve Ara\u015ft\u0131rma Hastanesi&#8217;nden <\/p>\n","protected":false},"author":1,"featured_media":0,"comment_status":"open","ping_status":"closed","sticky":false,"template":"","format":"standard","meta":{"footnotes":""},"categories":[5],"tags":[],"class_list":["post-10075","post","type-post","status-publish","format-standard","hentry","category-saglik","odd"],"_links":{"self":[{"href":"http:\/\/www.korhanyilmaz.com\/index.php?rest_route=\/wp\/v2\/posts\/10075","targetHints":{"allow":["GET"]}}],"collection":[{"href":"http:\/\/www.korhanyilmaz.com\/index.php?rest_route=\/wp\/v2\/posts"}],"about":[{"href":"http:\/\/www.korhanyilmaz.com\/index.php?rest_route=\/wp\/v2\/types\/post"}],"author":[{"embeddable":true,"href":"http:\/\/www.korhanyilmaz.com\/index.php?rest_route=\/wp\/v2\/users\/1"}],"replies":[{"embeddable":true,"href":"http:\/\/www.korhanyilmaz.com\/index.php?rest_route=%2Fwp%2Fv2%2Fcomments&post=10075"}],"version-history":[{"count":0,"href":"http:\/\/www.korhanyilmaz.com\/index.php?rest_route=\/wp\/v2\/posts\/10075\/revisions"}],"wp:attachment":[{"href":"http:\/\/www.korhanyilmaz.com\/index.php?rest_route=%2Fwp%2Fv2%2Fmedia&parent=10075"}],"wp:term":[{"taxonomy":"category","embeddable":true,"href":"http:\/\/www.korhanyilmaz.com\/index.php?rest_route=%2Fwp%2Fv2%2Fcategories&post=10075"},{"taxonomy":"post_tag","embeddable":true,"href":"http:\/\/www.korhanyilmaz.com\/index.php?rest_route=%2Fwp%2Fv2%2Ftags&post=10075"}],"curies":[{"name":"wp","href":"https:\/\/api.w.org\/{rel}","templated":true}]}}