{"id":10066,"date":"2009-06-13T09:11:30","date_gmt":"2009-06-13T06:11:30","guid":{"rendered":"http:\/\/www.korhanyilmaz.com\/?p=10066"},"modified":"2009-06-13T09:11:30","modified_gmt":"2009-06-13T06:11:30","slug":"tsk-masum-irticacilar-suclu","status":"publish","type":"post","link":"http:\/\/www.korhanyilmaz.com\/?p=10066","title":{"rendered":"&#039;TSK masum, irticac\u0131lar su\u00e7lu&#039;"},"content":{"rendered":"<p style=\"text-align: center;\"><img loading=\"lazy\" decoding=\"async\" class=\"aligncenter size-full wp-image-10067\" src=\"http:\/\/www.korhanyilmaz.com\/wp-content\/uploads\/2009\/06\/71719_manset.jpg\" alt=\"\" width=\"329\" height=\"189\" \/><\/p>\n<div id=\"ctl00_ortayer_haberOzet\" style=\"text-align: justify;\">Silahl\u0131 ter\u00f6r \u00f6rg\u00fct\u00fc komplosu: I\u015f\u0131k Evleri&#8217;nde silah ve m\u00fchimmat bulunmas\u0131 sa\u011flanarak G\u00fclen cemaati &#8216;silahl\u0131 ter\u00f6r \u00f6rg\u00fct\u00fc&#8217; il\u00e2n edilecek.<\/div>\n<p style=\"text-align: justify;\"><strong>T\u00fcrkiye d\u00fcn Ergenekon san\u0131\u011f\u0131 Serdar \u00d6zt\u00fcrk\u2019\u00fcn b\u00fcrosundan \u00e7\u0131kan \u201cGizli\u201d damgal\u0131 bir belge ile sars\u0131ld\u0131. <\/strong><\/p>\n<p style=\"text-align: justify;\"><strong> AK Parti h\u00fck\u00fcmetini devirmek ve Ergenekon yap\u0131lanmas\u0131n\u0131 temize \u00e7\u0131karmak \u00fczere yap\u0131lacak faaliyetlerin tek tek ele al\u0131nd\u0131\u011f\u0131 Nisan 2009 tarihli belge, \u00fclkenin ikinci bir 28 \u015eubat s\u00fcrecine sokulmak istendi\u011fini a\u00e7\u0131k\u00e7a ortaya koyuyor&#8230;<\/strong><\/p>\n<p style=\"text-align: justify;\">Silahl\u0131 ter\u00f6r \u00f6rg\u00fct\u00fc komplosu: I\u015f\u0131k Evleri&#8217;nde silah ve m\u00fchimmat bulunmas\u0131 sa\u011flanarak G\u00fclen cemaati &#8216;silahl\u0131 ter\u00f6r \u00f6rg\u00fct\u00fc&#8217; il\u00e2n edilecek.<\/p>\n<p style=\"text-align: justify;\">Ordu, &#8220;G\u00fclen cemaatinin, I\u015f\u0131k Evleri bask\u0131nlar\u0131nda bulunmas\u0131 sa\u011flanacak silah ve m\u00fchimmat sayesinde, Fethullah\u00e7\u0131 Silahl\u0131 Ter\u00f6r \u00d6rg\u00fct\u00fc olarak yarg\u0131lanmas\u0131n\u0131&#8221; hedefliyor. Planda, G\u00fclen cemaatinin PKK ile i\u015fbirli\u011fi yapt\u0131\u011f\u0131; CIA, MOSSAD gibi kurulu\u015flarla ili\u015fkide oldu\u011fu ve Ergenekon Davas\u0131&#8217;n\u0131 y\u00f6netti\u011fi izlenimini yaratma ama\u00e7l\u0131 eylemler var&#8230;<!--more--><\/p>\n<p style=\"text-align: justify;\"><strong>Ev bask\u0131nlar\u0131 askeri su\u00e7 kapsam\u0131nda yap\u0131lmal\u0131&#8230;<\/strong><\/p>\n<p style=\"text-align: justify;\">Plana g\u00f6re, faaliyetlerin birbiriyle senkronize \u015fekilde \u00fc\u00e7 b\u00f6l\u00fcm halinde hayata ge\u00e7irilmesi isteniyor. &#8220;Planlama ve Genel Faaliyetler&#8221; b\u00f6l\u00fcm\u00fcnde yap\u0131lmas\u0131 istenenler \u015f\u00f6yle s\u0131ralan\u0131yor: n \u0130cra edilen propagandalarda dine kar\u015f\u0131 olunmad\u0131\u011f\u0131 temas\u0131 i\u015flenecektir.<\/p>\n<p style=\"text-align: justify;\">Eylemler Ergenekon davas\u0131n\u0131n g\u00fcndemi de\u011fi\u015ftiriliyor havas\u0131 olu\u015fmadan planlanacak, dinci medyan\u0131n bu konuyu i\u015flemesine imk\u00e2n tan\u0131nmayacakt\u0131r.<\/p>\n<p style=\"text-align: justify;\">&#8220;Fethullah G\u00fclen (FG)&#8217;ciler gemi az\u0131ya ald\u0131lar, do\u011frudan TSK&#8217;ya sald\u0131r\u0131yorlar&#8221; temas\u0131 i\u015flenecek, bu kapsamda muhafazak\u00e2r vatanda\u015flar\u0131n bile &#8220;Pes do\u011frusu biz de Elhamdulillah M\u00fcsl\u00fcman\u0131z ama FG&#8217;ciler resmen TSK&#8217;ya sald\u0131rmak i\u00e7in provokasyon yap\u0131yorlar&#8221; dedirtecek \u00e7al\u0131\u015fmalar yap\u0131lacakt\u0131r.<\/p>\n<p style=\"text-align: justify;\">Sak\u0131ncal\u0131\/\u015f\u00fcpheli kategorisindeki irticac\u0131 subay ve astsubaylar\u0131n irticai propaganda yapt\u0131klar\u0131na dair ihbar \u00e7al\u0131\u015fmalar\u0131 yap\u0131lacak, m\u00fcteakiben bu ki\u015filerin ahlaki y\u00f6nden olumsuzluklar\u0131 ile ilgili haberler yapt\u0131r\u0131lacakt\u0131r.<\/p>\n<p style=\"text-align: justify;\">\u0130rticac\u0131 TSK personeline yap\u0131lan operasyon kapsam\u0131nda tespit edilememi\u015f di\u011fer irticai TSK personeline y\u00f6nelik korkutucu propaganda geli\u015ftirilerek, bu ki\u015filerin hata yaparak tespit edilmeleri veya kendili\u011finden \u00e7\u00f6z\u00fclmeleri sa\u011flanacakt\u0131r.<\/p>\n<p style=\"text-align: justify;\">Askeri su\u00e7 kapsam\u0131nda yap\u0131lacak I\u015f\u0131k Evleri bask\u0131nlar\u0131nda, silahl\u0131 ter\u00f6r \u00f6rg\u00fct\u00fc olu\u015fturmak do\u011frultusunda; silah, m\u00fchimmat, plan vb. materyal bulunmas\u0131 sa\u011flanarak, FG grubu &#8220;Silahl\u0131 Ter\u00f6r \u00d6rg\u00fct\u00fc&#8221; &#8220;Fethullah\u00e7\u0131 Silahl\u0131 Ter\u00f6r \u00d6rg\u00fct\u00fc&#8221;, (FST\u00d6) kapsam\u0131na ald\u0131r\u0131lacak ve soru\u015fturmalar asker&#8221; yarg\u0131 kapsam\u0131nda y\u00fcr\u00fct\u00fclecektir. n Il\u0131ml\u0131 \u0130slam konusu \u00f6zellikle vurgulanacak, FG&#8217;cilerin ABD g\u00fcd\u00fcm\u00fcnde hareket ettikleri ve \u0130slam&#8217;\u0131n orijinalini bozmak istedikleri hususu yo\u011fun olarak dile getirilecektir.<\/p>\n<p style=\"text-align: justify;\"><strong>TSK &#8216;masum&#8217; irticac\u0131lar &#8216;su\u00e7lu&#8217;<br \/>\n <\/strong><br \/>\n &#8220;Medya Faaliyetleri&#8221; b\u00f6l\u00fcm\u00fcnde ise Ergenekon operasyonuna at\u0131f yap\u0131larak, TSK mensuplar\u0131n\u0131n &#8220;masum&#8221; oldu\u011fu y\u00f6n\u00fcnde haberler yapt\u0131r\u0131lmas\u0131 isteniyor:<\/p>\n<p style=\"text-align: justify;\">\u0130skender Evreneso\u011flu, \u00d6mer \u00d6ng\u00fct gibi haz\u0131rda bekletti\u011fimiz elemanlara medyatik eylemler ve s\u00f6ylemler yapt\u0131r\u0131lacak ve bu ki\u015filer FG&#8217;ciler ba\u015fta olmak \u00fczere di\u011fer irticai gruplarla \u00f6zde\u015fle\u015ftirilerek, kamuoyunun t\u00fcm bu gruplar aras\u0131nda benzerlik kurmas\u0131 sa\u011flanacakt\u0131r.<\/p>\n<p style=\"text-align: justify;\">Yakalanan veya \u00e7\u00f6z\u00fclen TSK personelinin bizim belirledi\u011fimiz temalar do\u011frultusunda beyanda bulunmalar\u0131 ve bu a\u00e7\u0131klamalar\u0131n bas\u0131nda geni\u015f yer bulmas\u0131 sa\u011flanacakt\u0131r.<\/p>\n<p style=\"text-align: justify;\">Ergenekon kapsam\u0131nda tutuklanan TSK personelinin masum oldu\u011fu, irticayla etkin \u015fekilde m\u00fccadele ettikleri i\u00e7in \u00fczerlerine iftira at\u0131ld\u0131\u011f\u0131 \u015feklinde haberler yapt\u0131r\u0131lacakt\u0131r.<\/p>\n<p style=\"text-align: justify;\">Nurettin Veren gibi isimlerin TV programlar\u0131nda FG grubu hakk\u0131nda bizim istedi\u011fimiz temalar do\u011frultusunda a\u00e7\u0131klamalar yapmalar\u0131 sa\u011flanacakt\u0131r.<\/p>\n<p style=\"text-align: justify;\">PKK ter\u00f6r \u00f6rg\u00fct\u00fcn\u00fcn Do\u011fu ve G\u00fcneydo\u011fu Anadolu b\u00f6lgeleri ile Irak&#8217;\u0131n kuzeyinde bulunan FG&#8217;cilere ait okul, dershane ve yurtlara eylem yapm\u0131yor olmas\u0131n\u0131n iki \u00f6rg\u00fct aras\u0131nda ba\u011f oldu\u011fu ve anla\u015ft\u0131klar\u0131n\u0131n a\u00e7\u0131k bir g\u00f6stergesi oldu\u011fu y\u00f6n\u00fcnde haberler yapt\u0131r\u0131lacakt\u0131r.<\/p>\n<p style=\"text-align: justify;\">Kurdo\u011flu cemaati vb. di\u011fer cemaatlere mensup TSK personelinin TSK ile ili\u015fkileri kesilirken FG grubuna mensup olduklar\u0131 i\u00e7in at\u0131ld\u0131klar\u0131 \u015feklinde haberler yapt\u0131r\u0131larak, kamuoyunda FG grubunun b\u00fcy\u00fck yara ald\u0131\u011f\u0131n\u0131n d\u00fc\u015f\u00fcn\u00fclmesi sa\u011flanacakt\u0131r.<\/p>\n<p style=\"text-align: justify;\"><a href=\"http:\/\/www.bugun.com.tr\/haber-detay\/71719-tsk-masum-irticacilar-suclu-haberi.aspx\" target=\"_blank\"><span style=\"color: #888888;\">Kaynak: Bug\u00fcn<\/span><\/a><\/p>\n","protected":false},"excerpt":{"rendered":"<p style=\"text-align: center;\">\n<p> Silahl\u0131 ter\u00f6r \u00f6rg\u00fct\u00fc komplosu: I\u015f\u0131k Evleri&#8217;nde silah ve m\u00fchimmat bulunmas\u0131 sa\u011flanarak G\u00fclen cemaati &#8216;silahl\u0131 ter\u00f6r \u00f6rg\u00fct\u00fc&#8217; il\u00e2n edilecek. <\/p>\n<p style=\"text-align: justify;\">T\u00fcrkiye d\u00fcn Ergenekon san\u0131\u011f\u0131 Serdar \u00d6zt\u00fcrk\u2019\u00fcn b\u00fcrosundan \u00e7\u0131kan \u201cGizli\u201d damgal\u0131 bir belge ile sars\u0131ld\u0131. <\/p>\n<p style=\"text-align: justify;\"> AK Parti h\u00fck\u00fcmetini devirmek ve Ergenekon yap\u0131lanmas\u0131n\u0131 temize \u00e7\u0131karmak \u00fczere yap\u0131lacak faaliyetlerin tek tek <\/p>\n","protected":false},"author":1,"featured_media":0,"comment_status":"open","ping_status":"closed","sticky":false,"template":"","format":"standard","meta":{"footnotes":""},"categories":[105],"tags":[],"class_list":["post-10066","post","type-post","status-publish","format-standard","hentry","category-gundem","odd"],"_links":{"self":[{"href":"http:\/\/www.korhanyilmaz.com\/index.php?rest_route=\/wp\/v2\/posts\/10066","targetHints":{"allow":["GET"]}}],"collection":[{"href":"http:\/\/www.korhanyilmaz.com\/index.php?rest_route=\/wp\/v2\/posts"}],"about":[{"href":"http:\/\/www.korhanyilmaz.com\/index.php?rest_route=\/wp\/v2\/types\/post"}],"author":[{"embeddable":true,"href":"http:\/\/www.korhanyilmaz.com\/index.php?rest_route=\/wp\/v2\/users\/1"}],"replies":[{"embeddable":true,"href":"http:\/\/www.korhanyilmaz.com\/index.php?rest_route=%2Fwp%2Fv2%2Fcomments&post=10066"}],"version-history":[{"count":0,"href":"http:\/\/www.korhanyilmaz.com\/index.php?rest_route=\/wp\/v2\/posts\/10066\/revisions"}],"wp:attachment":[{"href":"http:\/\/www.korhanyilmaz.com\/index.php?rest_route=%2Fwp%2Fv2%2Fmedia&parent=10066"}],"wp:term":[{"taxonomy":"category","embeddable":true,"href":"http:\/\/www.korhanyilmaz.com\/index.php?rest_route=%2Fwp%2Fv2%2Fcategories&post=10066"},{"taxonomy":"post_tag","embeddable":true,"href":"http:\/\/www.korhanyilmaz.com\/index.php?rest_route=%2Fwp%2Fv2%2Ftags&post=10066"}],"curies":[{"name":"wp","href":"https:\/\/api.w.org\/{rel}","templated":true}]}}