{"id":10060,"date":"2009-06-13T09:22:24","date_gmt":"2009-06-13T06:22:24","guid":{"rendered":"http:\/\/www.korhanyilmaz.com\/?p=10060"},"modified":"2009-06-13T09:22:24","modified_gmt":"2009-06-13T06:22:24","slug":"iste-ikinci-28-subat-sureci-belgesi","status":"publish","type":"post","link":"http:\/\/www.korhanyilmaz.com\/?p=10060","title":{"rendered":"\u0130\u015fte ikinci 28 \u015eubat s\u00fcreci belgesi"},"content":{"rendered":"<p style=\"text-align: center;\"><img loading=\"lazy\" decoding=\"async\" class=\"aligncenter size-full wp-image-10061\" src=\"http:\/\/www.korhanyilmaz.com\/wp-content\/uploads\/2009\/06\/71720_manset.jpg\" alt=\"\" width=\"329\" height=\"189\" \/><\/p>\n<div id=\"ctl00_ortayer_haberOzet\" style=\"text-align: justify;\"><strong>T\u00fcrkiye d\u00fcn Ergenekon san\u0131\u011f\u0131 Serdar \u00d6zt\u00fcrk\u2019\u00fcn b\u00fcrosundan \u00e7\u0131kan \u201cGizli\u201d damgal\u0131 bir belge ile sars\u0131ld\u0131.<\/strong><\/div>\n<p style=\"text-align: justify;\">AK Parti h\u00fck\u00fcmetini devirmek ve Ergenekon yap\u0131lanmas\u0131n\u0131 temize \u00e7\u0131karmak \u00fczere yap\u0131lacak faaliyetlerin tek tek ele al\u0131nd\u0131\u011f\u0131 Nisan 2009 tarihli belge, \u00fclkenin ikinci bir 28 \u015eubat s\u00fcrecine sokulmak istendi\u011fini a\u00e7\u0131k\u00e7a ortaya koyuyor. Plan\u0131n ayr\u0131nt\u0131lar\u0131 korkun\u00e7&#8230;<\/p>\n<p style=\"text-align: justify;\">Taraf gazetesinde d\u00fcn yay\u0131nlanan bir belge Genelkurmay Ba\u015fkanl\u0131\u011f\u0131&#8217;n\u0131n, &#8220;irtica ile m\u00fccadele&#8221; ad\u0131 alt\u0131nda yeni bir eylem plan\u0131 haz\u0131rlad\u0131\u011f\u0131n\u0131 ortaya koydu. Nisan 2009&#8217;da Deniz Piyade Kurmay K\u0131demli Albay Dursun \u00c7i\u00e7ek taraf\u0131ndan haz\u0131rlanan planda, Ergenekon soru\u015fturmas\u0131ndan duyulan rahats\u0131zl\u0131k a\u00e7\u0131k bir \u015fekilde dile getiriliyor. <!--more--><\/p>\n<p style=\"text-align: justify;\">&#8220;Ergenekon davas\u0131n\u0131n g\u00fcndemi de\u011fi\u015ftiriliyor\u201d havas\u0131 olu\u015fmadan eylemler yap\u0131lmas\u0131 isteniyor, Ergenekon kapsam\u0131nda tutuklanan muvazzaf ve emekli askerlerin irtica ile m\u00fccadele ettikleri i\u00e7in cezaevine konduklar\u0131 y\u00f6n\u00fcnde haberlerin \u00f6n plana \u00e7\u0131kar\u0131lmas\u0131 hedefleniyor.<\/p>\n<p style=\"text-align: justify;\">Plan\u0131n yaz\u0131ld\u0131\u011f\u0131 Genelkurmay Harekat Ba\u015fkanl\u0131\u011f\u0131 3. Bilgi Destek \u015eube M\u00fcd\u00fcrl\u00fc\u011f\u00fc, Psikolojik Harp Dairesi&#8217;nin yeni ad\u0131. Genelkurmay ad\u0131na yap\u0131lan planlamalar art\u0131k buradan y\u00fcr\u00fct\u00fcl\u00fcyor. Ergenekon soru\u015fturmas\u0131nda tutuklanan eski asker avukat Serdar \u00d6zt\u00fcrk&#8217;\u00fcn b\u00fcrosunda ele ge\u00e7irilen plan tutanaklara ge\u00e7ti ve Ergenekon \u00fc\u00e7\u00fcnc\u00fc iddianamesine girmesi bekleniyor. \u00d6zt\u00fcrk, ayn\u0131 zamanda Ergenekon tutuklusu emekli Albay Levent G\u00f6kta\u015f&#8217;\u0131n avukatl\u0131\u011f\u0131n\u0131 yap\u0131yordu.<\/p>\n<p style=\"text-align: justify;\">4 sayfadan olu\u015fan &#8220;\u0130rticayla M\u00fccadele Eylem Plan\u0131\u201dnda Ergenekon soru\u015fturmas\u0131 ele\u015ftiriliyor. Plan\u0131 haz\u0131rlayan Albay Dursun \u00c7i\u00e7ek tan\u0131d\u0131k bir isim. \u00c7i\u00e7ek, daha \u00f6nce yine Taraf&#8217;ta yay\u0131nlanan sivil toplum \u00f6rg\u00fctlerinin fi\u015flendi\u011fi raporlarla g\u00fcndeme gelmi\u015fti.<\/p>\n<p style=\"text-align: justify;\"><strong>Askeri Savc\u0131l\u0131k harekete ge\u00e7ti <\/strong><\/p>\n<p style=\"text-align: justify;\">Bu arada Genelkurmay \u0130leti\u015fim Daire Ba\u015fkan\u0131 Tu\u011fgeneral Metin G\u00fcrak, \u201c\u0130rticayla M\u00fccadele Eylem Plan\u0131\u201d haberiyle ilgili bir soruya ili\u015fkin &#8220;Konunun t\u00fcm y\u00f6nleriyle incelenmesi maksad\u0131yla Genelkurmay Ba\u015fkanl\u0131\u011f\u0131 Askeri Savc\u0131l\u0131\u011f\u0131\u2019na derhal bir soru\u015fturma emri verilmi\u015ftir&#8221; dedi. G\u00fcrak, &#8220;Soru\u015fturma belgenin varl\u0131\u011f\u0131n\u0131 ara\u015ft\u0131rmak \u00fczere mi yoksa nas\u0131l s\u0131zd\u0131r\u0131ld\u0131\u011f\u0131n\u0131 soru\u015fturmak \u00fczere mi yap\u0131lacak?&#8221; sorusuna &#8220;T\u00fcm y\u00f6nleriyle ara\u015ft\u0131r\u0131lacak&#8221; yan\u0131t\u0131n\u0131 verdi.<\/p>\n<p style=\"text-align: justify;\"><strong>1-Medya \u2018D\u00fc\u015fman Unsur\u2019 aras\u0131nda<\/strong><\/p>\n<p style=\"text-align: justify;\">Plan\u0131n &#8220;D\u00fc\u015fman Unsurlar&#8221; b\u00f6l\u00fcm\u00fcnde ise TSK&#8217;n\u0131n y\u0131prat\u0131lmak istendi\u011fi ileri s\u00fcr\u00fcl\u00fcyor. Bunun gerekleri ise \u015f\u00f6yle s\u0131ralan\u0131yor:<\/p>\n<p style=\"text-align: justify;\">Atat\u00fcrk \u0130lke ve \u0130nk\u0131laplar\u0131&#8217;n\u0131 ortadan kald\u0131rarak, laik, demokratik, sosyal hukuk devletini y\u0131kmak ve yerine din&#8221; esaslara dayal\u0131 bir rejim kurma hedeflerini engelleyecek tek kurum olarak TSK&#8217;y\u0131 g\u00f6rmekte.<\/p>\n<p style=\"text-align: justify;\">Elde ettikleri TSK&#8217;y\u0131 y\u0131prat\u0131c\u0131 bilgi ve belgeleri kendilerine m\u00fczahir medya organlar\u0131 kanal\u0131yla yay\u0131nlamakta.<\/p>\n<p style=\"text-align: justify;\">Halk\u0131n yo\u011fun ilgi g\u00f6sterdi\u011fi birlik ve beraberlik mitinglerini Ergenekon taraf\u0131ndan maksatl\u0131 olarak planlanm\u0131\u015f gibi g\u00f6stermekte.<\/p>\n<p style=\"text-align: justify;\">TSK&#8217;n\u0131n Ergenekon \u00e7at\u0131s\u0131 alt\u0131nda, ba\u015fta PKK ter\u00f6r \u00f6rg\u00fct\u00fc olmak \u00fczere \u00e7e\u015fitli ter\u00f6r \u00f6rg\u00fctleriyle i\u015fbirli\u011fi yapt\u0131\u011f\u0131n\u0131 iddia etmekte.<\/p>\n<p style=\"text-align: justify;\">\u00dcst d\u00fczey komutanlar hakk\u0131nda Yahudi, Ermeni, Sabetayc\u0131 vb. olduklar\u0131 \u015feklinde as\u0131ls\u0131z haberler yap\u0131lmakta.<\/p>\n<p style=\"text-align: justify;\">Kamuoyunu me\u015fgul etmek ve bilgi kirlili\u011fi yaratmak \u00fczere TSK personeline ait olduklar\u0131n\u0131 iddia ettikleri ses ve g\u00f6r\u00fcnt\u00fc kay\u0131tlar\u0131n\u0131 yay\u0131nlamaktad\u0131rlar.<\/p>\n<p style=\"text-align: justify;\"><strong>2-\u2018Dost Unsurlar&#8217; kullanal\u0131m<\/strong><\/p>\n<p style=\"text-align: justify;\">Albay \u00c7i\u00e7ek&#8217;in haz\u0131rlad\u0131\u011f\u0131 planda, irticaya kar\u015f\u0131 kullan\u0131lacak &#8220;Dost Unsurlar\u201da da yer veriliyor. \u0130\u015fte o &#8216;dostlar&#8217;:<\/p>\n<p style=\"text-align: justify;\">Bas\u0131n ve yay\u0131n organlar\u0131 kanal\u0131yla irticai gruplar\u0131n i\u00e7 y\u00fcz\u00fcn\u00fc g\u00f6steren propaganda \u00e7al\u0131\u015fmalar\u0131 planl\u0131 bir \u015fekilde y\u00fcr\u00fct\u00fclmekte. n TSK personeli ve ailelerine y\u00f6nelik bilgilendirme faaliyetleri icra edilmekte.<\/p>\n<p style=\"text-align: justify;\">TSK i\u00e7erisine s\u0131z\u0131d\u0131r\u0131ld\u0131\u011f\u0131 de\u011ferlendirilen personel ve aileleri ile bunlar\u0131n irtibatta olabilecekleri ki\u015filer takip ve kontrol alt\u0131na al\u0131nmakta.<\/p>\n<p style=\"text-align: justify;\">Bilgisayar ve dok\u00fcman g\u00fcvenli\u011fi konusunda tedbirler art\u0131r\u0131lmaktad\u0131r.<\/p>\n<p style=\"text-align: justify;\"><strong>3-&#8216;Vazife&#8217; \u00e7\u0131kard\u0131k &#8216;icra&#8217;ya ge\u00e7elim<\/strong><\/p>\n<p style=\"text-align: justify;\">B\u00fct\u00fcn bunlardan &#8220;vazife&#8221; \u00e7\u0131kar\u0131lmas\u0131 gerekti\u011fi belirtilen planda bu g\u00f6rev &#8220;\u0130rticai olu\u015fumlar\u0131n i\u00e7 y\u00fcz\u00fcn\u00fc g\u00f6stererek bu konudaki teredd\u00fctlere son vermek ve s\u00f6z konusu \u00f6rg\u00fctlere olan kamuoyu deste\u011fini ortadan kald\u0131rmak. Ergenekon kapsam\u0131nda yap\u0131lan y\u0131prat\u0131c\u0131 kampanyalar\u0131n etkisini azaltmak, TSK&#8217;ya y\u00f6nelik olarak yap\u0131lan olumsuz propagandalara son vermektir&#8221; olarak tan\u0131mlan\u0131yor. Ard\u0131ndan ise plan\u0131n &#8220;\u0130cra&#8221; b\u00f6l\u00fcm\u00fc geliyor ve \u015fu ifadeler kullan\u0131l\u0131yor:<\/p>\n<p style=\"text-align: justify;\">Laik ve demokratik d\u00fczeni y\u0131karak, \u015feriata dayal\u0131 bir \u0130slam devleti kurma hayalinde bulunan AKP H\u00fck\u00fcmeti ve ona destek veren \u00e7e\u015fitli gruplar ile Fethullah G\u00fclen grubu ba\u015fta olmak \u00fczere radikal dini olu\u015fumlar hakk\u0131ndaki ger\u00e7ekleri g\u00fcn y\u00fcz\u00fcne \u00e7\u0131karmak, kamuoyunun deste\u011fini k\u0131rmak ve faaliyetlerine son vermek \u00fczere bilgi destek faaliyetleri icra edilecektir.<\/p>\n<p style=\"text-align: justify;\"><strong>4-KARA PROPAGANDA YAPALIM<\/strong><\/p>\n<p style=\"text-align: justify;\">Plan\u0131n son b\u00f6l\u00fcm\u00fcnde ise &#8220;Kara Propaganda Faaliyetleri\u201dne yer veriliyor. \u0130\u015fte o b\u00f6l\u00fcm:<\/p>\n<p style=\"text-align: justify;\">\u00c7e\u015fitli bilgi ve belgelerle ilgili ortaya yem at\u0131larak yakalanan personel hangi gruba ait olursa olsun FG&#8217;ci olduklar\u0131 \u015feklinde ifade vermeleri sa\u011flanacak ve bahse konu personelin ad\u0131 bas\u0131nda duyulduktan sonra ahlaki a\u00e7\u0131dan olumsuzluklar\u0131 ile ilgili haberler yapt\u0131r\u0131lacakt\u0131r.<\/p>\n<p style=\"text-align: justify;\">Yukar\u0131da a\u00e7\u0131klanan \u015fekildeki personelin, s\u0131radan dahi olsa arkada\u015f \u00e7evresindeki en olumsuz ki\u015fi onlar\u0131n en yak\u0131n arkada\u015f\u0131 gibi g\u00f6sterilerek, FG&#8217;cilerin i\u00e7 y\u00fcz\u00fcym\u00fc\u015f gibi d\u00fc\u015f\u00fcn\u00fclmesi sa\u011flanacakt\u0131r.<\/p>\n<p style=\"text-align: justify;\"><strong>Alevi d\u00fc\u015fmanl\u0131\u011f\u0131 k\u00f6r\u00fcklenecek <\/strong><\/p>\n<p style=\"text-align: justify;\">\u0130hbara dayal\u0131 ev bask\u0131nlar\u0131 yapt\u0131r\u0131larak, buralarda silah ve m\u00fchimmat\u0131n yan\u0131 s\u0131ra FG&#8217;ciler ile irtibat kurulmas\u0131 istenen olu\u015fumlara (Yahudilik, CIA, MOSSAD, Moon Tarikat\u0131, Humeyni vb.) ait objelerin ayn\u0131 ortamda bulunmas\u0131 sa\u011flanacakt\u0131r.<\/p>\n<p style=\"text-align: justify;\">Ev bask\u0131nlar\u0131 kapsam\u0131nda Alevi d\u00fc\u015fmanl\u0131\u011f\u0131n\u0131 k\u00f6r\u00fckleyici bilgi ve belgelerin bu evlerde bulunmas\u0131 sa\u011flanacakt\u0131r.<\/p>\n<p style=\"text-align: justify;\"><strong>5-CANLI YAYINDA TAHR\u0130K EDEL\u0130M<\/strong><\/p>\n<p style=\"text-align: justify;\">\u0130zleyici veya dinleyici kitlesi fazla olan radyo, televizyon programlar\u0131na farkl\u0131 bir kimlikle, canl\u0131 yay\u0131n esnas\u0131nda, telefonla ba\u011flan\u0131larak; FG&#8217;ci maskesi alt\u0131nda konu\u015fmalar yap\u0131larak tahrik olmu\u015f bir FG&#8217;ci gibi, &#8220;Evet karde\u015fim, bizimle u\u011fra\u015fan herkes Ergenekoncudur. Onlarla u\u011fra\u015fmak bizim boynumuzun borcudur. Bizimle u\u011fra\u015fmaya kimsenin g\u00fcc\u00fc yetmez&#8221; \u015feklinde a\u00e7\u0131klamalar yapmas\u0131 sa\u011flanacakt\u0131r.<\/p>\n<p style=\"text-align: justify;\"><strong>6-AK PART\u0130 \u0130\u00c7\u0130NDEK\u0130 AJANLARI HAREKETE GE\u00c7\u0130REL\u0130M<\/strong><\/p>\n<p style=\"text-align: justify;\">Plan\u0131n son b\u00f6l\u00fcm\u00fc AKP&#8217;nin par\u00e7alanmas\u0131na d\u00f6n\u00fck \u015fu \u00e7arp\u0131c\u0131 c\u00fcmle ile bitiyor:<\/p>\n<p style=\"text-align: justify;\">AKP mensubu kilit haberle\u015fmecilere kamuoyuna \u00e7eli\u015fkili a\u00e7\u0131klamalar yapt\u0131r\u0131larak, AKP i\u00e7erisinde ciddi anlamda anla\u015fmazl\u0131k ve b\u00f6l\u00fcnmeler ya\u015fan\u0131yormu\u015f \u015feklinde alg\u0131lanmas\u0131 sa\u011flanacakt\u0131r.<\/p>\n<p style=\"text-align: justify;\">AKP mensuplar\u0131n\u0131n, \u00fclkemizde ekonomik krizin etkisinin ciddi olarak hissedildi\u011fi bir d\u00f6nemde, l\u00fcks ya\u015famlar\u0131ndan taviz vermedikleri y\u00f6n\u00fcnde haberler yapt\u0131r\u0131larak, bu durumun hem &#8220;\u0130slam anlay\u0131\u015f\u0131yla \u00e7eli\u015fti\u011fi&#8221; hem de uygulamaya \u00e7al\u0131\u015ft\u0131klar\u0131 &#8220;Halk Adam\u0131&#8221; yakla\u015f\u0131mlar\u0131n\u0131n ger\u00e7e\u011fi yans\u0131tmad\u0131\u011f\u0131 konusunda kamuoyu bilgilendirilecektir.<\/p>\n<p style=\"text-align: justify;\"><strong>Milli E\u011fitim Bakan\u0131 Y\u0131prat\u0131lacak<\/strong><\/p>\n<p style=\"text-align: justify;\">Milli E\u011fitim Bakanl\u0131\u011f\u0131&#8217;na ba\u011fl\u0131 okul \u00f6\u011frencilerine ait ibadet, g\u00f6r\u00fcnt\u00fc ve haberlerinin medyada yo\u011fun olarak yer almas\u0131 sa\u011flanarak, Milli E\u011fitim Bakan\u0131 kamuoyu nezdinde y\u0131prat\u0131lacakt\u0131r.<\/p>\n<p style=\"text-align: justify;\"><strong>7-M\u0130LL\u0130YET\u00c7\u0130 PART\u0130LER\u0130N TABANI GEN\u0130\u015eLETEL\u0130M<\/strong><\/p>\n<p style=\"text-align: justify;\">Ermenistan ve Yunanistan ile ili\u015fkilere de de\u011finen planda, iki \u00fclke ile ilgili kamuoyunda tepki uyand\u0131racak haberlere yaz\u0131l\u0131 ve g\u00f6rsel medyada s\u00fcrekli yer verilmesi hedefleniyor. Ama\u00e7 \u015f\u00f6yle anlat\u0131l\u0131yor: Milliyet\u00e7i partilerin bu \u015fekilde taban\u0131 geni\u015fletilmeli. AKP, kamuoyunda zora d\u00fc\u015fmeli&#8230;<\/p>\n<p style=\"text-align: justify;\">Ermenistan ve Yunanistan ile ilgili kamuoyunda tepki uyand\u0131racak haberler s\u00fcrekli g\u00fcndemde tutularak milliyet\u00e7i partilerin taban\u0131n\u0131n geni\u015fletilmesi sa\u011flanacakt\u0131r.<\/p>\n<p style=\"text-align: justify;\"><a href=\"http:\/\/www.bugun.com.tr\/haber-detay\/71720-iste-ikinci-28-subat-sureci-belgesi-haberi.aspx\" target=\"_blank\"><span style=\"color: #888888;\">Kaynak : Bug\u00fcn<\/span><\/a><\/p>\n","protected":false},"excerpt":{"rendered":"<p style=\"text-align: center;\">\n<p> T\u00fcrkiye d\u00fcn Ergenekon san\u0131\u011f\u0131 Serdar \u00d6zt\u00fcrk\u2019\u00fcn b\u00fcrosundan \u00e7\u0131kan \u201cGizli\u201d damgal\u0131 bir belge ile sars\u0131ld\u0131. <\/p>\n<p style=\"text-align: justify;\">AK Parti h\u00fck\u00fcmetini devirmek ve Ergenekon yap\u0131lanmas\u0131n\u0131 temize \u00e7\u0131karmak \u00fczere yap\u0131lacak faaliyetlerin tek tek ele al\u0131nd\u0131\u011f\u0131 Nisan 2009 tarihli belge, \u00fclkenin ikinci bir 28 \u015eubat s\u00fcrecine sokulmak istendi\u011fini a\u00e7\u0131k\u00e7a ortaya koyuyor. Plan\u0131n ayr\u0131nt\u0131lar\u0131 korkun\u00e7&#8230;<\/p>\n<p style=\"text-align:  \n\n","protected":false},"author":1,"featured_media":0,"comment_status":"open","ping_status":"closed","sticky":false,"template":"","format":"standard","meta":{"footnotes":""},"categories":[105],"tags":[],"class_list":["post-10060","post","type-post","status-publish","format-standard","hentry","category-gundem","odd"],"_links":{"self":[{"href":"http:\/\/www.korhanyilmaz.com\/index.php?rest_route=\/wp\/v2\/posts\/10060","targetHints":{"allow":["GET"]}}],"collection":[{"href":"http:\/\/www.korhanyilmaz.com\/index.php?rest_route=\/wp\/v2\/posts"}],"about":[{"href":"http:\/\/www.korhanyilmaz.com\/index.php?rest_route=\/wp\/v2\/types\/post"}],"author":[{"embeddable":true,"href":"http:\/\/www.korhanyilmaz.com\/index.php?rest_route=\/wp\/v2\/users\/1"}],"replies":[{"embeddable":true,"href":"http:\/\/www.korhanyilmaz.com\/index.php?rest_route=%2Fwp%2Fv2%2Fcomments&post=10060"}],"version-history":[{"count":0,"href":"http:\/\/www.korhanyilmaz.com\/index.php?rest_route=\/wp\/v2\/posts\/10060\/revisions"}],"wp:attachment":[{"href":"http:\/\/www.korhanyilmaz.com\/index.php?rest_route=%2Fwp%2Fv2%2Fmedia&parent=10060"}],"wp:term":[{"taxonomy":"category","embeddable":true,"href":"http:\/\/www.korhanyilmaz.com\/index.php?rest_route=%2Fwp%2Fv2%2Fcategories&post=10060"},{"taxonomy":"post_tag","embeddable":true,"href":"http:\/\/www.korhanyilmaz.com\/index.php?rest_route=%2Fwp%2Fv2%2Ftags&post=10060"}],"curies":[{"name":"wp","href":"https:\/\/api.w.org\/{rel}","templated":true}]}}