{"id":10057,"date":"2009-06-12T15:10:57","date_gmt":"2009-06-12T13:10:57","guid":{"rendered":"http:\/\/www.korhanyilmaz.com\/?p=10057"},"modified":"2009-06-12T15:10:57","modified_gmt":"2009-06-12T13:10:57","slug":"buyukanit-basbakanin-ifadesiyle-seyleri-aciklamali","status":"publish","type":"post","link":"http:\/\/www.korhanyilmaz.com\/?p=10057","title":{"rendered":"B\u00fcy\u00fckan\u0131t Ba\u015fbakan&#039;\u0131n ifadesiyle &#039;\u015feyleri&#039; a\u00e7\u0131klamal\u0131"},"content":{"rendered":"<p style=\"text-align: center;\"><img loading=\"lazy\" decoding=\"async\" class=\"aligncenter size-full wp-image-10058\" src=\"http:\/\/www.korhanyilmaz.com\/wp-content\/uploads\/2009\/06\/normal_kilicdaroglu.Jpeg\" alt=\"\" width=\"252\" height=\"193\" \/><\/p>\n<p style=\"text-align: justify;\"><strong>&#8220;Say\u0131n B\u00fcy\u00fckan\u0131t, Ba\u015fbakan\u2019\u0131n ifadesiyle \u2019\u015feyleri\u2019 a\u00e7\u0131klamal\u0131&#8221; dedi. <\/strong><\/p>\n<p style=\"text-align: justify;\">ANKARA- CHP Grup Ba\u015fkanvekili Kemal K\u0131l\u0131\u00e7daro\u011flu, Ba\u015fbakan Tayyip Erdo\u011fan ile d\u00f6nemin Genelkurmay Ba\u015fkan\u0131 Ya\u015far B\u00fcy\u00fckan\u0131t\u2019\u0131n Dolmabah\u00e7e Saray\u0131\u2019nda yapt\u0131klar\u0131 g\u00f6r\u00fc\u015fmenin ayr\u0131nt\u0131lar\u0131n\u0131n art\u0131k kamuoyuna a\u00e7\u0131klanma zaman\u0131n geldi\u011fini s\u00f6yledi. Erdo\u011fan\u2019\u0131n, \u201cSay\u0131n B\u00fcy\u00fckan\u0131t, a\u00e7\u0131klamaya kalkarsa, o zaman ben de yapt\u0131\u011f\u0131m\u0131z g\u00f6r\u00fc\u015fmeyle ilgili \u015feyleri a\u00e7\u0131klar\u0131m\u201d dedi\u011fini an\u0131msatan K\u0131l\u0131\u00e7daro\u011flu, Ba\u015fbakan ile Genelkurmay Ba\u015fkan\u0131\u2019n\u0131n \u201ciki saat ba\u015fba\u015fa \u00f6zel bir konuyu g\u00f6r\u00fc\u015fmelerinin, ola\u011fan bir olay olmad\u0131\u011f\u0131n\u0131\u201d belirtti. <!--more-->K\u0131l\u0131\u00e7daro\u011flu, \u015f\u00f6yle konu\u015ftu: \u201cSay\u0131n Ba\u015fbakan\u2019\u0131n yapt\u0131\u011f\u0131 a\u00e7\u0131klamalar, olay\u0131 ciddi bir sis perdesine b\u00fcr\u00fcnd\u00fcr\u00fcyor ve bu s\u00fcre\u00e7te Ba\u015fbakan de\u011fil, B\u00fcy\u00fckan\u0131t y\u0131pran\u0131yor. Kamuoyundaki alg\u0131lama \u015fu: \u2019Say\u0131n Ba\u015fbakan, belli dosyalar\u0131 Ya\u015far B\u00fcy\u00fckan\u0131t\u2019\u0131n \u00f6n\u00fcne koydu, B\u00fcy\u00fckan\u0131t da geri \u00e7ekildi.\u2019Yani kamuoyundaki alg\u0131, g\u00f6r\u00fc\u015fmelerin devlet y\u00f6netimi ve devlet s\u0131rr\u0131yla ilgili olmad\u0131\u011f\u0131, ki\u015fisel bilgilerle ilgili oldu\u011fu \u015feklindedir. Say\u0131n Ba\u015fbakan\u2019\u0131n NTV\u2019ye yapt\u0131\u011f\u0131 a\u00e7\u0131klamada, bu alg\u0131lamay\u0131 g\u00fc\u00e7lendirmektedir. Burada, as\u0131l g\u00f6rev Say\u0131n B\u00fcy\u00fckan\u0131t\u2019a d\u00fc\u015f\u00fcyor. Say\u0131n B\u00fcy\u00fckan\u0131t, bu g\u00f6r\u00fc\u015fmenin ayr\u0131nt\u0131lar\u0131n\u0131 yeri ve zaman\u0131 gelince a\u00e7\u0131klayaca\u011f\u0131n\u0131 s\u00f6ylemi\u015fti. Art\u0131k zaman\u0131 gelmi\u015ftir. Say\u0131n B\u00fcy\u00fckan\u0131t, Ba\u015fbakan\u2019\u0131n ifadesiyle \u2019\u015feyleri\u2019a\u00e7\u0131klamal\u0131.\u201d<\/p>\n<p style=\"text-align: justify;\">AA<\/p>\n","protected":false},"excerpt":{"rendered":"<p style=\"text-align: center;\">\n<p style=\"text-align: justify;\">&#8220;Say\u0131n B\u00fcy\u00fckan\u0131t, Ba\u015fbakan\u2019\u0131n ifadesiyle \u2019\u015feyleri\u2019 a\u00e7\u0131klamal\u0131&#8221; dedi. <\/p>\n<p style=\"text-align: justify;\">ANKARA- CHP Grup Ba\u015fkanvekili Kemal K\u0131l\u0131\u00e7daro\u011flu, Ba\u015fbakan Tayyip Erdo\u011fan ile d\u00f6nemin Genelkurmay Ba\u015fkan\u0131 Ya\u015far B\u00fcy\u00fckan\u0131t\u2019\u0131n Dolmabah\u00e7e Saray\u0131\u2019nda yapt\u0131klar\u0131 g\u00f6r\u00fc\u015fmenin ayr\u0131nt\u0131lar\u0131n\u0131n art\u0131k kamuoyuna a\u00e7\u0131klanma zaman\u0131n geldi\u011fini s\u00f6yledi. Erdo\u011fan\u2019\u0131n, \u201cSay\u0131n B\u00fcy\u00fckan\u0131t, a\u00e7\u0131klamaya kalkarsa, o zaman ben de yapt\u0131\u011f\u0131m\u0131z g\u00f6r\u00fc\u015fmeyle ilgili \u015feyleri a\u00e7\u0131klar\u0131m\u201d <\/p>\n","protected":false},"author":1,"featured_media":0,"comment_status":"open","ping_status":"closed","sticky":false,"template":"","format":"standard","meta":{"footnotes":""},"categories":[105],"tags":[],"class_list":["post-10057","post","type-post","status-publish","format-standard","hentry","category-gundem","odd"],"_links":{"self":[{"href":"http:\/\/www.korhanyilmaz.com\/index.php?rest_route=\/wp\/v2\/posts\/10057","targetHints":{"allow":["GET"]}}],"collection":[{"href":"http:\/\/www.korhanyilmaz.com\/index.php?rest_route=\/wp\/v2\/posts"}],"about":[{"href":"http:\/\/www.korhanyilmaz.com\/index.php?rest_route=\/wp\/v2\/types\/post"}],"author":[{"embeddable":true,"href":"http:\/\/www.korhanyilmaz.com\/index.php?rest_route=\/wp\/v2\/users\/1"}],"replies":[{"embeddable":true,"href":"http:\/\/www.korhanyilmaz.com\/index.php?rest_route=%2Fwp%2Fv2%2Fcomments&post=10057"}],"version-history":[{"count":0,"href":"http:\/\/www.korhanyilmaz.com\/index.php?rest_route=\/wp\/v2\/posts\/10057\/revisions"}],"wp:attachment":[{"href":"http:\/\/www.korhanyilmaz.com\/index.php?rest_route=%2Fwp%2Fv2%2Fmedia&parent=10057"}],"wp:term":[{"taxonomy":"category","embeddable":true,"href":"http:\/\/www.korhanyilmaz.com\/index.php?rest_route=%2Fwp%2Fv2%2Fcategories&post=10057"},{"taxonomy":"post_tag","embeddable":true,"href":"http:\/\/www.korhanyilmaz.com\/index.php?rest_route=%2Fwp%2Fv2%2Ftags&post=10057"}],"curies":[{"name":"wp","href":"https:\/\/api.w.org\/{rel}","templated":true}]}}