{"id":10051,"date":"2009-06-12T18:06:10","date_gmt":"2009-06-12T15:06:10","guid":{"rendered":"http:\/\/www.korhanyilmaz.com\/?p=10051"},"modified":"2009-06-12T18:06:10","modified_gmt":"2009-06-12T15:06:10","slug":"ankara%e2%80%99yi-karistiran-rapora-yayin-yasagi","status":"publish","type":"post","link":"http:\/\/www.korhanyilmaz.com\/?p=10051","title":{"rendered":"Ankara\u2019y\u0131 kar\u0131\u015ft\u0131ran rapora yay\u0131n yasa\u011f\u0131"},"content":{"rendered":"<p style=\"text-align: center;\"><img loading=\"lazy\" decoding=\"async\" class=\"aligncenter size-full wp-image-10052\" src=\"http:\/\/www.korhanyilmaz.com\/wp-content\/uploads\/2009\/06\/130620090232134471490.jpg\" alt=\"\" width=\"329\" height=\"210\" \/><\/p>\n<p style=\"text-align: justify;\">Taraf gazetesi Ergenekon tutuklusu \u00d6zt\u00fcrk\u2019\u00fcn b\u00fcrosunda bulunan ve Genelkurmay\u2019a ait oldu\u011fu ileri s\u00fcr\u00fclen bir belge yay\u0131nlad\u0131. Genelkurmay, \u201dAKP ve G\u00fclen\u2019i bitirme plan\u0131\u201c ba\u015fl\u0131kl\u0131 belge i\u00e7in soru\u015fturma a\u00e7t\u0131 ve yay\u0131n yasa\u011f\u0131 koydu. \u00d6zt\u00fcrk\u2019\u00fcn avukat\u0131 ise belgenin b\u00fcroya ba\u015fkalar\u0131nca yerle\u015ftirildi\u011fini iddia etti.<\/p>\n<p style=\"text-align: justify;\">Ergenekon davas\u0131yla ilgili haberleriyle dikkat \u00e7eken Taraf gazetesi d\u00fcn yine kamuoyunu sarsacak bir habere imza att\u0131. Gazetenin haberine g\u00f6re Genelkurmay\u2019a ait oldu\u011fu ileri s\u00fcr\u00fclen belge Ergenekon davas\u0131 kapsam\u0131nda tutuklanan emekli \u00fcste\u011fmen avukat Serdar \u00d6zt\u00fcrk\u2019\u00fcn b\u00fcrosunda bulundu. Gazete, K\u0131demli Albay Dursun \u00c7i\u00e7ek imzal\u0131 plan\u0131 \u201dAKP ve G\u00fclen\u2019i bitirme plan\u0131\u201c man\u015fetiyle duyurdu.<!--more--><\/p>\n<p style=\"text-align: justify;\">Haberin ard\u0131ndan Genelkurmay Ba\u015fkanl\u0131\u011f\u0131 konuyla ilgili soru\u015fturma ba\u015flatt\u0131. Geneklurmay Askeri Mahkemesi ise s\u00f6zkousu raporla ilgili yay\u0131n yasa\u011f\u0131 koydu.<\/p>\n<p style=\"text-align: justify;\">S\u00f6zkonusu belgeyle ilgili ilk geli\u015fme sabah saatlerinde ya\u015fand\u0131.<\/p>\n<p style=\"text-align: justify;\">Genelkurmay Ba\u015fkanl\u0131\u011f\u0131 \u0130leti\u015fim Daire Ba\u015fkan\u0131 Tu\u011fgeneral Metin G\u00fcrak, haftal\u0131k bas\u0131n bilgilendirme toplant\u0131s\u0131nda gazetecileri sorular\u0131n\u0131 yan\u0131tlarken Taraf Gazetesi\u2019nde yay\u0131nlanan planla ilgili iddialar i\u00e7in soru\u015fturma emri verildi\u011fini a\u00e7\u0131klad\u0131.<\/p>\n<p style=\"text-align: justify;\"><strong>T\u00fcm y\u00f6nleriyle incelenecek <\/strong><\/p>\n<p style=\"text-align: justify;\">Tu\u011fgeneral G\u00fcrak, gazetecilerin konuyla ilgili sorular\u0131 \u00fczerine \u201dBug\u00fcn bir gazetede Genelkurmay Ba\u015fkanl\u0131\u011f\u0131 Harekat Ba\u015fkanl\u0131\u011f\u0131n\u0131n haz\u0131rlad\u0131\u011f\u0131 iddia edilen bir planla ilgili olarak haber ve yorumlara yer verildi\u011fi g\u00f6r\u00fclm\u00fc\u015ft\u00fcr. Konunun t\u00fcm y\u00f6nleriyle incelenmesi maksad\u0131yla Genelkurmay Ba\u015fkanl\u0131\u011f\u0131 Askeri Savc\u0131l\u0131\u011f\u0131na derhal bir soru\u015fturma emri verilmi\u015ftir\u201c dedi.<\/p>\n<p style=\"text-align: justify;\">\u201dB\u00f6yle bir belgenin varl\u0131\u011f\u0131 m\u0131 soru\u015fturulacak, yoksa nas\u0131l s\u0131zd\u0131\u011f\u0131 konusu mu?\u201c sorusu \u00fczerine Tu\u011fgeneral G\u00fcrak, \u201dSize onunla ilgili a\u00e7\u0131klamam\u0131n o b\u00f6l\u00fcm\u00fcn\u00fc tekrar okuyorum\u201c diyerek, \u201dKonunun t\u00fcm y\u00f6nleriyle incelenmesi maksad\u0131yla\u201c soru\u015fturma emri verildi\u011fini ifade etti.<\/p>\n<p style=\"text-align: justify;\"><strong>Yay\u0131n yasa\u011f\u0131<\/strong><\/p>\n<p style=\"text-align: justify;\">Ak\u015fam saatlerinde ise soru\u015fturmay\u0131 y\u00fcr\u00fcten Genelkurmay Ba\u015fkanl\u0131\u011f\u0131 Askeri Mahkemesi, konuyla ilgiyi yay\u0131n yasa\u011f\u0131 koydu. Askeri Mahkeme\u2019den yap\u0131lan a\u00e7\u0131klamada habere konu belgenin i\u00e7eri\u011fi hakk\u0131nda yay\u0131n yapma yasa\u011f\u0131 konulmas\u0131na, m\u00fcdafilerin soru\u015fturma dosyas\u0131n\u0131n i\u00e7eri\u011fini incelemesi ve belgelerden \u00f6rnek almas\u0131 haklar\u0131n\u0131n k\u0131s\u0131tlanmas\u0131na karar verildi\u011fi duyuruldu..<\/p>\n<p style=\"text-align: justify;\"><strong>Poyrazk\u00f6y\u2019deki m\u00fchimmat<\/strong><\/p>\n<p style=\"text-align: justify;\">Bu arada Genelkurmay \u0130leti\u015fim Daire Ba\u015fkan\u0131 Tu\u011fgeneral Metin G\u00fcrak\u2019a bas\u0131n toplant\u0131s\u0131nda Poyrazk\u00f6y\u2019de yap\u0131lan kaz\u0131larda \u00e7\u0131kan silah ve m\u00fchimmat\u0131n cinsine ili\u015fkin tart\u0131\u015fmalar\u0131n devam etti\u011fi de hat\u0131rlat\u0131ld\u0131. Tu\u011fgeneral G\u00fcrak, bir gazetecinin konuyla ilgili sorusu \u00fczerine Genelkurmay Ba\u015fkan\u0131 Orgeneral \u0130lker Ba\u015fbu\u011f taraf\u0131ndan 29 Nisan\u2019da yap\u0131lan \u0130leti\u015fim Toplant\u0131s\u0131\u2019nda silah ve m\u00fchimmat\u0131n ne anlama geldi\u011fi ve bulunan silah ve m\u00fchimmat\u0131n durumu hakk\u0131nda detayl\u0131 olarak bilgi verildi\u011fini hat\u0131rlatt\u0131. Buna ra\u011fmen baz\u0131 bas\u0131n yay\u0131n organlar\u0131nda sanki bu a\u00e7\u0131klama hi\u00e7 yap\u0131lmam\u0131\u015f gibi haber ve yorumlara rastland\u0131\u011f\u0131n\u0131 ifade eden Tu\u011fgeneral G\u00fcrak, \u201d\u015eu anda bu konulara ili\u015fkin kafas\u0131 kar\u0131\u015f\u0131k olanlara ve kafalar\u0131 kar\u0131\u015ft\u0131ranlara s\u00f6z konusu ileti\u015fim toplant\u0131s\u0131nda verilen bilgileri bir defa daha dikkatle okumalar\u0131n\u0131 tavsiye ederiz\u201c dedi.<\/p>\n<p style=\"text-align: justify;\"><span style=\"color: #888888;\">Kaynak : Vatan<\/span><\/p>\n","protected":false},"excerpt":{"rendered":"<p style=\"text-align: center;\">\n<p style=\"text-align: justify;\">Taraf gazetesi Ergenekon tutuklusu \u00d6zt\u00fcrk\u2019\u00fcn b\u00fcrosunda bulunan ve Genelkurmay\u2019a ait oldu\u011fu ileri s\u00fcr\u00fclen bir belge yay\u0131nlad\u0131. Genelkurmay, \u201dAKP ve G\u00fclen\u2019i bitirme plan\u0131\u201c ba\u015fl\u0131kl\u0131 belge i\u00e7in soru\u015fturma a\u00e7t\u0131 ve yay\u0131n yasa\u011f\u0131 koydu. \u00d6zt\u00fcrk\u2019\u00fcn avukat\u0131 ise belgenin b\u00fcroya ba\u015fkalar\u0131nca yerle\u015ftirildi\u011fini iddia etti.<\/p>\n<p style=\"text-align: justify;\">Ergenekon davas\u0131yla ilgili haberleriyle dikkat \u00e7eken Taraf gazetesi <\/p>\n","protected":false},"author":1,"featured_media":0,"comment_status":"open","ping_status":"closed","sticky":false,"template":"","format":"standard","meta":{"footnotes":""},"categories":[105],"tags":[],"class_list":["post-10051","post","type-post","status-publish","format-standard","hentry","category-gundem","odd"],"_links":{"self":[{"href":"http:\/\/www.korhanyilmaz.com\/index.php?rest_route=\/wp\/v2\/posts\/10051","targetHints":{"allow":["GET"]}}],"collection":[{"href":"http:\/\/www.korhanyilmaz.com\/index.php?rest_route=\/wp\/v2\/posts"}],"about":[{"href":"http:\/\/www.korhanyilmaz.com\/index.php?rest_route=\/wp\/v2\/types\/post"}],"author":[{"embeddable":true,"href":"http:\/\/www.korhanyilmaz.com\/index.php?rest_route=\/wp\/v2\/users\/1"}],"replies":[{"embeddable":true,"href":"http:\/\/www.korhanyilmaz.com\/index.php?rest_route=%2Fwp%2Fv2%2Fcomments&post=10051"}],"version-history":[{"count":0,"href":"http:\/\/www.korhanyilmaz.com\/index.php?rest_route=\/wp\/v2\/posts\/10051\/revisions"}],"wp:attachment":[{"href":"http:\/\/www.korhanyilmaz.com\/index.php?rest_route=%2Fwp%2Fv2%2Fmedia&parent=10051"}],"wp:term":[{"taxonomy":"category","embeddable":true,"href":"http:\/\/www.korhanyilmaz.com\/index.php?rest_route=%2Fwp%2Fv2%2Fcategories&post=10051"},{"taxonomy":"post_tag","embeddable":true,"href":"http:\/\/www.korhanyilmaz.com\/index.php?rest_route=%2Fwp%2Fv2%2Ftags&post=10051"}],"curies":[{"name":"wp","href":"https:\/\/api.w.org\/{rel}","templated":true}]}}