{"id":10040,"date":"2009-06-12T08:58:09","date_gmt":"2009-06-12T05:58:09","guid":{"rendered":"http:\/\/www.korhanyilmaz.com\/?p=10040"},"modified":"2009-06-12T08:58:09","modified_gmt":"2009-06-12T05:58:09","slug":"haluk-levent-gozaltina-alindi","status":"publish","type":"post","link":"http:\/\/www.korhanyilmaz.com\/?p=10040","title":{"rendered":"Haluk Levent g\u00f6zalt\u0131na al\u0131nd\u0131"},"content":{"rendered":"<p style=\"text-align: center;\"><img loading=\"lazy\" decoding=\"async\" class=\"aligncenter size-full wp-image-10041\" src=\"http:\/\/www.korhanyilmaz.com\/wp-content\/uploads\/2009\/06\/Tanaey1SGYt.jpg\" alt=\"\" width=\"338\" height=\"197\" \/><\/p>\n<p style=\"text-align: justify;\">12 y\u0131l \u00f6nce de Antalya konseri sonras\u0131 yakalan\u0131p 9 ay tutuklu kalm\u0131\u015ft\u0131.<\/p>\n<p style=\"text-align: justify;\">T\u00dcRK Anadolu rock sanat\u00e7\u0131s\u0131 Haluk Levent, Antalya&#8217;da bir okulun mezuniyet gecesinde verdi\u011fi konserin ard\u0131ndan sivil polisler taraf\u0131ndan hakk\u0131ndaki bir su\u00e7lama nedeniyle g\u00f6zalt\u0131na al\u0131nd\u0131. Yakla\u015f\u0131k iki saat boyunca polis merkezinde ifade veren Levent, daha sonra serbest b\u0131rak\u0131ld\u0131.<\/p>\n<p style=\"text-align: justify;\">\u00dcnl\u00fc sanat\u00e7\u0131 Haluk Levent, Antalya&#8217;daki Vali H\u00fcsn\u00fc Tu\u011flu \u0130lk\u00f6\u011fretim Okulu&#8217;nun mezuniyet gecesinde sahneye \u00e7\u0131kt\u0131. Okul bah\u00e7esinde yap\u0131lan konserde mezun \u00f6\u011frencilerle bulu\u015fan Levent, birbirinden g\u00fczel \u015fark\u0131lar\u0131yla co\u015fturdu. Konserde daha \u00e7ok hareketli par\u00e7alara yer veren Levent, \u015fark\u0131lar\u0131n\u0131 sahneden inerek \u00f6\u011frenciler aras\u0131nda s\u00f6yledi. Bu s\u0131rada konser alan\u0131 etraf\u0131ndaki sivil polisleri fark eden Levent, hakk\u0131nda bir icra takibi ba\u015flat\u0131ld\u0131\u011f\u0131n\u0131 belirterek, &#8220;G\u00fcnd\u00fcz bir icra dosyam\u0131n karakola d\u00fc\u015ft\u00fc\u011f\u00fcn\u00fc \u00f6\u011frendim. <!--more-->Herkes bana konsere gitme dedi ama kabul etmedim. \u00c7\u00fcnk\u00fc bu konseri bir yard\u0131m konseri gibi g\u00f6r\u00fcyorum. Benim konser alan\u0131nda bekleyen polislere laf\u0131m yok. Sadece devletin en \u00fcst kademesinde soyup so\u011fanlar\u0131 da polis bu kadar yak\u0131n izlesin istiyorum. Ben su\u00e7suzum, ben masumum demiyorum. Evet ben ticari hata yapt\u0131m, bor\u00e7lara batt\u0131m ama beni izleyen yan\u0131mda duran polisler kadar yukar\u0131da bizi, halk\u0131 soyanlar\u0131n yan\u0131nda da polisler olsun&#8221; dedi.<\/p>\n<p style=\"text-align: justify;\">Levent, konserin sonunda g\u00fcvenlik kordonu alt\u0131nda okul binas\u0131na girerken, kendisini izleyen polisler de onu takip etti. Bir s\u00fcre sonra sivil bir otomobille konser alan\u0131ndan ayr\u0131lan Levent, Demircikara Polis Merkezi&#8217;nde yakla\u015f\u0131k iki saat ifade verdi. Ard\u0131ndan serbest b\u0131rak\u0131lan san\u0131t\u00e7\u0131n\u0131n, hakk\u0131ndaki doland\u0131r\u0131c\u0131l\u0131k su\u00e7lamas\u0131 nedeniyle ifade verdi\u011fi \u00f6\u011frenildi.<\/p>\n<p style=\"text-align: justify;\">Levent, 1997&#8217;nin A\u011fustos ay\u0131nda yine Antalya&#8217;da verdi\u011fi bir konserden sonra g\u00f6zalt\u0131na al\u0131nm\u0131\u015f, 10 y\u0131ld\u0131r kurtulamad\u0131\u011f\u0131 ticari bir dava y\u00fcz\u00fcnden 9 ay cezaevinde kalm\u0131\u015ft\u0131.<\/p>\n<p style=\"text-align: justify;\"><span style=\"color: #888888;\">Kaynak : Salim UZUN\/ANTALYA, (DHA)<\/span><\/p>\n","protected":false},"excerpt":{"rendered":"<p style=\"text-align: center;\">\n<p style=\"text-align: justify;\">12 y\u0131l \u00f6nce de Antalya konseri sonras\u0131 yakalan\u0131p 9 ay tutuklu kalm\u0131\u015ft\u0131.<\/p>\n<p style=\"text-align: justify;\">T\u00dcRK Anadolu rock sanat\u00e7\u0131s\u0131 Haluk Levent, Antalya&#8217;da bir okulun mezuniyet gecesinde verdi\u011fi konserin ard\u0131ndan sivil polisler taraf\u0131ndan hakk\u0131ndaki bir su\u00e7lama nedeniyle g\u00f6zalt\u0131na al\u0131nd\u0131. Yakla\u015f\u0131k iki saat boyunca polis merkezinde ifade veren Levent, daha sonra serbest b\u0131rak\u0131ld\u0131.<\/p>\n","protected":false},"author":1,"featured_media":0,"comment_status":"open","ping_status":"closed","sticky":false,"template":"","format":"standard","meta":{"footnotes":""},"categories":[105],"tags":[],"class_list":["post-10040","post","type-post","status-publish","format-standard","hentry","category-gundem","odd"],"_links":{"self":[{"href":"http:\/\/www.korhanyilmaz.com\/index.php?rest_route=\/wp\/v2\/posts\/10040","targetHints":{"allow":["GET"]}}],"collection":[{"href":"http:\/\/www.korhanyilmaz.com\/index.php?rest_route=\/wp\/v2\/posts"}],"about":[{"href":"http:\/\/www.korhanyilmaz.com\/index.php?rest_route=\/wp\/v2\/types\/post"}],"author":[{"embeddable":true,"href":"http:\/\/www.korhanyilmaz.com\/index.php?rest_route=\/wp\/v2\/users\/1"}],"replies":[{"embeddable":true,"href":"http:\/\/www.korhanyilmaz.com\/index.php?rest_route=%2Fwp%2Fv2%2Fcomments&post=10040"}],"version-history":[{"count":0,"href":"http:\/\/www.korhanyilmaz.com\/index.php?rest_route=\/wp\/v2\/posts\/10040\/revisions"}],"wp:attachment":[{"href":"http:\/\/www.korhanyilmaz.com\/index.php?rest_route=%2Fwp%2Fv2%2Fmedia&parent=10040"}],"wp:term":[{"taxonomy":"category","embeddable":true,"href":"http:\/\/www.korhanyilmaz.com\/index.php?rest_route=%2Fwp%2Fv2%2Fcategories&post=10040"},{"taxonomy":"post_tag","embeddable":true,"href":"http:\/\/www.korhanyilmaz.com\/index.php?rest_route=%2Fwp%2Fv2%2Ftags&post=10040"}],"curies":[{"name":"wp","href":"https:\/\/api.w.org\/{rel}","templated":true}]}}