{"id":1004,"date":"2008-08-31T12:34:39","date_gmt":"2008-08-31T09:34:39","guid":{"rendered":"http:\/\/www.korhanyilmaz.com\/?p=1004"},"modified":"2008-08-31T12:34:39","modified_gmt":"2008-08-31T09:34:39","slug":"meger-fatih-urek-iskence-ibo-fuhus-ekibindeymis","status":"publish","type":"post","link":"http:\/\/www.korhanyilmaz.com\/?p=1004","title":{"rendered":"Me\u011fer Fatih \u00dcrek i\u015fkence, \u0130bo fuhu\u015f ekibindeymi\u015f!"},"content":{"rendered":"<p style=\"text-align: center;\"><img loading=\"lazy\" decoding=\"async\" class=\"size-full wp-image-1006 aligncenter\" src=\"http:\/\/www.korhanyilmaz.com\/wp-content\/uploads\/2008\/08\/310820081215302361377_21.jpg\" alt=\"\" width=\"401\" height=\"212\" \/><\/p>\n<p style=\"text-align: justify;\">Ergenekon iddianamesinde ad\u0131 ge\u00e7meyen bir isim kalmad\u0131 desek yeridir. \u0130ddianamenin ek klas\u00f6rlerindeki belgelerde Kadir \u0130nan\u0131r&#8217;dan Sezen Aksu&#8217;ya kadar pek \u00e7ok \u00fcnl\u00fc isim kar\u015f\u0131m\u0131za \u00e7\u0131km\u0131\u015f durumda. Belgelerde &#8220;i\u015fkenceci&#8221; olarak ad\u0131 ge\u00e7en baz\u0131 isimlere merak edip sorduk: &#8220;Burada ad\u0131n\u0131z\u0131n ge\u00e7mesi konusunda ne d\u00fc\u015f\u00fcn\u00fcyorsunuz?&#8221; \u00c7o\u011funun bundan haberi bile yoktu. Bir grup ise sinirlenip sorular\u0131m\u0131z\u0131 yan\u0131ts\u0131z b\u0131rakt\u0131. Yan\u0131t veren &#8220;i\u015fkenceciler&#8221; ise \u00f6zetle &#8220;Bunlar tamamen deli sa\u00e7mas\u0131&#8221; dedi<!--more--><\/p>\n<p style=\"text-align: justify;\">Ergenekon soru\u015fturmas\u0131 kapsam\u0131nda tutuklanan emekli Tu\u011fgeneral Veli K\u00fc\u00e7\u00fck&#8217;\u00fcn evinde elde edilen \u00f6rg\u00fct d\u00f6k\u00fcmanlar\u0131 i\u00e7erisinde &#8220;Arenadaki Sanat Gladio Sanat\u00e7\u0131lar\u0131&#8221; isimli dok\u00fcman\u0131n &#8220;\u0130stihbarat \u00d6rg\u00fctlerinin Fuhu\u015f ve E\u011flence Sekt\u00f6r\u00fc Ba\u011flant\u0131lar\u0131&#8221; ba\u015fl\u0131\u011f\u0131 alt\u0131nda N\u00fckhet Duru, Nuri Sesig\u00fczel, \u0130brahim Tatl\u0131ses, Sibel Can, G\u00fclben Ergen, Sezen Aksu, Emel Say\u0131n, Ayman Artun, L\u00fcks Nermin, Terzi Mualla, Kenan Kalav, Turgut Demira\u011f, Leyla Sayar, R\u00fc\u00e7han \u00c7amay gibi bir\u00e7ok ki\u015finin \u00f6zel hayatlar\u0131, etnik kimlikleri ve ideolojik d\u00fc\u015f\u00fcnceleri ile ilgili fi\u015fleme yap\u0131ld\u0131\u011f\u0131 g\u00f6r\u00fcl\u00fcyor.<\/p>\n<p style=\"text-align: justify;\">Ergenekon iddianamesinin delil klas\u00f6rlerinde &#8220;\u0130\u00e7inde M\u0130T ge\u00e7en belgeler&#8221; klas\u00f6r\u00fcnde dava ile alakas\u0131 olmayan say\u0131s\u0131z belge de yer ald\u0131. San\u0131klar\u0131n evlerine yap\u0131lan bask\u0131nlarda her t\u00fcrl\u00fc dok\u00fcman hi\u00e7bir elemeden ge\u00e7irilmeden toplan\u0131nca, davayla alakas\u0131 olmayan belgeler de klas\u00f6rlerde yer ald\u0131. Sempatik tav\u0131rlar\u0131yla bilinen sanat\u00e7\u0131lar belgelerde az\u0131l\u0131 i\u015fkenceciler aras\u0131nda g\u00f6steriliyor.<\/p>\n<p style=\"text-align: justify;\">&#8220;41 trilyon dolar ald\u0131lar, Rus h\u00fck\u00fcmeti ile i\u015fbirli\u011fi yapt\u0131lar&#8221;<br \/>\n404 nolu klas\u00f6rde yer alan belge, &#8220;\u0130nsanl\u0131k tarihinin en b\u00fcy\u00fck vah\u015fetini 7,5 y\u0131ldan bu yana ald\u0131klar\u0131 41 trilyon dolar kar\u015f\u0131l\u0131\u011f\u0131 tamamen su\u00e7suz bir insana kar\u015f\u0131 T\u00fcrk h\u00fck\u00fcmeti ve M\u0130T m\u00fcste\u015far\u0131 ad\u0131na uygulayan ve uygulatan ve Rus h\u00fck\u00fcmeti ile i\u015fbirli\u011fi yapanlar\u0131n listesi ve ald\u0131klar\u0131 vah\u015fet \u00fccretleri&#8221; ba\u015fl\u0131\u011f\u0131n\u0131 ta\u015f\u0131yor.<br \/>\nBelgede sanat\u00e7\u0131s\u0131ndan i\u015fadam\u0131na, sporcusundan politikac\u0131s\u0131na ve avukat\u0131na kadar y\u00fczlerce ki\u015finin ad\u0131 yer al\u0131yor. \u00d6l\u00fcm i\u015fkencesine ve vah\u015fetine kat\u0131lan M\u0130T&#8217;\u00e7i sanat\u00e7\u0131lar listesinde g\u00f6ze ilk \u00e7arpan isim ise y\u0131lan dans\u0131yla tan\u0131nan Fatih \u00dcrek.<\/p>\n<p style=\"text-align: justify;\">H\u00fclya Av\u015far, M\u00fcjde Ar, Sibel Can, Y\u0131ld\u0131z Tilbe, Emel Say\u0131n&#8230;<br \/>\nAvukat-yazar G\u00fcrkan Tanyeli imzas\u0131yla delil klas\u00f6r\u00fcne giren listede isimlerin yan\u0131nda ald\u0131klar\u0131 vah\u015fet \u00fccretleri de yer al\u0131yor. Avukatlar ve M\u0130T g\u00f6revlileriyle ba\u015flayan liste ilerledik\u00e7e ortaya at\u0131lan isimler de komikle\u015fmeye ba\u015fl\u0131yor.<br \/>\nAz\u0131l\u0131 i\u015fkenceciler listesinde bir\u00e7ok ismin yan\u0131 s\u0131ra Kadir \u0130nan\u0131r, Lale Mansur, H\u00fcner Co\u015fkuner, Ye\u015fim Salk\u0131m, Zuhal Olcay, Sibel Can, H\u00fclya Av\u015far, M\u00fcjde Ar, Hande Ataizi, Emel Say\u0131n, Ferhan \u015eensoy, Y\u0131ld\u0131z Tilbe, Ay\u015fen Gruda, Tar\u0131k Tarcan, G\u00f6ksel Arsoy gibi sanat\u00e7\u0131lar da bulunuyor.<br \/>\nListenin devam eden k\u0131sm\u0131nda bir ba\u015fka ba\u015fl\u0131k ise &#8220;Az\u0131l\u0131n\u0131n az\u0131l\u0131s\u0131n\u0131n az\u0131l\u0131s\u0131 i\u015fkenceliler&#8221;. Futbolcu O\u011fuz \u00c7etin, Fikri Sa\u011flar, Halis Toprak, Fatma Girik, \u0130lhan Cavcav, \u00d6zer \u00c7iller ve merhum Osman Ya\u011fmurdereli de listede yer alan isimler aras\u0131nda.<\/p>\n<p style=\"text-align: justify;\">Listede 1343 isim yer al\u0131yor<br \/>\nKenan Evren, \u00c7evik Bir, Tayyip Erdo\u011fan, Abdullah G\u00fcl, Mesut Y\u0131lmaz gibi isimlerin bulundu\u011fu listede baz\u0131 isimlerin yan\u0131na ka\u00e7 di\u015f k\u0131rd\u0131klar\u0131 da not edilmi\u015f.<br \/>\n\u00d6l\u00fcm i\u015fkencesine ve vah\u015fetine kat\u0131lan M\u0130T&#8217;\u00e7i sanat\u00e7\u0131lar listesinde \u015eener \u015een gibi bir komedi \u00fcstad\u0131 da bulunuyor. Siyaset, politika, spor, i\u015f d\u00fcnyas\u0131 ve akademisyenlerin oldu\u011fu listede 1343 isim yer al\u0131yor.<\/p>\n<p style=\"text-align: justify;\">Erdo\u011fan&#8217;a 20 milyar dolar, Baykal&#8217;a 100 milyon dolar<br \/>\nListede g\u00f6ze \u00e7arpan ilgin\u00e7 isimler ve ald\u0131klar\u0131 ileri s\u00fcr\u00fclen \u00fccretler \u015f\u00f6yle:\n<\/p>\n<p style=\"text-align: justify;\">Yekta G\u00fcng\u00f6r \u00d6zden 30 katrilyon, \u015eenkal Atasagun 2 kentrilyon lira, Emre Taner 20 kentrilyon lira, S\u00f6nmez K\u00f6ksal 100 milyon dolar, Tayyip Erdo\u011fan 20 milyar dolar, Abdullah G\u00fcl 20 milyar dolar, Mesut Y\u0131lmaz 100 milyon dolar, B\u00fclent Ecevit 100 milyon dolar, Deniz Baykal 100 milyon dolar, Rus erkek i\u015fkenceci Aleksandr Kala\u015fnikof 10 kentrilyon lira, Mehmet Ali \u015eahin 100 katrilyon lira, Abd\u00fcllatif \u015eener 100 katrilyon lira.<\/p>\n<p style=\"text-align: justify;\">&#8220;Ben ne anlar\u0131m k\u0131rba\u00e7tan?&#8221;<br \/>\nFatih \u00dcrek<br \/>\nBana y\u00f6nelik iddialar\u0131 \u00f6\u011frendi\u011fimde evdeydim ve \u00e7ok g\u00fclesim geldi. \u0130ki g\u00fcn \u015fa\u015f\u0131rd\u0131m ne oluyor diye? \u0130ddial\u0131 bir \u015fekilde nas\u0131l i\u015fkence yap\u0131yormu\u015fuz? Ben de merak ediyorum.<br \/>\nBenimle birlikte bir\u00e7ok sanat\u00e7\u0131n\u0131n ad\u0131 ge\u00e7iyor. Bu rezillikten ba\u015fka bir \u015fey de\u011fil. Sanat\u00e7\u0131 arkada\u015flarla toplu bir hareket yap\u0131l\u0131rsa ben de kat\u0131l\u0131r\u0131m. Bunlar hayal mahsul\u00fc \u015feyler. Buna devlet b\u00fcy\u00fckleri bile \u00e7ok g\u00fcl\u00fcyordur.<br \/>\nErgenekon olay\u0131n\u0131n daha ne oldu\u011funu anlam\u0131\u015f de\u011filim. Anlamak da istemiyorum. \u00c7\u00fcnk\u00fc ne diyece\u011fimi de bilemiyorum. K\u0131saca sa\u00e7ma sapan bir \u015fey.<br \/>\nErgenekon&#8217;da ismi ge\u00e7enlerin hi\u00e7birini tan\u0131m\u0131yorum. Benim ne i\u015fim olur \u00f6yle \u015feylerle? Sahneme \u00e7\u0131kar, insanlar\u0131 e\u011flendiririm. Ne anlar\u0131m k\u0131rba\u00e7tan&#8230;<\/p>\n<p style=\"text-align: justify;\">&#8220;Benim gibi i\u015fkenceden nefret eden bir insana bunu yak\u0131\u015ft\u0131rmalar\u0131 \u00e7ok ay\u0131p&#8221;<br \/>\nAy\u015fen Gruda<br \/>\nBenim b\u00f6yle bir olaydan haberim bile yok. Ad\u0131m\u0131n iddianamede ge\u00e7ti\u011fini \u015fu an sizden duyuyorum. Benim Ergenekon&#8217;la ne ili\u015fkim olabilir ki? Ben mi i\u015fkenceciymi\u015fim? Ben mi? \u0130\u015fkenceci mi? Bu bir \u015faka herhalde. T\u00fcrkiye&#8217;nin \u00e7ok sevdi\u011fi bir komedyen nas\u0131l bir i\u015fkenceci olabilir? Bu olacak \u015fey de\u011fil. Sizce ben kime i\u015fkence etmi\u015f olabilirim? \u0130\u015fkenceden nefret eden, \u00f6zg\u00fcrl\u00fckten yana olan bir insana bunu nas\u0131l yak\u0131\u015ft\u0131rabilirler? Ay\u0131pt\u0131r, ay\u0131p. Art\u0131k &#8220;suyu&#8221; \u00e7\u0131kt\u0131 diyelim ve kapatal\u0131m bu konuyu.<br \/>\nErgenekon&#8217;la ilgili genel olarak fikrim olam\u0131yor. Kafam \u00e7ok kar\u0131\u015f\u0131k, anlayam\u0131yorum. Buralara kadar gelen bir \u015feyle ilgili bir fikir olabilir mi? Ne fikrim olabilir? Bu kadar suyu \u00e7\u0131kan bir \u015feyi ciddiye bile alm\u0131yorum. Dinlemiyorum bile art\u0131k. \u00c7ok ay\u0131p.<\/p>\n<p style=\"text-align: justify;\">&#8220;Deli sa\u00e7mas\u0131 bir \u015fey&#8221;<br \/>\nKadir \u0130nan\u0131r<br \/>\nCumhuriyet gazetesinde \u00e7\u0131kan haberde duydum ve avukat\u0131m arac\u0131l\u0131\u011f\u0131yla tekzip yollad\u0131k. Deli sa\u00e7mas\u0131 bir \u015fey&#8230; Herkese bok at\u0131yorlar. \u00d6n\u00fcne gelene \u00e7amur at\u0131yorlar ve deli sa\u00e7mas\u0131 bir \u015fey oldu\u011fu i\u00e7in hi\u00e7 ciddiye alm\u0131yorum.<br \/>\n\u00dcst\u00fcne gidilecek resmi bir \u015fey yok ortada. Ben de birine bir \u00e7amur atay\u0131m, ba\u015fka bir gazetede \u00e7\u0131ks\u0131n bu da b\u00f6yle bir \u015fey. Yineliyorum, deli sa\u00e7mas\u0131 bir \u015fey&#8230;<\/p>\n<p style=\"text-align: justify;\">&#8220;Benim ismim ge\u00e7miyor&#8221;<br \/>\nHande Ataizi<br \/>\nHi\u00e7 \u00f6yle bir \u015fey hak\u0131nda yorum yapmak istemiyorum. Ergenekon davas\u0131nda benim ismim falan ge\u00e7miyor. B\u00f6yle bir \u015fey s\u00f6z konusu olamaz. Herhalde dalga ge\u00e7iyorsunuz benim hi\u00e7 alakam yok.<br \/>\nSa\u00e7ma sapan bir \u015fey, konu\u015fmak istemiyorum. \u0130yice ara\u015ft\u0131rman\u0131z\u0131 yap\u0131n ondan sonra aray\u0131n.<\/p>\n<p style=\"text-align: justify;\">&#8220;Ergenekon&#8217;da bir benim ad\u0131m eksikti&#8221;<br \/>\n\u0130lhan Cavcav<br \/>\nErgenekon olay\u0131nda bir benim ad\u0131m eksikti. Ben de kar\u0131\u015ft\u0131m iyi oldu. \u015eu an benim ad\u0131m\u0131n ge\u00e7ti\u011fini ilk defa sizden duyuyorum. \u0130\u015fkenceci olarak ad\u0131m g\u00f6steriliyormu\u015f hem de.<br \/>\nBen 58 y\u0131ld\u0131r ticaretle u\u011fra\u015fan, namusuyla, \u015ferefiyle \u00e7al\u0131\u015fan, devletin hi\u00e7bir kademesiyle i\u015f yapmayan, de\u011firmen sanayiiyle u\u011fra\u015fan T\u00fcrkiye&#8217;nin en \u00f6nemli i\u015fadamlar\u0131ndan biriyim, benim Ergenekon&#8217;la falan hi\u00e7bir ilgim yok, olamaz da.<br \/>\nHer vatanda\u015f gibi ben de Ergenekon olaylar\u0131n\u0131n bir an \u00f6nce sonu\u00e7lanmas\u0131n\u0131 merakla bekliyorum.<\/p>\n<p style=\"text-align: justify;\">&#8220;Ergenekon&#8217;la i\u015fim olmaz&#8221;<br \/>\nNuri Sesig\u00fczel<br \/>\n\u0130smimin ge\u00e7ti\u011fini gazetede okudum. Ergenekon&#8217;la hi\u00e7bir \u015fekilde i\u015fim olmaz. Memleketini seven vergisini \u00f6deyen, s\u00f6z\u00fcne sad\u0131k birisiyim.<br \/>\nDevletle ilgili y\u0131k\u0131c\u0131 ve zarar verici bir \u015fekilde hi\u00e7 kimseyle tart\u0131\u015fmad\u0131m, konu\u015fmad\u0131m. Bunlar hayal \u00fcr\u00fcn\u00fc \u015feyler&#8230; Devletle ilgili bir tek k\u00f6t\u00fc bir telefon kayd\u0131m\u0131 bulsunlar her t\u00fcrl\u00fc cezaya raz\u0131y\u0131m.<br \/>\nB\u00fct\u00fcn bu olaylar\u0131n ortaya \u00e7\u0131kmas\u0131nda fayda var. Yapan\u0131n yan\u0131nda kalmamas\u0131 laz\u0131m.<\/p>\n<p style=\"text-align: justify;\">&#8220;Ad\u0131m\u0131n ge\u00e7mesine hi\u00e7bir anlam veremiyorum&#8221;<br \/>\nLale Mansur<br \/>\nGe\u00e7enlerde bir gazeteci aray\u0131p &#8220;Ergenekon&#8217;a ad\u0131n\u0131z kar\u0131\u015fm\u0131\u015f&#8221; dedi ve bu \u015fekilde duydum. Yurtd\u0131\u015f\u0131ndayd\u0131m. Benim d\u0131\u015f\u0131mda \u015eener \u015een, Zuhal Olcay, Fatih \u00dcrek gibi isimler de varm\u0131\u015f. Buna hi\u00e7bir anlam veremedim. \u00dcstelik bir i\u015fkenceci olarak ad\u0131m\u0131z ge\u00e7iyormu\u015f.<br \/>\nD\u00fc\u015f\u00fcnce su\u00e7uyla ilgili DGM&#8217;ye gitmi\u015ftim bir kere, d\u00fc\u015f\u00fcnce su\u00e7u konusunda aktiftim, acaba bundan dolay\u0131 m\u0131 diye d\u00fc\u015f\u00fcnd\u00fcm ilk ba\u015fta ama bu da i\u015fkenceye girmez ki.<br \/>\nGenel olarak Ergenekon olay\u0131 sayesinde asl\u0131nda \u00fclkede b\u00fcy\u00fck ad\u0131mlar at\u0131ld\u0131\u011f\u0131n\u0131 d\u00fc\u015f\u00fcn\u00fcyorum. Y\u0131llard\u0131r Veli K\u00fc\u00e7\u00fck ad\u0131n\u0131 duyuyoruz ve ilk kez birtak\u0131m tutuklanmalar oluyor. \u0130lk kez bir general i\u00e7eride ve yarg\u0131lan\u0131yor. Dokunulmazl\u0131\u011f\u0131 olanlara dokunulmaya ba\u015fland\u0131, bu a\u00e7\u0131dan bakarsak bence bu b\u00fcy\u00fck bir ad\u0131m T\u00fcrkiye&#8217;de.<br \/>\nErgenekon \u00e7ok k\u00f6kl\u00fc, \u00e7ok eskiden kalma, insanlar\u0131n tamamen kendi \u00e7\u0131karlar\u0131 i\u00e7in \u00e7al\u0131\u015ft\u0131\u011f\u0131, bayrak, milliyet\u00e7ilik diyerek birtak\u0131m duygular\u0131 da s\u00f6m\u00fcrerek baz\u0131 i\u015flerin yap\u0131ld\u0131\u011f\u0131 bir yap\u0131lanma. Umar\u0131m bu i\u015fin derinine giderler, umar\u0131m bu i\u015f b\u00f6yle y\u00fczeyde kalmaz.<\/p>\n<p>M\u0130LL\u0130YET<\/p>\n","protected":false},"excerpt":{"rendered":"<p style=\"text-align: center;\">\n<p style=\"text-align: justify;\">Ergenekon iddianamesinde ad\u0131 ge\u00e7meyen bir isim kalmad\u0131 desek yeridir. \u0130ddianamenin ek klas\u00f6rlerindeki belgelerde Kadir \u0130nan\u0131r&#8217;dan Sezen Aksu&#8217;ya kadar pek \u00e7ok \u00fcnl\u00fc isim kar\u015f\u0131m\u0131za \u00e7\u0131km\u0131\u015f durumda. Belgelerde &#8220;i\u015fkenceci&#8221; olarak ad\u0131 ge\u00e7en baz\u0131 isimlere merak edip sorduk: &#8220;Burada ad\u0131n\u0131z\u0131n ge\u00e7mesi konusunda ne d\u00fc\u015f\u00fcn\u00fcyorsunuz?&#8221; \u00c7o\u011funun bundan haberi bile yoktu. Bir grup ise sinirlenip <\/p>\n","protected":false},"author":1,"featured_media":0,"comment_status":"open","ping_status":"open","sticky":false,"template":"","format":"standard","meta":{"footnotes":""},"categories":[105],"tags":[],"class_list":["post-1004","post","type-post","status-publish","format-standard","hentry","category-gundem","odd"],"_links":{"self":[{"href":"http:\/\/www.korhanyilmaz.com\/index.php?rest_route=\/wp\/v2\/posts\/1004","targetHints":{"allow":["GET"]}}],"collection":[{"href":"http:\/\/www.korhanyilmaz.com\/index.php?rest_route=\/wp\/v2\/posts"}],"about":[{"href":"http:\/\/www.korhanyilmaz.com\/index.php?rest_route=\/wp\/v2\/types\/post"}],"author":[{"embeddable":true,"href":"http:\/\/www.korhanyilmaz.com\/index.php?rest_route=\/wp\/v2\/users\/1"}],"replies":[{"embeddable":true,"href":"http:\/\/www.korhanyilmaz.com\/index.php?rest_route=%2Fwp%2Fv2%2Fcomments&post=1004"}],"version-history":[{"count":0,"href":"http:\/\/www.korhanyilmaz.com\/index.php?rest_route=\/wp\/v2\/posts\/1004\/revisions"}],"wp:attachment":[{"href":"http:\/\/www.korhanyilmaz.com\/index.php?rest_route=%2Fwp%2Fv2%2Fmedia&parent=1004"}],"wp:term":[{"taxonomy":"category","embeddable":true,"href":"http:\/\/www.korhanyilmaz.com\/index.php?rest_route=%2Fwp%2Fv2%2Fcategories&post=1004"},{"taxonomy":"post_tag","embeddable":true,"href":"http:\/\/www.korhanyilmaz.com\/index.php?rest_route=%2Fwp%2Fv2%2Ftags&post=1004"}],"curies":[{"name":"wp","href":"https:\/\/api.w.org\/{rel}","templated":true}]}}