{"id":10014,"date":"2009-06-11T18:50:50","date_gmt":"2009-06-11T16:50:50","guid":{"rendered":"http:\/\/www.korhanyilmaz.com\/?p=10014"},"modified":"2009-06-11T18:50:50","modified_gmt":"2009-06-11T16:50:50","slug":"bahceliden-muhaliflere-gozdagi-hedefleri-mhpyi-zayiflatmak","status":"publish","type":"post","link":"http:\/\/www.korhanyilmaz.com\/?p=10014","title":{"rendered":"Bah\u00e7eli&#039;den muhaliflere g\u00f6zda\u011f\u0131: Hedefleri MHP&#039;yi zay\u0131flatmak"},"content":{"rendered":"<p><img loading=\"lazy\" decoding=\"async\" class=\"aligncenter size-full wp-image-10016\" src=\"http:\/\/www.korhanyilmaz.com\/wp-content\/uploads\/2009\/06\/DevletBahceli1.jpg\" alt=\"\" width=\"304\" height=\"222\" \/><\/p>\n<p><br class=\"spacer_\" \/><\/p>\n<p style=\"text-align: justify;\">MHP Genel Ba\u015fkan\u0131 Devlet Bah\u00e7eli, partisinde &#8220;Ola\u011fan\u00fcst\u00fc Kurultay&#8221; \u00e7a\u011fr\u0131lar\u0131yla ilgili olarak, &#8220;S\u00f6z konusu giri\u015fimin arkas\u0131nda, Milliyet\u00e7i Hareket Partisi&#8217;ni sanal ve yapay s\u00fcre\u00e7lerle me\u015fgul etmek, kronik bunal\u0131m partileri gibi hiziple\u015ftirerek g\u00f6zden d\u00fc\u015f\u00fcrmek, liderinde ve y\u00f6neticilerinde itibar kayb\u0131na yol a\u00e7mak ve en \u00f6nemlisi giderek tehlikeye s\u00fcr\u00fcklenen \u00fclkemizin \u00f6n\u00fcndeki en b\u00fcy\u00fck milli diren\u00e7 kuvvetini zay\u0131flatmak yatmaktad\u0131r&#8221; dedi.<\/p>\n<p style=\"text-align: justify;\">MHP Genel Merkezi\u2019nden yap\u0131lan yaz\u0131l\u0131 a\u00e7\u0131klamaya g\u00f6re, Bah\u00e7eli, partisinin 9. Ola\u011fan Kurultay s\u00fcreciyle ilgili olarak yay\u0131mlad\u0131\u011f\u0131 genelgede, k\u0131rk\u0131nc\u0131 kurulu\u015f y\u0131l\u0131n\u0131 kutlayan MHP\u2019nin, 2009 y\u0131l\u0131 sonbahar aylar\u0131nda ger\u00e7ekle\u015fmesi planlanan 9. Ola\u011fan B\u00fcy\u00fck Kurultay s\u00fcrecinin, 18 Nisan 2009 tarihinde yap\u0131lan Merkez Y\u00f6netim Kurulu Karar\u0131 ile ba\u015flad\u0131\u011f\u0131n\u0131 bildirdi.<!--more--><\/p>\n<p style=\"text-align: justify;\">Ola\u011fan B\u00fcy\u00fck Kurultay\u2019a, Temmuz ay\u0131 sonuna kadar il\u00e7e kongrelerinin, Ekim ay\u0131 sonuna kadar ise il kongrelerinin tamamlanarak gidilece\u011fini belirten Bah\u00e7eli, \u015funlar\u0131 kaydetti:<\/p>\n<p style=\"text-align: justify;\">&#8220;Bu siyasal s\u00fcrece uygun olarak yap\u0131lmaya ba\u015flanan il\u00e7e kongreleri ve m\u00fcteakiben yap\u0131lacak il kongreleriyle partimizin y\u00f6netimine talip dava arkada\u015flar\u0131m\u0131z, demokratik bir yar\u0131\u015fma ortam\u0131nda, yasal mevzuat ve parti t\u00fcz\u00fc\u011f\u00fc gere\u011fince mensuplar\u0131m\u0131z taraf\u0131ndan belirlenecektir.<\/p>\n<p style=\"text-align: justify;\">Hi\u00e7bir dayatma, telkin ve engele ald\u0131rmadan mecras\u0131nda ilerleyecek olan bu s\u00fcrecin nihayetinde ortaya \u00e7\u0131kacak irade, MHP\u2019yi yeni 40 y\u0131llara ta\u015f\u0131yacak isimleri ve T\u00fcrkiye\u2019nin a\u011f\u0131r sorunlar\u0131na \u00e7\u00f6z\u00fcm i\u00e7in elini ta\u015f\u0131n alt\u0131na koyacak kadrolar\u0131 belirleyecektir.<\/p>\n<p style=\"text-align: justify;\">Bu a\u00e7\u0131dan, \u00fclkemizin ve milletimizin kurtulu\u015fu ve y\u00fckseli\u015fi yolunda hangi seviyede olursa olsun, parti te\u015fkilat\u0131m\u0131zda g\u00f6rev almak isteyen her arkada\u015f\u0131m\u0131za, partimizin y\u00f6netiminde s\u00f6z sahibi olmak gibi \u015ferefli bir hizmete talip olan herkese kap\u0131lar\u0131m\u0131z sonuna kadar a\u00e7\u0131kt\u0131r.<\/p>\n<p style=\"text-align: justify;\">Bu demokratik y\u00f6netim imkan\u0131, MHP\u2019nin \u00fcyesi olan her partilinin, hem en do\u011fal hakk\u0131 hem de ki\u015filere de\u011fil ilkelere ba\u011fl\u0131 siyaset k\u00fclt\u00fcr\u00fcn\u00fcn yerle\u015fmesinde \u00f6nc\u00fc olacak demokratik y\u00f6neticiler yeti\u015ftirme vas\u0131tas\u0131 olarak g\u00f6r\u00fclmelidir.<\/p>\n<p style=\"text-align: justify;\">Ge\u00e7mi\u015fte ya\u015fad\u0131\u011f\u0131m\u0131z siyasal rekabetlerin hepsi demokratik bir olgunluk i\u00e7inde ve talip olunan g\u00f6revlerin ihtiya\u00e7 duydu\u011fu mazi ve liyakate sahip de\u011ferli adaylar aras\u0131nda ge\u00e7mi\u015ftir. \u0130ftiharla s\u00f6ylemek gerekirse bug\u00fcn sahip oldu\u011fumuz maddi ve manevi b\u00fcy\u00fck birikim, 1969\u2019dan bu yana partimizin y\u00f6netiminde bulunmu\u015f \u00e7ok de\u011ferli kadrolar\u0131n m\u00fccadelesinin, fedakarl\u0131\u011f\u0131n\u0131n, \u00e7al\u0131\u015fmas\u0131n\u0131n, sadakatinin eseridir. MHP\u2019yi bug\u00fcn halk\u0131m\u0131z\u0131n nazar\u0131nda ula\u015ft\u0131\u011f\u0131 g\u00fcvenilir ve erdemli \u00e7izgisine getiren ve milletimizin takdirine mazhar k\u0131lan hasleti g\u00fcnl\u00fck siyasetin kirlili\u011finden uzak duran ilkeli ve k\u0131r\u0131lmayan \u00e7izgisinde aranmal\u0131d\u0131r.&#8221;<\/p>\n<p style=\"text-align: justify;\"><strong>&#8220;\u00dc\u00c7 H\u0130LALE G\u00d6N\u00dcL VEREN HERKES KISIR G\u0130R\u0130\u015e\u0130MLERDEN UZAK DURMALI&#8221;<\/strong><\/p>\n<p style=\"text-align: justify;\">Bah\u00e7eli, MHP\u2019nin \u015ferefli ge\u00e7mi\u015finde \u015fahit olunmayan siyasal oyunlardan, toplumun MHP\u2019ye olan g\u00fcvenini sarsacak i\u00e7 siyasi tart\u0131\u015fmalardan, k\u0131s\u0131r ve sonu\u00e7suz giri\u015fimlerden uzak durman\u0131n, \u00fc\u00e7 hilale g\u00f6n\u00fcl vermi\u015f herkesin sorumlulu\u011fu oldu\u011funu ifade etti.<\/p>\n<p style=\"text-align: justify;\">MHP\u2019nin duru\u015fu ve tutumunun, &#8220;\u00e7\u00f6z\u00fclmeye \u00e7al\u0131\u015f\u0131lan milli birlik ve kimli\u011fin&#8221; en \u00f6nemli g\u00fcvencesi, milli devlet yap\u0131s\u0131n\u0131n devam\u0131n\u0131n en sa\u011flam dayana\u011f\u0131 oldu\u011funu vurgulayan Bah\u00e7eli, &#8220;MHP\u2019nin, milli meselelerde yerinde, zaman\u0131nda etkili \u00e7\u0131k\u0131\u015f ve tav\u0131rlar\u0131, milli heyecana sahip mensuplar\u0131n\u0131 sokaklardan uzak tutan koruyucu anlay\u0131\u015f\u0131, karde\u015f kavgas\u0131na itilmek istenen T\u00fcrk milletinin birli\u011fini savunmas\u0131ndaki \u0131srar ve inanc\u0131n\u0131n, T\u00fcrkiye \u00fczerindeki kara emellerin \u00f6n\u00fcndeki en \u00f6nemli engel oldu\u011funu belirtti.<\/p>\n<p style=\"text-align: justify;\">Ola\u011fan B\u00fcy\u00fck Kurultay\u2019\u0131n, 6 ay i\u00e7inde ger\u00e7ekle\u015fece\u011finin bilinmesine ra\u011fmen aralar\u0131nda MHP\u2019li baz\u0131 \u00fcyelerin de oldu\u011fu &#8220;Ola\u011fan\u00fcst\u00fc Kurultay&#8221; \u00e7a\u011fr\u0131s\u0131n\u0131n hukuki kanallardan partiye ula\u015ft\u0131r\u0131ld\u0131\u011f\u0131n\u0131 bildiren Bah\u00e7eli, \u015f\u00f6yle devam etti:<\/p>\n<p style=\"text-align: justify;\">&#8220;Bu talep, ya\u015fanan siyasi geli\u015fmelerle beraber yorumland\u0131\u011f\u0131nda yaln\u0131zca demokratik bir hakk\u0131n kullan\u0131m\u0131 ve tasarrufu olarak g\u00f6rmek T\u00fcrkiye\u2019yi ve partimizin yerini ve \u00f6nemini bilmemek olacakt\u0131r.<\/p>\n<p style=\"text-align: justify;\">Herkesin ete\u011findeki ta\u015flar\u0131 d\u00f6kece\u011fi, her t\u00fcrl\u00fc d\u00fc\u015f\u00fcncesini a\u00e7\u0131klayaca\u011f\u0131 veya ele\u015ftirisini getirece\u011fi demokratik imkan ve ortam, yakla\u015fan 9. Ola\u011fan B\u00fcy\u00fck Kurultay\u2019da zaten mevcuttur.<\/p>\n<p style=\"text-align: justify;\">Bu itibarla, s\u00f6z konusu giri\u015fimin arkas\u0131nda, Milliyet\u00e7i Hareket Partisi\u2019ni sanal ve yapay s\u00fcre\u00e7lerle me\u015fgul etmek, kronik bunal\u0131m partileri gibi hiziple\u015ftirerek g\u00f6zden d\u00fc\u015f\u00fcrmek, liderinde ve y\u00f6neticilerinde itibar kayb\u0131na yol a\u00e7mak ve en \u00f6nemlisi giderek tehlikeye s\u00fcr\u00fcklenen \u00fclkemizin \u00f6n\u00fcndeki en b\u00fcy\u00fck milli diren\u00e7 kuvvetini zay\u0131flatmak yatmaktad\u0131r.<\/p>\n<p style=\"text-align: justify;\">\u0130\u015flemeye ba\u015flam\u0131\u015f bir demokratik s\u00fcre\u00e7te kararlar\u0131n\u0131 h\u00fcr iradeleri ile veren mensuplar\u0131m\u0131za olan derin g\u00fcvensizli\u011fin, tercihlerine olan ku\u015fkulu yakla\u015f\u0131m\u0131n ve onlar\u0131 k\u00fc\u00e7\u00fcmseyici bu anlay\u0131\u015f\u0131n \u00f6ncelikle aziz dava arkada\u015flar\u0131m taraf\u0131ndan reddedilece\u011finden asla ku\u015fkum yoktur.<\/p>\n<p style=\"text-align: justify;\">Bu ve benzer nafile talep ve oyunlar\u0131n Milliyet\u00e7i Hareket Partisi\u2019nde ve mensuplar\u0131nda yank\u0131 ve cevap bulmas\u0131, kar\u015f\u0131l\u0131k g\u00f6rmesi asla m\u00fcmk\u00fcn olmayacakt\u0131r.&#8221;<\/p>\n<p style=\"text-align: justify;\"><strong>&#8220;MHP, SORUMLULU\u011eUNU LAYIKIYLA TA\u015eIYACAK Y\u00d6NET\u0130C\u0130LER\u0130N\u0130 SE\u00c7ECEKT\u0130R&#8221;<\/strong><\/p>\n<p style=\"text-align: justify;\">Parti mensuplar\u0131n\u0131n ve k\u00f6kl\u00fc siyasi birikimlerinin k\u0131s\u0131r ve basit hesaplar ile ki\u015fisel emeller u\u011fruna israf edilmelerine g\u00f6z yummayacaklar\u0131n\u0131 ifade eden Bah\u00e7eli, &#8220;\u0130lelebet ya\u015fayaca\u011f\u0131na y\u00fcrekten inand\u0131\u011f\u0131m\u0131z b\u00fcy\u00fck T\u00fcrk milleti var olduk\u00e7a, varl\u0131\u011f\u0131n\u0131 s\u00fcrd\u00fcrecek olan MHP, milli ahlak de\u011ferlerini ve g\u00f6revin sorumlulu\u011funu lay\u0131k\u0131yla ta\u015f\u0131yabilecek y\u00f6neticilerini, bu niteliklere haiz \u00e7ok say\u0131da aday aras\u0131ndan g\u00f6n\u00fcl rahatl\u0131\u011f\u0131 se\u00e7meye devam edecektir&#8221; dedi.<\/p>\n<p style=\"text-align: justify;\">Bah\u00e7eli, partisinin ve partililerinin k\u0131rk y\u0131ll\u0131k siyasal tecr\u00fcbesi, sahip olduklar\u0131 y\u00fcksek ahlak ve sorumluluk duygusunun, tuzak ve hilelere kar\u015f\u0131 uyan\u0131k duru\u015flar\u0131 ve tesirlerden uzak duran ba\u011f\u0131ms\u0131z karar verme \u015fuurlar\u0131n\u0131n bu defa da ger\u00e7ekle\u015fece\u011fini, &#8220;hak pe\u015findeki&#8221; m\u00fccadelelerinin sonunda m\u00fckafatlanaca\u011f\u0131n\u0131 belirtti.<\/p>\n<p style=\"text-align: justify;\"><span style=\"color: #888888;\">Kaynak : Radikal<\/span><\/p>\n","protected":false},"excerpt":{"rendered":"<\/p>\n<p style=\"text-align: justify;\">MHP Genel Ba\u015fkan\u0131 Devlet Bah\u00e7eli, partisinde &#8220;Ola\u011fan\u00fcst\u00fc Kurultay&#8221; \u00e7a\u011fr\u0131lar\u0131yla ilgili olarak, &#8220;S\u00f6z konusu giri\u015fimin arkas\u0131nda, Milliyet\u00e7i Hareket Partisi&#8217;ni sanal ve yapay s\u00fcre\u00e7lerle me\u015fgul etmek, kronik bunal\u0131m partileri gibi hiziple\u015ftirerek g\u00f6zden d\u00fc\u015f\u00fcrmek, liderinde ve y\u00f6neticilerinde itibar kayb\u0131na yol a\u00e7mak ve en \u00f6nemlisi giderek tehlikeye s\u00fcr\u00fcklenen \u00fclkemizin \u00f6n\u00fcndeki en b\u00fcy\u00fck milli diren\u00e7 kuvvetini <\/p>\n","protected":false},"author":1,"featured_media":0,"comment_status":"open","ping_status":"closed","sticky":false,"template":"","format":"standard","meta":{"footnotes":""},"categories":[105],"tags":[],"class_list":["post-10014","post","type-post","status-publish","format-standard","hentry","category-gundem","odd"],"_links":{"self":[{"href":"http:\/\/www.korhanyilmaz.com\/index.php?rest_route=\/wp\/v2\/posts\/10014","targetHints":{"allow":["GET"]}}],"collection":[{"href":"http:\/\/www.korhanyilmaz.com\/index.php?rest_route=\/wp\/v2\/posts"}],"about":[{"href":"http:\/\/www.korhanyilmaz.com\/index.php?rest_route=\/wp\/v2\/types\/post"}],"author":[{"embeddable":true,"href":"http:\/\/www.korhanyilmaz.com\/index.php?rest_route=\/wp\/v2\/users\/1"}],"replies":[{"embeddable":true,"href":"http:\/\/www.korhanyilmaz.com\/index.php?rest_route=%2Fwp%2Fv2%2Fcomments&post=10014"}],"version-history":[{"count":0,"href":"http:\/\/www.korhanyilmaz.com\/index.php?rest_route=\/wp\/v2\/posts\/10014\/revisions"}],"wp:attachment":[{"href":"http:\/\/www.korhanyilmaz.com\/index.php?rest_route=%2Fwp%2Fv2%2Fmedia&parent=10014"}],"wp:term":[{"taxonomy":"category","embeddable":true,"href":"http:\/\/www.korhanyilmaz.com\/index.php?rest_route=%2Fwp%2Fv2%2Fcategories&post=10014"},{"taxonomy":"post_tag","embeddable":true,"href":"http:\/\/www.korhanyilmaz.com\/index.php?rest_route=%2Fwp%2Fv2%2Ftags&post=10014"}],"curies":[{"name":"wp","href":"https:\/\/api.w.org\/{rel}","templated":true}]}}