{"id":10003,"date":"2009-06-12T10:25:26","date_gmt":"2009-06-12T07:25:26","guid":{"rendered":"http:\/\/www.korhanyilmaz.com\/?p=10003"},"modified":"2009-06-12T10:25:26","modified_gmt":"2009-06-12T07:25:26","slug":"taraftan-yeni-bomba","status":"publish","type":"post","link":"http:\/\/www.korhanyilmaz.com\/?p=10003","title":{"rendered":"Taraf&#039;tan &#039;AKP ve G\u00fclen&#039;i bitirme plan\u0131&#039; man\u015feti"},"content":{"rendered":"<p style=\"text-align: justify;\"><img loading=\"lazy\" decoding=\"async\" class=\"aligncenter size-full wp-image-10004\" src=\"http:\/\/www.korhanyilmaz.com\/wp-content\/uploads\/2009\/06\/120620091025268159159.jpg\" alt=\"\" width=\"193\" height=\"102\" \/><\/p>\n<p style=\"text-align: justify;\"><strong><br \/>\n <\/strong><\/p>\n<p style=\"text-align: justify;\"><strong>Yeni Ergenekon iddianamesine girmesi beklenen Nisan 2009 tarihli ve &#8216;Dr. Dz. P. Kur. Kd. Albay Dursun \u00c7i\u00e7ek&#8217; imzal\u0131 skandal bir ordu belgesi ortaya \u00e7\u0131kt\u0131.<\/strong><\/p>\n<p style=\"text-align: justify;\">K\u0131demli Albay Dursun \u00c7i\u00e7ek imzal\u0131 plan, Psikolojik Harp Dairesi&#8217;nin yeni ad\u0131 olan Genelkurmay Harekat Ba\u015fkanl\u0131\u011f\u0131 3. Destek \u015eube M\u00fcd\u00fcrl\u00fc\u011f\u00fc&#8217;nde haz\u0131rlanm\u0131\u015f.<\/p>\n<p style=\"text-align: justify;\">Plan Ergenekon&#8217;da tutuklanan Serdar \u00d6zt\u00fcrk&#8217;\u00fcn ofisinde ele ge\u00e7irildi. Emekli Y\u00fczba\u015f\u0131 \u00d6zt\u00fcrk, Devlet \u00dcst\u00fcn Hizmet Madalyas\u0131&#8217;n\u0131 iade etmesiyle g\u00fcndeme gelmi\u015fti. <!--more--><\/p>\n<p style=\"text-align: justify;\"><strong>\u0130RT\u0130CAYLA M\u00dcCADELE EYLEM PLANI <\/strong><\/p>\n<p style=\"text-align: justify;\">Deniz Kurmay Albay \u00c7i\u00e7ek imzal\u0131, &#8220;gizli&#8221; ibareli &#8220;irticayla M\u00fccadele Eylem Plan\u0131,&#8221; h\u00fck\u00fcmeti ve Fethullah G\u00fclen cemaatinin, ba\u015fta ordu i\u00e7indekiler olmak \u00fczere, b\u00fct\u00fcn mensuplar\u0131n\u0131 hedef al\u0131yor.<\/p>\n<p style=\"text-align: justify;\"><strong>&#8220;\u0130SLAM DEVLET\u0130 KURACAKLAR&#8221; \u0130DD\u0130ASI <\/strong><\/p>\n<p style=\"text-align: justify;\">Plan\u0131n &#8220;\u0130cra&#8221; b\u00f6l\u00fcm\u00fcnde \u015f\u00f6yle deniyor: Laik d\u00fczeni y\u0131k\u0131p \u0130slam devleti kurma hayalindeki AKP h\u00fck\u00fcmeti ve G\u00fclen grubu ba\u015fta, dini olu\u015fumlar\u0131n faaliyetlerine son vermek i\u00e7in \u00e7al\u0131\u015f\u0131lacakt\u0131r.<\/p>\n<p style=\"text-align: justify;\"><strong>ERGENEKON DAVASINA M\u0130S\u0130LLEME <\/strong><\/p>\n<p style=\"text-align: justify;\">D\u00f6rt sayfal\u0131k plan\u0131n &#8220;Durum&#8221; b\u00f6l\u00fcm\u00fcnde, &#8220;Ergenekon ad\u0131 alt\u0131nda, TSK&#8217;ya b\u00fcy\u00fck eme\u011fi ge\u00e7mi\u015f emekli ve muvazzaf askeri personel yersiz ithamlarla lekelenmektedir.&#8221; saptamas\u0131 var.<\/p>\n<p style=\"text-align: justify;\"><strong>\u0130\u015eTE EYLEM PLANI <\/strong><\/p>\n<p style=\"text-align: justify;\"><strong>1- Harekete Ge\u00e7ilecek <\/strong><\/p>\n<p style=\"text-align: justify;\">Plan\u0131n son b\u00f6l\u00fcm\u00fc, AKP&#8217;nin par\u00e7alanmas\u0131na d\u00f6n\u00fck \u015fu \u00e7arp\u0131c\u0131 c\u00fcmle ile bitiyor: AKP mensubu kilit haberle\u015fmecilere kamuoyuna \u00e7eli\u015fkili a\u00e7\u0131klamalar yapt\u0131r\u0131larak parti-h\u00fck\u00fcmet i\u00e7erisinde ciddi anla\u015fmazl\u0131k ve b\u00f6l\u00fcnmeler ya\u015fan\u0131yormu\u015f \u015feklinde alg\u0131lanmas\u0131 sa\u011flanacakt\u0131r.<\/p>\n<p style=\"text-align: justify;\"><strong>2- Ergenekon San\u0131\u011f\u0131 Olan Subaylar Savunulacak <\/strong><\/p>\n<p style=\"text-align: justify;\">Ergenekon Davas\u0131&#8217;nda san\u0131k konumundaki emekli ya da muvazzaf askerlere sahip \u00e7\u0131k\u0131laca\u011f\u0131 belirtilen planda &#8220;S\u00f6zkonusu TSK personelinin masum oldu\u011fu, irticayla etkin \u015fekilde m\u00fccadele ettikleri i\u00e7in \u00fczerlerine iftira at\u0131ld\u0131\u011f\u0131 \u015feklinde haberler yapt\u0131r\u0131lacak, gerekli hassasiyet sa\u011flanacak&#8221;deniyor.<\/p>\n<p style=\"text-align: justify;\"><strong>3- Milliyet\u00e7i Partilerin Taban\u0131 Geni\u015fletilecek <\/strong><\/p>\n<p style=\"text-align: justify;\">Ermenistan ve Yunanistan ile ili\u015fkilere de de\u011finen planda, iki \u00fclke ile ilgili kamuoyunda tepki uyand\u0131racak haberlere yaz\u0131l\u0131 ve g\u00f6rsel medyada s\u00fcrekli yer verilmesi hedefleniyor. Ama\u00e7 \u015f\u00f6yle anlat\u0131l\u0131yor: Milliyet\u00e7i partilerin bu \u015fekilde taban\u0131 geni\u015fletilmeli, AKP kamuoyunda zora d\u00fc\u015fmeli&#8230;<\/p>\n<p style=\"text-align: justify;\"><strong>4- Kurtlar Vadisi&#8217;nin \u0130maj\u0131 Kirletilecek <\/strong><\/p>\n<p style=\"text-align: justify;\">Ordunun eylem plan\u0131nda Kurtlar Vadisi dizisi, Kollama ve Tek T\u00fcrkiye benzeri dizilerin kamuoyunu yanl\u0131\u015f y\u00f6nlendirdi\u011fi ifade ediliyor: &#8220;Bu diziler hakk\u0131nda olumsuz haberler yapt\u0131r\u0131larak her \u00fc\u00e7\u00fcn\u00fcn de kamuoyundaki g\u00fcvenilirli\u011finin yitirilmesi sa\u011flanlad\u0131l\u0131r.&#8221;<\/p>\n<p style=\"text-align: justify;\"><strong>FETHULLAH\u00c7ILARDA S\u0130LAH YAKALANMASI SA\u011eLANACAK <\/strong><\/p>\n<p style=\"text-align: justify;\">Plan\u0131n &#8220;Faaliyet&#8221; b\u00f6l\u00fcm\u00fc: I\u015f\u0131k Evleri&#8217;nde silah ve m\u00fchimmat bulunmas\u0131 sa\u011flanarak G\u00fclen cemaati &#8220;silahl\u0131 ter\u00f6r \u00f6rg\u00fct\u00fc&#8221; ilan edilecek.<\/p>\n<p style=\"text-align: justify;\"><strong>&#8220;FST\u00d6 OLARAK YARGILANACAKLAR <\/strong><\/p>\n<p style=\"text-align: justify;\">Ordu, &#8220;G\u00fclen cemaatinin, I\u015f\u0131k Evleri bask\u0131nlar\u0131nda bulunmas\u0131 sa\u011flanacak silah ve m\u00fchimmat sayesinde, Fethullah\u00e7\u0131 Silahl\u0131 Ter\u00f6r \u00d6rg\u00fct\u00fc olarak yarg\u0131lanmas\u0131n\u0131&#8221; hedefliyor<\/p>\n<p style=\"text-align: justify;\"><strong>TASF\u0130YE VE KARALAMA FAAL\u0130YET\u0130 <\/strong><\/p>\n<p style=\"text-align: justify;\">Planda, G\u00fclen cemaatinin PKK ile i\u015fbirli\u011fi yapt\u0131\u011f\u0131; CIA, MOSSAD gibi kurulu\u015flarla ili\u015fkide oldu\u011fu ve Ergenekon Davas\u0131&#8217;n\u0131 y\u00f6netti\u011fi izlenimini yaratma ama\u00e7l\u0131 eylemler var.<\/p>\n<p style=\"text-align: justify;\"><strong>MEDYADA HER T\u00dcRL\u00dc KARA PROPAGANDA YAPILACAK <\/strong><\/p>\n<p style=\"text-align: justify;\">Plan\u0131n &#8220;Kara Propaganda Faaliyetleri&#8221; b\u00f6l\u00fcm\u00fcnde \u015fu c\u00fcmleler yer al\u0131yor: &#8220;\u0130nternetteki ses kay\u0131tlar\u0131 irticac\u0131lar taraf\u0131ndan yay\u0131nlanm\u0131\u015f gibi g\u00f6sterilecek. Ama dinleyenlerin bizi hakl\u0131 bulaca\u011f\u0131 tarzda ses kay\u0131tlar\u0131 d\u00fczenlenecek.&#8221; Planda ayr\u0131ca \u0130skender Evreneso\u011flu gibi isimlerin kullan\u0131lmas\u0131, Milli E\u011fitim Bakan\u0131&#8217;n\u0131n y\u0131prat\u0131lmas\u0131 da var.<\/p>\n<p style=\"text-align: justify;\"><span style=\"color: #888888;\">Kaynak : Bug\u00fcn<\/span><\/p>\n","protected":false},"excerpt":{"rendered":"<p style=\"text-align: justify;\">\n<p style=\"text-align: justify;\">\n<p style=\"text-align: justify;\">Yeni Ergenekon iddianamesine girmesi beklenen Nisan 2009 tarihli ve &#8216;Dr. Dz. P. Kur. Kd. Albay Dursun \u00c7i\u00e7ek&#8217; imzal\u0131 skandal bir ordu belgesi ortaya \u00e7\u0131kt\u0131.<\/p>\n<p style=\"text-align: justify;\">K\u0131demli Albay Dursun \u00c7i\u00e7ek imzal\u0131 plan, Psikolojik Harp Dairesi&#8217;nin yeni ad\u0131 olan Genelkurmay Harekat Ba\u015fkanl\u0131\u011f\u0131 3. Destek \u015eube M\u00fcd\u00fcrl\u00fc\u011f\u00fc&#8217;nde haz\u0131rlanm\u0131\u015f.<\/p>\n","protected":false},"author":1,"featured_media":0,"comment_status":"open","ping_status":"closed","sticky":false,"template":"","format":"standard","meta":{"footnotes":""},"categories":[105],"tags":[],"class_list":["post-10003","post","type-post","status-publish","format-standard","hentry","category-gundem","odd"],"_links":{"self":[{"href":"http:\/\/www.korhanyilmaz.com\/index.php?rest_route=\/wp\/v2\/posts\/10003","targetHints":{"allow":["GET"]}}],"collection":[{"href":"http:\/\/www.korhanyilmaz.com\/index.php?rest_route=\/wp\/v2\/posts"}],"about":[{"href":"http:\/\/www.korhanyilmaz.com\/index.php?rest_route=\/wp\/v2\/types\/post"}],"author":[{"embeddable":true,"href":"http:\/\/www.korhanyilmaz.com\/index.php?rest_route=\/wp\/v2\/users\/1"}],"replies":[{"embeddable":true,"href":"http:\/\/www.korhanyilmaz.com\/index.php?rest_route=%2Fwp%2Fv2%2Fcomments&post=10003"}],"version-history":[{"count":0,"href":"http:\/\/www.korhanyilmaz.com\/index.php?rest_route=\/wp\/v2\/posts\/10003\/revisions"}],"wp:attachment":[{"href":"http:\/\/www.korhanyilmaz.com\/index.php?rest_route=%2Fwp%2Fv2%2Fmedia&parent=10003"}],"wp:term":[{"taxonomy":"category","embeddable":true,"href":"http:\/\/www.korhanyilmaz.com\/index.php?rest_route=%2Fwp%2Fv2%2Fcategories&post=10003"},{"taxonomy":"post_tag","embeddable":true,"href":"http:\/\/www.korhanyilmaz.com\/index.php?rest_route=%2Fwp%2Fv2%2Ftags&post=10003"}],"curies":[{"name":"wp","href":"https:\/\/api.w.org\/{rel}","templated":true}]}}