{"id":10000,"date":"2009-06-12T11:31:53","date_gmt":"2009-06-12T08:31:53","guid":{"rendered":"http:\/\/www.korhanyilmaz.com\/?p=10000"},"modified":"2009-06-12T11:31:53","modified_gmt":"2009-06-12T08:31:53","slug":"tskdan-taraf-aciklamasi","status":"publish","type":"post","link":"http:\/\/www.korhanyilmaz.com\/?p=10000","title":{"rendered":"Taraf&#039;a savc\u0131l\u0131k soru\u015fturmas\u0131 emri"},"content":{"rendered":"<p><img loading=\"lazy\" decoding=\"async\" class=\"aligncenter size-full wp-image-10012\" src=\"http:\/\/www.korhanyilmaz.com\/wp-content\/uploads\/2009\/06\/fft27_mf188834.Jpeg\" alt=\"\" width=\"322\" height=\"97\" \/><\/p>\n<p style=\"text-align: justify;\"><strong>Genelkurmay Ba\u015fkanl\u0131\u011f\u0131, Taraf gazetesinin &#8220;AKP ve G\u00fclen&#8217;i bitirme plan\u0131&#8221; man\u015fetiyle ilgili askeri savc\u0131l\u0131\u011fa soru\u015fturma emri verdi.<\/strong><\/p>\n<p style=\"text-align: justify;\">Genelkurmay Ba\u015fkanl\u0131\u011f\u0131 \u0130leti\u015fim Daire Ba\u015fkan\u0131 Tu\u011fgeneral Metin G\u00fcrak, bug\u00fcn bir gazetede Genelkurmay Ba\u015fkanl\u0131\u011f\u0131 Harekat Ba\u015fkanl\u0131\u011f\u0131n\u0131n haz\u0131rlad\u0131\u011f\u0131 iddia edilen bir planla ilgili haber ve yorumlara yer verildi\u011fini belirterek, konunun t\u00fcm y\u00f6nleriyle incelenmesi amac\u0131yla Genelkurmay Ba\u015fkanl\u0131\u011f\u0131 Askeri Savc\u0131l\u0131\u011f\u0131na derhal soru\u015fturma emri verildi\u011fini bildirdi.<\/p>\n<p style=\"text-align: justify;\">Tu\u011fgeneral G\u00fcrak, Genelkurmay Ba\u015fkanl\u0131\u011f\u0131 Karargah\u0131\u2019ndaki haftal\u0131k bas\u0131n bilgilendirme toplant\u0131s\u0131nda, gazetecilerin sorular\u0131n\u0131 yan\u0131tlad\u0131.<\/p>\n<p style=\"text-align: justify;\">Tu\u011fgeneral G\u00fcrak, bir soru \u00fczerine &#8220;Bug\u00fcn bir gazetede Genelkurmay Ba\u015fkanl\u0131\u011f\u0131 Harekat Ba\u015fkanl\u0131\u011f\u0131n\u0131n haz\u0131rlad\u0131\u011f\u0131 iddia edilen bir planla ilgili olarak haber ve yorumlara yer verildi\u011fi g\u00f6r\u00fclm\u00fc\u015ft\u00fcr. Konunun t\u00fcm y\u00f6nleriyle incelenmesi maksad\u0131yla Genelkurmay Ba\u015fkanl\u0131\u011f\u0131 Askeri Savc\u0131l\u0131\u011f\u0131na derhal bir soru\u015fturma emri verilmi\u015ftir&#8221; dedi.<!--more--><\/p>\n<p style=\"text-align: justify;\">&#8220;B\u00f6yle bir belgenin varl\u0131\u011f\u0131 m\u0131 soru\u015fturulacak, yoksa nas\u0131l s\u0131zd\u0131\u011f\u0131 konusunu mu?&#8221; sorusu \u00fczerine Tu\u011fgeneral G\u00fcrak, &#8220;Size onunla ilgili a\u00e7\u0131klamam\u0131n o b\u00f6l\u00fcm\u00fcn\u00fc tekrar okuyorum&#8221; diyerek, &#8220;Konunun t\u00fcm y\u00f6nleriyle incelenmesi maksad\u0131yla&#8221; soru\u015fturma emri verildi\u011fini vurgulad\u0131.<\/p>\n<p style=\"text-align: justify;\"><strong>POYRAZK\u00d6Y \u0130LE \u0130LG\u0130L\u0130 B\u0130LG\u0130 VER\u0130LM\u0130\u015eT\u0130<\/strong><\/p>\n<p style=\"text-align: justify;\">Bir gazetecinin Poyrazk\u00f6y\u2019de yap\u0131lan kaz\u0131larda \u00e7\u0131kan silah ve m\u00fchimmat\u0131n cinsine ili\u015fkin tart\u0131\u015fmalar\u0131n devam etti\u011fini hat\u0131rlatmas\u0131 \u00fczerine Tu\u011fgeneral G\u00fcrak, Genelkurmay Ba\u015fkan\u0131 Orgeneral \u0130lker Ba\u015fbu\u011f taraf\u0131ndan 29 Nisanda yap\u0131lan \u0130leti\u015fim Toplant\u0131s\u0131\u2019nda silah ve m\u00fchimmat\u0131n ne anlama geldi\u011fi ve bulunan silah ve m\u00fchimmat\u0131n durumu hakk\u0131nda detayl\u0131 olarak bilgi verildi\u011fini s\u00f6yledi.<\/p>\n<p style=\"text-align: justify;\">Buna ra\u011fmen baz\u0131 bas\u0131n yay\u0131n organlar\u0131nda sanki bu a\u00e7\u0131klama hi\u00e7 yap\u0131lmam\u0131\u015f gibi haber ve yorumlara rastland\u0131\u011f\u0131n\u0131 ifade eden Tu\u011fgeneral G\u00fcrak, &#8220;\u015eu anda bu konulara ili\u015fkin kafas\u0131 kar\u0131\u015f\u0131k olanlara ve kafalar\u0131 kar\u0131\u015ft\u0131ranlara s\u00f6z konusu ileti\u015fim toplant\u0131s\u0131nda verilen bilgileri bir defa daha dikkatle okumalar\u0131n\u0131 tavsiye ederiz&#8221; dedi.<\/p>\n<p style=\"text-align: justify;\">ABD ile anl\u0131k istihbarat payla\u015f\u0131m\u0131n\u0131n s\u00fcr\u00fcp s\u00fcrmedi\u011fine ili\u015fkin soru \u00fczerine Tu\u011fgeneral G\u00fcrak, Genelkurmay Ba\u015fkan\u0131 Orgeneral \u0130lker Ba\u015fbu\u011f\u2019un ABD ziyareti s\u0131ras\u0131nda yapt\u0131\u011f\u0131 a\u00e7\u0131klamalarda bu konulara de\u011findi\u011fini belirterek, &#8220;Herhangi bir problem yok. Devam ediyor&#8221; diye konu\u015ftu.<\/p>\n<p style=\"text-align: justify;\">Tu\u011fgeneral G\u00fcrak, D\u0131\u015fi\u015fleri Bakanl\u0131\u011f\u0131nda Genelkurmay Ba\u015fkanl\u0131\u011f\u0131 Harekat Ba\u015fkan\u0131\u2019n\u0131n da kat\u0131ld\u0131\u011f\u0131 bir toplant\u0131 yap\u0131ld\u0131\u011f\u0131na ili\u015fkin haberlerin bas\u0131na yans\u0131d\u0131\u011f\u0131n\u0131n belirtilmesi \u00fczerine, bu haberde Genelkurmay Ba\u015fkanl\u0131\u011f\u0131 Harekat Ba\u015fkan\u0131\u2019n\u0131n isminin yanl\u0131\u015f yaz\u0131ld\u0131\u011f\u0131n\u0131 ifade ederek, Harekat Ba\u015fkan\u0131\u2019n\u0131n Korgeneral Mehmet Er\u00f6z oldu\u011funu hat\u0131rlatt\u0131. Tu\u011fgeneral G\u00fcrak, konunun D\u0131\u015fi\u015fleri Bakanl\u0131\u011f\u0131na sorulmas\u0131n\u0131n daha uygun olaca\u011f\u0131n\u0131 s\u00f6yledi.<\/p>\n<p style=\"text-align: justify;\">Irak Cumhurba\u015fkan\u0131 Yard\u0131mc\u0131s\u0131 Tar\u0131k El Ha\u015fimi\u2019nin son a\u00e7\u0131klamalar\u0131 ve Irak\u2019la ili\u015fkilerle ilgili sorular \u00fczerine Tu\u011fgeneral G\u00fcrak, Genelkurmay Ba\u015fkan\u0131 Orgeneral Ba\u015fbu\u011f\u2019un ABD\u2019ye yapt\u0131\u011f\u0131 ziyarette d\u00fczenledi\u011fi bas\u0131n toplant\u0131s\u0131nda bu konulara ili\u015fkin a\u00e7\u0131klamalar\u0131 detayl\u0131 bir \u015fekilde yapt\u0131\u011f\u0131n\u0131 kaydetti.<\/p>\n<p style=\"text-align: justify;\"><span style=\"color: #888888;\">Kaynak : Radikal<\/span><\/p>\n","protected":false},"excerpt":{"rendered":"<\/p>\n<p style=\"text-align: justify;\">Genelkurmay Ba\u015fkanl\u0131\u011f\u0131, Taraf gazetesinin &#8220;AKP ve G\u00fclen&#8217;i bitirme plan\u0131&#8221; man\u015fetiyle ilgili askeri savc\u0131l\u0131\u011fa soru\u015fturma emri verdi.<\/p>\n<p style=\"text-align: justify;\">Genelkurmay Ba\u015fkanl\u0131\u011f\u0131 \u0130leti\u015fim Daire Ba\u015fkan\u0131 Tu\u011fgeneral Metin G\u00fcrak, bug\u00fcn bir gazetede Genelkurmay Ba\u015fkanl\u0131\u011f\u0131 Harekat Ba\u015fkanl\u0131\u011f\u0131n\u0131n haz\u0131rlad\u0131\u011f\u0131 iddia edilen bir planla ilgili haber ve yorumlara yer verildi\u011fini belirterek, konunun t\u00fcm y\u00f6nleriyle incelenmesi amac\u0131yla Genelkurmay Ba\u015fkanl\u0131\u011f\u0131 <\/p>\n","protected":false},"author":1,"featured_media":0,"comment_status":"open","ping_status":"closed","sticky":false,"template":"","format":"standard","meta":{"footnotes":""},"categories":[105],"tags":[],"class_list":["post-10000","post","type-post","status-publish","format-standard","hentry","category-gundem","odd"],"_links":{"self":[{"href":"http:\/\/www.korhanyilmaz.com\/index.php?rest_route=\/wp\/v2\/posts\/10000","targetHints":{"allow":["GET"]}}],"collection":[{"href":"http:\/\/www.korhanyilmaz.com\/index.php?rest_route=\/wp\/v2\/posts"}],"about":[{"href":"http:\/\/www.korhanyilmaz.com\/index.php?rest_route=\/wp\/v2\/types\/post"}],"author":[{"embeddable":true,"href":"http:\/\/www.korhanyilmaz.com\/index.php?rest_route=\/wp\/v2\/users\/1"}],"replies":[{"embeddable":true,"href":"http:\/\/www.korhanyilmaz.com\/index.php?rest_route=%2Fwp%2Fv2%2Fcomments&post=10000"}],"version-history":[{"count":0,"href":"http:\/\/www.korhanyilmaz.com\/index.php?rest_route=\/wp\/v2\/posts\/10000\/revisions"}],"wp:attachment":[{"href":"http:\/\/www.korhanyilmaz.com\/index.php?rest_route=%2Fwp%2Fv2%2Fmedia&parent=10000"}],"wp:term":[{"taxonomy":"category","embeddable":true,"href":"http:\/\/www.korhanyilmaz.com\/index.php?rest_route=%2Fwp%2Fv2%2Fcategories&post=10000"},{"taxonomy":"post_tag","embeddable":true,"href":"http:\/\/www.korhanyilmaz.com\/index.php?rest_route=%2Fwp%2Fv2%2Ftags&post=10000"}],"curies":[{"name":"wp","href":"https:\/\/api.w.org\/{rel}","templated":true}]}}